{"id":10264,"date":"2022-12-02T16:56:20","date_gmt":"2022-12-02T21:56:20","guid":{"rendered":"https:\/\/xn--huracnpolmicocancnquintanaroo-knc6wmu.com\/?p=10264"},"modified":"2022-12-02T21:56:22","modified_gmt":"2022-12-02T21:56:22","slug":"cancun-nos-une-esta-navidad-ana-patricia-peralta","status":"publish","type":"post","link":"https:\/\/xn--huracnpolmicocancnquintanaroo-knc6wmu.com\/?p=10264","title":{"rendered":"CANC\u00daN NOS UNE ESTA NAVIDAD: ANA PATRICIA PERALTA"},"content":{"rendered":"<p>La Presidenta Municipal de Benito Ju\u00e1rez, Ana Patricia Peralta, encabez\u00f3 el arranque de las tradicionales posadas navide\u00f1as, con una calurosa celebraci\u00f3n en la participaron mil 400 vecinos de la supermanzana 103 y colonias aleda\u00f1as, en un alegre ambiente de sana convivencia y unidad entre cancunenses.<\/p>\n<p>&nbsp;<\/p>\n<p>\u201cDe todo coraz\u00f3n quiero desearles una muy feliz Navidad, un pr\u00f3spero a\u00f1o nuevo para este 2023. Hoy 1 de diciembre nos damos cuenta que el tiempo se pasa volando, hay que disfrutarlo, hay que estar en familia. A todas las mam\u00e1s y pap\u00e1s les pido con todo el coraz\u00f3n que les demos siempre a nuestros hijos tiempo de calidad, amor y que les ense\u00f1emos con el ejemplo\u201d, expres\u00f3 la Primera Autoridad durante el primer festival navide\u00f1o \u201cCanc\u00fan nos une esta Navidad\u201d.<\/p>\n<p>&nbsp;<\/p>\n<p>Ante cientos de cancunenses, destac\u00f3 la suma de empresas socialmente responsables que participaron como patrocinadores de las posadas navide\u00f1as, permitiendo llevar la magia de esta celebraci\u00f3n a las diferentes colonias y supermanzanas de Canc\u00fan.<\/p>\n<p>&nbsp;<\/p>\n<p>Los gritos de emoci\u00f3n retumbaron en el domo deportivo de la supermanzana 103, con los shows de payasos que divirtieron a ni\u00f1as, ni\u00f1os, adolescentes y adultos que se congregaron para compartir de un alegre momento con funcionarios municipales, como parte de las festividades decembrinas.<\/p>\n","protected":false},"excerpt":{"rendered":"<p>La Presidenta Municipal de Benito Ju\u00e1rez, Ana Patricia Peralta, encabez\u00f3 el arranque de las tradicionales&#8230;<\/p>\n","protected":false},"author":1,"featured_media":10266,"comment_status":"open","ping_status":"closed","sticky":false,"template":"","format":"standard","meta":{"footnotes":""},"categories":[2,37],"tags":[],"class_list":["post-10264","post","type-post","status-publish","format-standard","has-post-thumbnail","hentry","category-local","category-quintana-roo"],"_links":{"self":[{"href":"https:\/\/xn--huracnpolmicocancnquintanaroo-knc6wmu.com\/index.php?rest_route=\/wp\/v2\/posts\/10264","targetHints":{"allow":["GET"]}}],"collection":[{"href":"https:\/\/xn--huracnpolmicocancnquintanaroo-knc6wmu.com\/index.php?rest_route=\/wp\/v2\/posts"}],"about":[{"href":"https:\/\/xn--huracnpolmicocancnquintanaroo-knc6wmu.com\/index.php?rest_route=\/wp\/v2\/types\/post"}],"author":[{"embeddable":true,"href":"https:\/\/xn--huracnpolmicocancnquintanaroo-knc6wmu.com\/index.php?rest_route=\/wp\/v2\/users\/1"}],"replies":[{"embeddable":true,"href":"https:\/\/xn--huracnpolmicocancnquintanaroo-knc6wmu.com\/index.php?rest_route=%2Fwp%2Fv2%2Fcomments&post=10264"}],"version-history":[{"count":1,"href":"https:\/\/xn--huracnpolmicocancnquintanaroo-knc6wmu.com\/index.php?rest_route=\/wp\/v2\/posts\/10264\/revisions"}],"predecessor-version":[{"id":10265,"href":"https:\/\/xn--huracnpolmicocancnquintanaroo-knc6wmu.com\/index.php?rest_route=\/wp\/v2\/posts\/10264\/revisions\/10265"}],"wp:featuredmedia":[{"embeddable":true,"href":"https:\/\/xn--huracnpolmicocancnquintanaroo-knc6wmu.com\/index.php?rest_route=\/wp\/v2\/media\/10266"}],"wp:attachment":[{"href":"https:\/\/xn--huracnpolmicocancnquintanaroo-knc6wmu.com\/index.php?rest_route=%2Fwp%2Fv2%2Fmedia&parent=10264"}],"wp:term":[{"taxonomy":"category","embeddable":true,"href":"https:\/\/xn--huracnpolmicocancnquintanaroo-knc6wmu.com\/index.php?rest_route=%2Fwp%2Fv2%2Fcategories&post=10264"},{"taxonomy":"post_tag","embeddable":true,"href":"https:\/\/xn--huracnpolmicocancnquintanaroo-knc6wmu.com\/index.php?rest_route=%2Fwp%2Fv2%2Ftags&post=10264"}],"curies":[{"name":"wp","href":"https:\/\/api.w.org\/{rel}","templated":true}]}}