{"id":10339,"date":"2022-12-06T16:51:10","date_gmt":"2022-12-06T21:51:10","guid":{"rendered":"https:\/\/xn--huracnpolmicocancnquintanaroo-knc6wmu.com\/?p=10339"},"modified":"2022-12-06T21:51:13","modified_gmt":"2022-12-06T21:51:13","slug":"por-primera-vez-juntos-iluminamos-cancun-ana-patricia-peralta","status":"publish","type":"post","link":"https:\/\/xn--huracnpolmicocancnquintanaroo-knc6wmu.com\/?p=10339","title":{"rendered":"POR PRIMERA VEZ, JUNTOS ILUMINAMOS CANC\u00daN: ANA PATRICIA PERALTA"},"content":{"rendered":"<p>Encienden Presidenta Municipal y Gobernadora decoraci\u00f3n navide\u00f1a en Canc\u00fan, en Palacio Municipal y siete sitios emblem\u00e1ticos de la ciudad.<\/p>\n<div id=\"fws_638f903e227a1\" class=\"wpb_row vc_row-fluid vc_row standard_section \" data-column-margin=\"default\" data-midnight=\"dark\" data-bg-mobile-hidden=\"\">\n<div class=\"col span_12 dark left\">\n<div class=\"vc_col-sm-12 wpb_column column_container vc_column_container col padding-2-percent instance-1\" data-using-bg=\"true\" data-t-w-inherits=\"default\" data-border-radius=\"none\" data-shadow=\"none\" data-border-animation=\"\" data-border-animation-delay=\"\" data-border-width=\"none\" data-border-style=\"solid\" data-border-color=\"\" data-bg-cover=\"\" data-padding-pos=\"left-right\" data-has-bg-color=\"true\" data-bg-color=\"#ffffff\" data-bg-opacity=\"1\" data-hover-bg=\"\" data-hover-bg-opacity=\"1\" data-animation=\"\" data-delay=\"0\">\n<div class=\"vc_column-inner\">\n<div class=\"wpb_wrapper\">\n<div class=\"wpb_text_column wpb_content_element  texto-noticia\">\n<div class=\"wpb_wrapper\">\n<p>Por primera vez en Canc\u00fan, con la suma de esfuerzos de la iniciativa privada y gobierno, la Presidenta Municipal, Ana Patricia Peralta, junto con la gobernadora Mara Lezama, encabezaron el encendido de siete glorietas y puntos emblem\u00e1ticos de Canc\u00fan, as\u00ed como del tradicional \u00e1rbol navide\u00f1o en la Plaza de la Reforma, que fueron iluminados para llenar de luz cada zona de la ciudad.<\/p>\n<p>&nbsp;<\/p>\n<p>\u201cHoy, Canc\u00fan nos une y nos convoca a celebrar juntos, en un ambiente de luz, de paz, de ilusi\u00f3n y de esperanza. A partir de hoy las principales glorietas de nuestra ciudad est\u00e1n iluminadas para contagiarnos de ese esp\u00edritu de amor y armon\u00eda adem\u00e1s de embellecer nuestras avenidas\u201d, afirm\u00f3 en el arranque de la actividad.<\/p>\n<p>&nbsp;<\/p>\n<p>La Presidenta Municipal agradeci\u00f3 a los empresarios que atendieron el llamado a este esfuerzo para mejorar el aspecto de la ciudad, junto con los directores y secretarios benitojuarenses quienes ayudaron a mejorar el aspecto de estos siete puntos que son glorietas, camellones y parques, adicional a las luces navide\u00f1as del Palacio Municipal; como una primera etapa de otros lugares que se han decorado este a\u00f1o como la Villa Navide\u00f1a en el camell\u00f3n de la Av. Industrial en la Supermanzana 95.<\/p>\n<p>&nbsp;<\/p>\n<p>\u201cDebemos festejar, unidos, porque todas y todos somos cancunenses, sin importar si llegamos a esta hermosa tierra hace unos d\u00edas, meses o muchos a\u00f1os. Mostremos al mundo, a trav\u00e9s de la hospitalidad con los turistas, que aqu\u00ed sabemos festejar, compartir, ser solidarios y disfrutar de cada detalle de la vida\u201d, expres\u00f3.<\/p>\n<p>&nbsp;<\/p>\n<p>Para dar inicio a las fiestas decembrinas en Canc\u00fan, despu\u00e9s del encendido del tradicional \u00e1rbol de Navidad en la Plaza de la Reforma y del exterior del Palacio Municipal, la Presidenta Municipal, junto con la Gobernadora, ni\u00f1os de la fundaci\u00f3n Aitana, de la Asociaci\u00f3n Pro Ni\u00f1os Excepcionales A.C. y del jard\u00edn de ni\u00f1os \u201cTumben Be\u201d y sus padres de familia, iniciaron el recorrido a bordo de un autob\u00fas de doble piso, por los ocho sitios que brillar\u00e1n para hacer de Canc\u00fan un lugar m\u00e1s atractivo.<\/p>\n<p>&nbsp;<\/p>\n<p>Primeramente, al Monumento a la Madre, entre avenidas Tulum y Chich\u00e9n Itz\u00e1; posteriormente a las glorietas de Puerto Canc\u00fan, entre Uxmal y Bonampak, y de la Plaza de Toros, en la intersecci\u00f3n de las avenidas Bonampak y Sayil.<\/p>\n<p>&nbsp;<\/p>\n<p>Despu\u00e9s continuaron hacia el Monumento al Pionero, en Avenida Tulum con Contoy; a la glorieta ubicada entre las avenidas Nichupt\u00e9 y Kabah; as\u00ed como a la glorieta Monumento al Alba\u00f1il, entre Kabah y Jos\u00e9 L\u00f3pez Portillo, para culminar en el parque \u201cEl Crucero\u201d, que se encuentra en el cruce de la avenida Jos\u00e9 L\u00f3pez Portillo y Tulum.<\/p>\n<\/div>\n<\/div>\n<\/div>\n<\/div>\n<\/div>\n<\/div>\n<\/div>\n<div id=\"fws_638f903e22c6d\" class=\"wpb_row vc_row-fluid vc_row standard_section \" data-column-margin=\"default\" data-midnight=\"dark\" data-bg-mobile-hidden=\"\">\n<div class=\"row-bg-wrap\" data-bg-animation=\"none\" data-bg-overlay=\"false\">\n<div class=\"inner-wrap\">\n<div class=\"row-bg using-bg-color\"><\/div>\n<\/div>\n<\/div>\n<\/div>\n","protected":false},"excerpt":{"rendered":"<p>Encienden Presidenta Municipal y Gobernadora decoraci\u00f3n navide\u00f1a en Canc\u00fan, en Palacio Municipal y siete sitios&#8230;<\/p>\n","protected":false},"author":1,"featured_media":10341,"comment_status":"open","ping_status":"closed","sticky":false,"template":"","format":"standard","meta":{"footnotes":""},"categories":[2,37],"tags":[],"class_list":["post-10339","post","type-post","status-publish","format-standard","has-post-thumbnail","hentry","category-local","category-quintana-roo"],"_links":{"self":[{"href":"https:\/\/xn--huracnpolmicocancnquintanaroo-knc6wmu.com\/index.php?rest_route=\/wp\/v2\/posts\/10339","targetHints":{"allow":["GET"]}}],"collection":[{"href":"https:\/\/xn--huracnpolmicocancnquintanaroo-knc6wmu.com\/index.php?rest_route=\/wp\/v2\/posts"}],"about":[{"href":"https:\/\/xn--huracnpolmicocancnquintanaroo-knc6wmu.com\/index.php?rest_route=\/wp\/v2\/types\/post"}],"author":[{"embeddable":true,"href":"https:\/\/xn--huracnpolmicocancnquintanaroo-knc6wmu.com\/index.php?rest_route=\/wp\/v2\/users\/1"}],"replies":[{"embeddable":true,"href":"https:\/\/xn--huracnpolmicocancnquintanaroo-knc6wmu.com\/index.php?rest_route=%2Fwp%2Fv2%2Fcomments&post=10339"}],"version-history":[{"count":1,"href":"https:\/\/xn--huracnpolmicocancnquintanaroo-knc6wmu.com\/index.php?rest_route=\/wp\/v2\/posts\/10339\/revisions"}],"predecessor-version":[{"id":10340,"href":"https:\/\/xn--huracnpolmicocancnquintanaroo-knc6wmu.com\/index.php?rest_route=\/wp\/v2\/posts\/10339\/revisions\/10340"}],"wp:featuredmedia":[{"embeddable":true,"href":"https:\/\/xn--huracnpolmicocancnquintanaroo-knc6wmu.com\/index.php?rest_route=\/wp\/v2\/media\/10341"}],"wp:attachment":[{"href":"https:\/\/xn--huracnpolmicocancnquintanaroo-knc6wmu.com\/index.php?rest_route=%2Fwp%2Fv2%2Fmedia&parent=10339"}],"wp:term":[{"taxonomy":"category","embeddable":true,"href":"https:\/\/xn--huracnpolmicocancnquintanaroo-knc6wmu.com\/index.php?rest_route=%2Fwp%2Fv2%2Fcategories&post=10339"},{"taxonomy":"post_tag","embeddable":true,"href":"https:\/\/xn--huracnpolmicocancnquintanaroo-knc6wmu.com\/index.php?rest_route=%2Fwp%2Fv2%2Ftags&post=10339"}],"curies":[{"name":"wp","href":"https:\/\/api.w.org\/{rel}","templated":true}]}}