{"id":10516,"date":"2022-12-15T16:30:10","date_gmt":"2022-12-15T21:30:10","guid":{"rendered":"https:\/\/xn--huracnpolmicocancnquintanaroo-knc6wmu.com\/?p=10516"},"modified":"2022-12-15T21:30:19","modified_gmt":"2022-12-15T21:30:19","slug":"sexta-ola-de-covid-19-estas-son-las-variantes-que-provocan-el-repunte-de-contagios-en-mexico","status":"publish","type":"post","link":"https:\/\/xn--huracnpolmicocancnquintanaroo-knc6wmu.com\/?p=10516","title":{"rendered":"Sexta ola de COVID-19: Estas son las variantes que provocan el repunte de contagios en M\u00e9xico"},"content":{"rendered":"<div class=\"row\">\n<div class=\"col-sm-xl-12 layout-section wrap-bottom\">\n<h4 class=\"primary-font__PrimaryFontStyles-o56yd5-0 heuGTu h4-primary sub-headline\" style=\"text-align: center;\">Las variantes COVID en M\u00e9xico como la \u2018Xibalb\u00e1\u2019 o \u2018Perro del infierno\u2019 ocasionan el aumento de contagios, de acuerdo con datos de la UNAM y Conacyt se trata de mutaciones de \u00f3micron.<\/h4>\n<div class=\"default__StyledDiv-cj38t1-0 gCPfDm share-bar\">\n<p class=\"default__StyledText-xb1qmn-0 cgXrXK body-paragraph\">Tras mes y medio con\u00a0<b>repunte de casos de COVID-19 en M\u00e9xico<\/b>, la sexta ola de la pandemia ya inici\u00f3. Si bien las autoridades de salud aseguran que\u00a0<b>los contagios se incrementan de \u201cforma lenta\u201d,<\/b>\u00a0es necesario tomar medidas de precauci\u00f3n.<\/p>\n<p class=\"default__StyledText-xb1qmn-0 cgXrXK body-paragraph\"><b>Quintana Roo, Ciudad de M\u00e9xico, Tabasco, Yucat\u00e1n y Sonora son los estados m\u00e1s afectados<\/b>\u00a0por el\u00a0repunte de casos de COVID-19 en M\u00e9xico, de acuerdo con la tasa de incidencia. No obstante, el rebrote ocasionado por las variantes de COVID en M\u00e9xico afecta a las 32 entidades.<\/p>\n<div id=\"arcad-feature-8803\" class=\"default__StyledAdUnit-ijbiyl-0 dmQA-dM arcad-feature margin-md-bottom \">\n<div class=\"arcad-container\">\n<div id=\"lazy_3\">\n<div id=\"inread_oop\" class=\"arcad ad-1x1\" data-google-query-id=\"CJOvlJ3I_PsCFYeFgwcdamANbw\">\n<div id=\"google_ads_iframe_\/77835600\/ElFinanciero__internas\/inread_oop_0__container__\"><\/div>\n<\/div>\n<\/div>\n<\/div>\n<\/div>\n<p class=\"default__StyledText-xb1qmn-0 cgXrXK body-paragraph\">En meses recientes,\u00a0<b>las\u00a0<\/b><b>variantes \u2018Perro del Infierno\u2019 y \u2018Xibalb\u00e1\u2019<\/b><b>\u00a0han mostrado un mayor nivel de contagio<\/b>, con todo y la protecci\u00f3n de las vacunas contra COVID, por lo que es necesario estar pendientes de los s\u00edntomas que provocan y de la evoluci\u00f3n de contagios.<\/p>\n<p class=\"default__StyledText-xb1qmn-0 cgXrXK body-paragraph\"><b>El incremento de casos ha obligado a declarar como obligatorio el uso de cubrebocas en espacios cerrados en\u00a0<\/b><b>Nuevo Le\u00f3n<\/b>, mientras que un especialista de la UNAM ampli\u00f3 la sugerencia y pidi\u00f3 a la poblaci\u00f3n retomar el uso de mascarillas faciales en la temporada decembrina con la finalidad de reducir el riesgo de COVID-19 y de otras enfermedades respiratorias como la influenza o el virus sincitial.<\/p>\n<h2 class=\"heading__StyledHeading-sc-5jxglz-0 kSxoe\">\u00bfCu\u00e1les son las variantes COVID en M\u00e9xico?<\/h2>\n<p class=\"default__StyledText-xb1qmn-0 cgXrXK body-paragraph\">Desde el inicio de la pandemia, las autoridades sanitarias han llevado un registro de casos positivos, estimados, defunciones,\u00a0ocupaci\u00f3n hospitalaria por COVID-19, as\u00ed como de las cepas de SARS-CoV-2 que se han detectado en el pa\u00eds.<\/p>\n<p class=\"default__StyledText-xb1qmn-0 cgXrXK body-paragraph\">A partir de 2021, el\u00a0Consejo Nacional de Ciencia y Tecnolog\u00eda (Conacyt)\u00a0cuenta con un sitio web en el que informa sobre las variantes COVID en M\u00e9xico.<\/p>\n<div id=\"arcad-feature-436\" class=\"default__StyledAdUnit-ijbiyl-0 dmQA-dM arcad-feature margin-md-bottom \">\n<div class=\"arcad-container\">\n<div id=\"lazy_4\">\n<div id=\"box_banner1\" class=\"arcad ad-300x250\" data-google-query-id=\"CMygo_TH_PsCFUoEiwod9mEAGw\">\n<div id=\"google_ads_iframe_\/77835600\/ElFinanciero__salud\/box_banner1_0__container__\"><\/div>\n<\/div>\n<\/div>\n<\/div>\n<\/div>\n<p class=\"default__StyledText-xb1qmn-0 cgXrXK body-paragraph\">Los datos muestran que\u00a0<b>se han detectado las siguientes variantes y subvariantes<\/b>\u00a0en todos los estados del pa\u00eds:<\/p>\n<ul class=\"list__StyledUnorderedList-sc-1wwq737-2 elaPtt\">\n<li class=\"list__StyledListItem-sc-1wwq737-0 dmVxvi\"><b>\u00d3micron<\/b><\/li>\n<li class=\"list__StyledListItem-sc-1wwq737-0 dmVxvi\"><b>Delta<\/b><\/li>\n<li class=\"list__StyledListItem-sc-1wwq737-0 dmVxvi\"><b>Gamma<\/b><\/li>\n<li class=\"list__StyledListItem-sc-1wwq737-0 dmVxvi\"><b>Beta<\/b><\/li>\n<li class=\"list__StyledListItem-sc-1wwq737-0 dmVxvi\"><b>Alpha<\/b><\/li>\n<li class=\"list__StyledListItem-sc-1wwq737-0 dmVxvi\"><b>\u2018Perro del infierno\u2019<\/b>, y<\/li>\n<li class=\"list__StyledListItem-sc-1wwq737-0 dmVxvi\"><b>XXB.<\/b><\/li>\n<\/ul>\n<p class=\"default__StyledText-xb1qmn-0 cgXrXK body-paragraph\">La plataforma del Conacyt establece que\u00a0<b>\u00f3micron ha sido la cepa de COVID-19 predominante en M\u00e9xico y el mundo<\/b>. Esta variante se caracteriza por tener una muy alta transmisibilidad en comparaci\u00f3n con otras como Alfa o Delta.<\/p>\n<p class=\"default__StyledText-xb1qmn-0 cgXrXK body-paragraph\">Seg\u00fan los datos de la plataforma,\u00a0<b>en julio y agosto<\/b>, los sublinajes de la variante \u00f3micron\u00a0<b>predominantes en M\u00e9xico fueron BA.5.1, BA.5.2 y BA.4.4<\/b>.<\/p>\n<p class=\"default__StyledText-xb1qmn-0 cgXrXK body-paragraph\">Para septiembre, el panorama de la pandemia cambi\u00f3 y se detect\u00f3 que la subvariante BA.5.1.6 causaba la mayor\u00eda de contagios hasta que en la primera semana se confirmaron los primeros casos de BW.1, la\u00a0variante Xibalb\u00e1.<\/p>\n<p class=\"default__StyledText-xb1qmn-0 cgXrXK body-paragraph\">De manera paralela,\u00a0<b>se identificaron casos de XBB, variante de \u00f3micron conocida como<\/b><b>\u00a0la \u201cvariante pesadilla\u201d o \u201cpesadilla del infierno\u201d<\/b>, as\u00ed como dos m\u00e1s con XBB.1, que forma tambi\u00e9n de la misma familia de subvariantes, las cuales se propagan r\u00e1pidamente y mantiene en alerta a Hong Kong.<\/p>\n<p class=\"default__StyledText-xb1qmn-0 cgXrXK body-paragraph\">La UNAM agrega que las variantes COVID en M\u00e9xico son todas descendientes de \u00f3micron y, por lo tanto, dan lugar, generalmente, a una enfermedad leve.<\/p>\n<h2 class=\"heading__StyledHeading-sc-5jxglz-0 kSxoe\">\u00bfQu\u00e9 sabemos de \u2018Xibalb\u00e1\u2019, la cepa mexicana?<\/h2>\n<p class=\"default__StyledText-xb1qmn-0 cgXrXK body-paragraph\">A pesar de que la mayor\u00eda de contagios de COVID-19 ocasionados por la\u00a0variante BW.1\u00a0se han reportado desde septiembre, especialistas de la UNAM identificaron que su origen ocurri\u00f3 en julio pasado en el pa\u00eds.<\/p>\n<p class=\"default__StyledText-xb1qmn-0 cgXrXK body-paragraph\">El Instituto de Biotecnolog\u00eda (IBt) de la UNAM establece que\u00a0<b>esta variante deriva de secuencias mexicanas de la \u00f3micron BA.5.6.2.\u00a0<\/b>\u201cAdem\u00e1s, la BW.1 (variante \u2018Xibalb\u00e1\u2019) comparte mutaciones que han sido se\u00f1aladas como importantes en la \u00f3micron BQ.1, una de las m\u00e1s exitosas reportadas hasta la fecha, ya que favorecen el escape inmune\u201d.<\/p>\n<p class=\"default__StyledText-xb1qmn-0 cgXrXK body-paragraph\">La UNAM indica que si bien\u00a0<b>la variante \u2018Xibalb\u00e1\u2019 ocasiona el repunte de casos de COVID-19 en la pen\u00ednsula de Yucat\u00e1n<\/b>, \u201cno necesariamente dominar\u00e1 a nivel nacional, puesto que actualmente son m\u00faltiples variantes las que est\u00e1n presentes en otras regiones de nuestro territorio\u201d.<\/p>\n<h3 class=\"heading__StyledHeading-sc-5jxglz-0 kSxoe\">\u00bfCu\u00e1les son los s\u00edntomas de la subvariante \u2018Xibalb\u00e1\u2019?<\/h3>\n<p class=\"default__StyledText-xb1qmn-0 cgXrXK body-paragraph\">Los s\u00edntomas presentan similitudes entre otras variantes y subvarientes de COVID, pero en esta ocasi\u00f3n\u00a0<b>destaca al ronquera en garganta o tambi\u00e9n el estar af\u00f3nico<\/b>.<\/p>\n<p class=\"default__StyledText-xb1qmn-0 cgXrXK body-paragraph\">Estos son los s\u00edntomas que se detectaron durante un estudio realizado por la\u00a0Universidad Nacional Aut\u00f3noma de M\u00e9xico (UNAM):<\/p>\n<ul class=\"list__StyledUnorderedList-sc-1wwq737-2 elaPtt\">\n<li class=\"list__StyledListItem-sc-1wwq737-0 dmVxvi\">Fiebre<\/li>\n<li class=\"list__StyledListItem-sc-1wwq737-0 dmVxvi\">Afon\u00eda.<\/li>\n<li class=\"list__StyledListItem-sc-1wwq737-0 dmVxvi\">Ronquera en la voz<\/li>\n<li class=\"list__StyledListItem-sc-1wwq737-0 dmVxvi\">Tos<\/li>\n<li class=\"list__StyledListItem-sc-1wwq737-0 dmVxvi\">Cuerpo cortado<\/li>\n<li class=\"list__StyledListItem-sc-1wwq737-0 dmVxvi\">Dolor de garganta<\/li>\n<li class=\"list__StyledListItem-sc-1wwq737-0 dmVxvi\">Fatiga<\/li>\n<li class=\"list__StyledListItem-sc-1wwq737-0 dmVxvi\">Secreci\u00f3n Nasal<\/li>\n<li class=\"list__StyledListItem-sc-1wwq737-0 dmVxvi\">Diarrea<\/li>\n<li class=\"list__StyledListItem-sc-1wwq737-0 dmVxvi\">Dolores musculares<\/li>\n<li class=\"list__StyledListItem-sc-1wwq737-0 dmVxvi\">P\u00e9rdida del olfato y gusto<\/li>\n<li class=\"list__StyledListItem-sc-1wwq737-0 dmVxvi\">P\u00e9rdida de apetito<\/li>\n<\/ul>\n<h2 class=\"heading__StyledHeading-sc-5jxglz-0 kSxoe\">Medidas de protecci\u00f3n contra las variantes COVID en M\u00e9xico<\/h2>\n<p class=\"default__StyledText-xb1qmn-0 cgXrXK body-paragraph\">Con todo y que\u00a0<b>las nuevas variantes de COVID en M\u00e9xico muestran un mayor nivel de capacidad para evadir la protecci\u00f3n de las vacunas<\/b>, las principales medidas para reducir el riesgo de un contagio durante la\u00a0sexta ola de COVID-19 en M\u00e9xico\u00a0son:<\/p>\n<ul class=\"list__StyledUnorderedList-sc-1wwq737-2 elaPtt\">\n<li class=\"list__StyledListItem-sc-1wwq737-0 dmVxvi\">Uso de\u00a0cubrebocas, principalmente en espacios cerrados y aglomerados.<\/li>\n<li class=\"list__StyledListItem-sc-1wwq737-0 dmVxvi\">Lavado frecuente de manos con agua y jab\u00f3n.<\/li>\n<li class=\"list__StyledListItem-sc-1wwq737-0 dmVxvi\">Uso de alcohol-gel o gel desinfectante en caso de no poder lavarse las manos.<\/li>\n<li class=\"list__StyledListItem-sc-1wwq737-0 dmVxvi\">Practicar el estornudo de etiqueta con el \u00e1ngulo interno del codo.<\/li>\n<li class=\"list__StyledListItem-sc-1wwq737-0 dmVxvi\">Limpiar las superficies de trabajo u hogar.<\/li>\n<\/ul>\n<\/div>\n<\/div>\n<\/div>\n<div class=\"row\">\n<div class=\"col-sm-md-12 col-lg-xl-8 left-article-section ie-flex-100-percent-sm layout-section\"><\/div>\n<\/div>\n","protected":false},"excerpt":{"rendered":"<p>Las variantes COVID en M\u00e9xico como la \u2018Xibalb\u00e1\u2019 o \u2018Perro del infierno\u2019 ocasionan el aumento&#8230;<\/p>\n","protected":false},"author":1,"featured_media":10518,"comment_status":"open","ping_status":"closed","sticky":false,"template":"","format":"standard","meta":{"footnotes":""},"categories":[30],"tags":[],"class_list":["post-10516","post","type-post","status-publish","format-standard","has-post-thumbnail","hentry","category-salud"],"_links":{"self":[{"href":"https:\/\/xn--huracnpolmicocancnquintanaroo-knc6wmu.com\/index.php?rest_route=\/wp\/v2\/posts\/10516","targetHints":{"allow":["GET"]}}],"collection":[{"href":"https:\/\/xn--huracnpolmicocancnquintanaroo-knc6wmu.com\/index.php?rest_route=\/wp\/v2\/posts"}],"about":[{"href":"https:\/\/xn--huracnpolmicocancnquintanaroo-knc6wmu.com\/index.php?rest_route=\/wp\/v2\/types\/post"}],"author":[{"embeddable":true,"href":"https:\/\/xn--huracnpolmicocancnquintanaroo-knc6wmu.com\/index.php?rest_route=\/wp\/v2\/users\/1"}],"replies":[{"embeddable":true,"href":"https:\/\/xn--huracnpolmicocancnquintanaroo-knc6wmu.com\/index.php?rest_route=%2Fwp%2Fv2%2Fcomments&post=10516"}],"version-history":[{"count":1,"href":"https:\/\/xn--huracnpolmicocancnquintanaroo-knc6wmu.com\/index.php?rest_route=\/wp\/v2\/posts\/10516\/revisions"}],"predecessor-version":[{"id":10517,"href":"https:\/\/xn--huracnpolmicocancnquintanaroo-knc6wmu.com\/index.php?rest_route=\/wp\/v2\/posts\/10516\/revisions\/10517"}],"wp:featuredmedia":[{"embeddable":true,"href":"https:\/\/xn--huracnpolmicocancnquintanaroo-knc6wmu.com\/index.php?rest_route=\/wp\/v2\/media\/10518"}],"wp:attachment":[{"href":"https:\/\/xn--huracnpolmicocancnquintanaroo-knc6wmu.com\/index.php?rest_route=%2Fwp%2Fv2%2Fmedia&parent=10516"}],"wp:term":[{"taxonomy":"category","embeddable":true,"href":"https:\/\/xn--huracnpolmicocancnquintanaroo-knc6wmu.com\/index.php?rest_route=%2Fwp%2Fv2%2Fcategories&post=10516"},{"taxonomy":"post_tag","embeddable":true,"href":"https:\/\/xn--huracnpolmicocancnquintanaroo-knc6wmu.com\/index.php?rest_route=%2Fwp%2Fv2%2Ftags&post=10516"}],"curies":[{"name":"wp","href":"https:\/\/api.w.org\/{rel}","templated":true}]}}