{"id":10582,"date":"2022-12-20T15:42:26","date_gmt":"2022-12-20T20:42:26","guid":{"rendered":"https:\/\/xn--huracnpolmicocancnquintanaroo-knc6wmu.com\/?p=10582"},"modified":"2022-12-20T20:42:36","modified_gmt":"2022-12-20T20:42:36","slug":"mexico-otorgo-asilo-politico-a-familia-de-pedro-castillo-pero-aun-negocia-su-salida","status":"publish","type":"post","link":"https:\/\/xn--huracnpolmicocancnquintanaroo-knc6wmu.com\/?p=10582","title":{"rendered":"M\u00e9xico otorg\u00f3 asilo pol\u00edtico a familia de Pedro Castillo, pero a\u00fan \u201cnegocia\u201d su salida"},"content":{"rendered":"<h4 class=\"intro\" style=\"text-align: center;\">El Gobierno de M\u00e9xico confirma que otorg\u00f3 asilo pol\u00edtico a la familia del expresidente peruano en prisi\u00f3n, aunque a\u00fan \u201cnegocia\u201d la expedici\u00f3n de un salvoconducto.<\/h4>\n<div id=\"sharing-bar\" class=\"min\">\n<p>&#8220;El asilo ya se les concedi\u00f3 porque est\u00e1n en territorio mexicano, es decir est\u00e1n en nuestra embajada y cuando est\u00e1n en la embajada les concedes el asilo es una decisi\u00f3n independiente y soberana de\u00a0M\u00e9xico\u201d, dijo el canciller Marcelo Ebrard, durante la conferencia de prensa matutina del presidente mexicano,Andr\u00e9s Manuel L\u00f3pez Obrador.<\/p>\n<h2>M\u00e9xico &#8220;negocia&#8221;\u00a0con Per\u00fa salvoconducto para familia de expresidente Castillo<\/h2>\n<p>El canciller detall\u00f3 que est\u00e1n negociando con las autoridades del Per\u00fa el otorgamiento de un salvoconducto\u00a0en caso de que la familia de Castillo quiera viajar a M\u00e9xico.<\/p>\n<p>&#8220;Lo que se est\u00e1 negociando es el salvoconducto para que si desean salir lo puedan hacer y venir a M\u00e9xico si as\u00ed lo desean, pero est\u00e1n en territorio mexicano\u201d, afirm\u00f3.<\/p>\n<p>El canciller no mencion\u00f3 los nombres de los familiares de Castillo que est\u00e1n en la Embajada protegidos por el asilo pol\u00edtico.<\/p>\n<\/div>\n","protected":false},"excerpt":{"rendered":"<p>El Gobierno de M\u00e9xico confirma que otorg\u00f3 asilo pol\u00edtico a la familia del expresidente peruano&#8230;<\/p>\n","protected":false},"author":1,"featured_media":10584,"comment_status":"open","ping_status":"closed","sticky":false,"template":"","format":"standard","meta":{"footnotes":""},"categories":[12],"tags":[],"class_list":["post-10582","post","type-post","status-publish","format-standard","has-post-thumbnail","hentry","category-nacional"],"_links":{"self":[{"href":"https:\/\/xn--huracnpolmicocancnquintanaroo-knc6wmu.com\/index.php?rest_route=\/wp\/v2\/posts\/10582","targetHints":{"allow":["GET"]}}],"collection":[{"href":"https:\/\/xn--huracnpolmicocancnquintanaroo-knc6wmu.com\/index.php?rest_route=\/wp\/v2\/posts"}],"about":[{"href":"https:\/\/xn--huracnpolmicocancnquintanaroo-knc6wmu.com\/index.php?rest_route=\/wp\/v2\/types\/post"}],"author":[{"embeddable":true,"href":"https:\/\/xn--huracnpolmicocancnquintanaroo-knc6wmu.com\/index.php?rest_route=\/wp\/v2\/users\/1"}],"replies":[{"embeddable":true,"href":"https:\/\/xn--huracnpolmicocancnquintanaroo-knc6wmu.com\/index.php?rest_route=%2Fwp%2Fv2%2Fcomments&post=10582"}],"version-history":[{"count":1,"href":"https:\/\/xn--huracnpolmicocancnquintanaroo-knc6wmu.com\/index.php?rest_route=\/wp\/v2\/posts\/10582\/revisions"}],"predecessor-version":[{"id":10583,"href":"https:\/\/xn--huracnpolmicocancnquintanaroo-knc6wmu.com\/index.php?rest_route=\/wp\/v2\/posts\/10582\/revisions\/10583"}],"wp:featuredmedia":[{"embeddable":true,"href":"https:\/\/xn--huracnpolmicocancnquintanaroo-knc6wmu.com\/index.php?rest_route=\/wp\/v2\/media\/10584"}],"wp:attachment":[{"href":"https:\/\/xn--huracnpolmicocancnquintanaroo-knc6wmu.com\/index.php?rest_route=%2Fwp%2Fv2%2Fmedia&parent=10582"}],"wp:term":[{"taxonomy":"category","embeddable":true,"href":"https:\/\/xn--huracnpolmicocancnquintanaroo-knc6wmu.com\/index.php?rest_route=%2Fwp%2Fv2%2Fcategories&post=10582"},{"taxonomy":"post_tag","embeddable":true,"href":"https:\/\/xn--huracnpolmicocancnquintanaroo-knc6wmu.com\/index.php?rest_route=%2Fwp%2Fv2%2Ftags&post=10582"}],"curies":[{"name":"wp","href":"https:\/\/api.w.org\/{rel}","templated":true}]}}