{"id":10624,"date":"2022-12-20T17:49:55","date_gmt":"2022-12-20T22:49:55","guid":{"rendered":"https:\/\/xn--huracnpolmicocancnquintanaroo-knc6wmu.com\/?p=10624"},"modified":"2022-12-20T22:49:57","modified_gmt":"2022-12-20T22:49:57","slug":"transporte-publico-de-cancun-le-falla-a-personas-con-discapacidad","status":"publish","type":"post","link":"https:\/\/xn--huracnpolmicocancnquintanaroo-knc6wmu.com\/?p=10624","title":{"rendered":"Transporte p\u00fablico de Canc\u00fan le falla a personas con discapacidad"},"content":{"rendered":"<div>\n<div class=\"row m-b-15\">\n<div class=\"col-xs-12 col-sm-12 col-md-12 col-lg-12\">\n<h4 class=\"introduction\" style=\"text-align: center;\">Las empresas no han cumplido el acuerdo para adaptar las unidades a ese sector de la poblaci\u00f3n.<\/h4>\n<\/div>\n<\/div>\n<\/div>\n<div class=\"row m-b-25\">\n<div class=\"col-xs-12 col-sm-12 col-md-12 col-lg-12 info-extra-new\">\n<p>Las cinco empresas concesionarias del transporte p\u00fablico en el municipio de Benito Ju\u00e1rez\u00a0<strong>han incumplido con la presentaci\u00f3n del plan de inversi\u00f3n<\/strong>\u00a0y de implementaci\u00f3n para adaptar, al menos al 10% de las unidades, a las necesidades de las personas con discapacidad.<\/p>\n<p>Eric Maffassanti, jefe de Asuntos Interinstitucionales para la Direcci\u00f3n para la Inclusi\u00f3n de Personas con Discapacidad en el municipio, se\u00f1al\u00f3 que en las seis mesas de trabajo que se realizaron durante el a\u00f1o con las empresas, se estableci\u00f3 que estos planes deb\u00edan ser presentados en diciembre, pero a 11 d\u00edas de que finalice el mes, no han llegado dichos planes.<\/p>\n<p><cite><em>\u201cDesafortunadamente, despu\u00e9s de haber llevado seis mesas de trabajo con las concesionarias, no hemos tenido de su parte el plan de inversi\u00f3n, ni el plan de implementaci\u00f3n de estas unidades adaptadas.<\/em><\/cite><\/p>\n<div id=\"div-gpt-ad-inread-63a21d6100dac40013c0131e\" data-name=\"inread\" data-size=\"[[336,250], [300,250]]\"><\/div>\n<p><cite><em>Estamos viendo de qu\u00e9 manera podemos pues hacer que cumplan lo que les establece su concesi\u00f3n, que es el 10%, y pues recordar que conforme el reglamento de transporte y viabilidad, tienen hasta julio del 2023 para contar ya con esas unidades\u201d<\/em><\/cite>, sostuvo.<\/p>\n<p>Dijo que debido a esta situaci\u00f3n, han comenzado a enviar oficios a las distintas autoridades involucradas para que esta obligaci\u00f3n,\u00a0<strong>establecida tanto en el reglamento de transporte como en los contratos de concesi\u00f3n<\/strong>, no se postergue y que, a partir del pr\u00f3ximo a\u00f1o, al menos el 10% de todas las unidades de transporte p\u00fablico en el municipio cuenten con adaptaciones para brindar el servicio a personas con alguna discapacidad.<\/p>\n<blockquote><p><cite><em>\u201cSe supone que ya tendr\u00edan los planes, pero no los tienen. Nosotros comprendemos que tambi\u00e9n es una inversi\u00f3n importante la que tienen que hacer en estas unidades, y lo que estamos pidiendo, pues es que empiecen por algo\u201d<\/em><\/cite>, agreg\u00f3.<\/p>\n<p>Indic\u00f3 que si bien la intenci\u00f3n era la de implementar nuevas unidades, el costo en el que est\u00e1n cotizadas\u00a0<em>(entre 3 y 4 millones de pesos por unidad)<\/em>, se determin\u00f3 adaptarlas como se hace en otras ciudades, como M\u00e9rida, Monterrey o la Ciudad de M\u00e9xico, en el que la inversi\u00f3n se reduce a casi 200 mil pesos por veh\u00edculo.<\/p>\n<div id=\"div-gpt-ad-inread-2-63a21d6100dac40013c0131e\" data-name=\"inread\" data-size=\"[[336,250], [300,250]]\"><\/div>\n<p>Reconoci\u00f3 que despu\u00e9s de las seis mesas de trabajo, optaron que ese m\u00e9todo no estaba funcionando, por lo que analizan otras rutas para que las concesionarias implementen las adecuaciones establecidas en el reglamento y en los contratos de concesi\u00f3n, aunque descart\u00f3 que se har\u00e1 por la v\u00eda legal, por la duraci\u00f3n de los procesos.<\/p><\/blockquote>\n<\/div>\n<\/div>\n","protected":false},"excerpt":{"rendered":"<p>Las empresas no han cumplido el acuerdo para adaptar las unidades a ese sector de&#8230;<\/p>\n","protected":false},"author":1,"featured_media":10626,"comment_status":"open","ping_status":"closed","sticky":false,"template":"","format":"standard","meta":{"footnotes":""},"categories":[2],"tags":[],"class_list":["post-10624","post","type-post","status-publish","format-standard","has-post-thumbnail","hentry","category-local"],"_links":{"self":[{"href":"https:\/\/xn--huracnpolmicocancnquintanaroo-knc6wmu.com\/index.php?rest_route=\/wp\/v2\/posts\/10624","targetHints":{"allow":["GET"]}}],"collection":[{"href":"https:\/\/xn--huracnpolmicocancnquintanaroo-knc6wmu.com\/index.php?rest_route=\/wp\/v2\/posts"}],"about":[{"href":"https:\/\/xn--huracnpolmicocancnquintanaroo-knc6wmu.com\/index.php?rest_route=\/wp\/v2\/types\/post"}],"author":[{"embeddable":true,"href":"https:\/\/xn--huracnpolmicocancnquintanaroo-knc6wmu.com\/index.php?rest_route=\/wp\/v2\/users\/1"}],"replies":[{"embeddable":true,"href":"https:\/\/xn--huracnpolmicocancnquintanaroo-knc6wmu.com\/index.php?rest_route=%2Fwp%2Fv2%2Fcomments&post=10624"}],"version-history":[{"count":1,"href":"https:\/\/xn--huracnpolmicocancnquintanaroo-knc6wmu.com\/index.php?rest_route=\/wp\/v2\/posts\/10624\/revisions"}],"predecessor-version":[{"id":10625,"href":"https:\/\/xn--huracnpolmicocancnquintanaroo-knc6wmu.com\/index.php?rest_route=\/wp\/v2\/posts\/10624\/revisions\/10625"}],"wp:featuredmedia":[{"embeddable":true,"href":"https:\/\/xn--huracnpolmicocancnquintanaroo-knc6wmu.com\/index.php?rest_route=\/wp\/v2\/media\/10626"}],"wp:attachment":[{"href":"https:\/\/xn--huracnpolmicocancnquintanaroo-knc6wmu.com\/index.php?rest_route=%2Fwp%2Fv2%2Fmedia&parent=10624"}],"wp:term":[{"taxonomy":"category","embeddable":true,"href":"https:\/\/xn--huracnpolmicocancnquintanaroo-knc6wmu.com\/index.php?rest_route=%2Fwp%2Fv2%2Fcategories&post=10624"},{"taxonomy":"post_tag","embeddable":true,"href":"https:\/\/xn--huracnpolmicocancnquintanaroo-knc6wmu.com\/index.php?rest_route=%2Fwp%2Fv2%2Ftags&post=10624"}],"curies":[{"name":"wp","href":"https:\/\/api.w.org\/{rel}","templated":true}]}}