{"id":10762,"date":"2022-12-25T18:34:35","date_gmt":"2022-12-25T23:34:35","guid":{"rendered":"https:\/\/xn--huracnpolmicocancnquintanaroo-knc6wmu.com\/?p=10762"},"modified":"2022-12-27T23:36:25","modified_gmt":"2022-12-27T23:36:25","slug":"el-frente-frio-o-como-cambiaron-los-trajes-de-bano-por-impermeables-en-cancun","status":"publish","type":"post","link":"https:\/\/xn--huracnpolmicocancnquintanaroo-knc6wmu.com\/?p=10762","title":{"rendered":"El Frente Fr\u00edo o c\u00f3mo cambiaron los trajes de ba\u00f1o por impermeables en Canc\u00fan"},"content":{"rendered":"<p class=\"has-text-align-justify\">En el mar, la vida es m\u00e1s sabrosa\u2026 hasta que llega un\u00a0<strong>Frente Fr\u00edo<\/strong>\u00a0y eso es lo que ha pasado en los \u00faltimos d\u00edas en\u00a0<strong>Canc\u00fan, Quintana Roo<\/strong>, donde desde Navidad el clima qued\u00f3 a deber a un buen n\u00famero de turistas que se lanz\u00f3 a esta playa del Caribe precisamente para escapar del\u00a0<em>friazo<\/em>\u00a0en el centro y norte del pa\u00eds. Y bueno, las lluvias continuar\u00e1n.<\/p>\n<div class=\"newspack_global_ad single_in_content_1\"><\/div>\n<p class=\"has-text-align-justify\">S\u00f3lo basta ver las fotos que ha compartido la cuenta de Protecci\u00f3n Civil de Canc\u00fan o de agencias para topar el\u00a0<strong>impacto del Frente Fr\u00edo 19<\/strong>\u00a0en las playas de la Pen\u00ednsula de Yucat\u00e1n \u2014donde los\/las turistas cambiaron los trajes de ba\u00f1o por impermeables.<\/p>\n<h2 id=\"h-el-frente-frio-en-cancun\">El Frente Fr\u00edo en Canc\u00fan<\/h2>\n<p class=\"has-text-align-justify\"><strong>Lluvias, rachas de viento y hasta bancos de niebla\u00a0<\/strong>han sido la constante desde el viernes 23 de diciembre all\u00e1 en Canc\u00fan \u2014y lo que sigue, pues la Conagua (Comisi\u00f3n Nacional del Agua), con informaci\u00f3n del Servicio Meteorol\u00f3gico Nacional (SMN), avis\u00f3 de la presencia de<strong>\u00a0lluvias con posibilidad de bancos de niebla y rachas de viento<\/strong>\u00a0de 30 km\/h en el municipio de<strong>\u00a0Benito Ju\u00e1rez<\/strong>, Quintana Roo para este 27 de diciembre, ya sin el Frente Fr\u00edo 19.<\/p>\n<div class=\"newspack_global_ad single_in_content_2\"><\/div>\n<p class=\"has-text-align-justify\">Y adem\u00e1s de las vacaciones de cientos de turistas, el\u00a0<em>friazo<\/em>\u00a0le peg\u00f3 a las\u00a0<strong>actividades econ\u00f3micas<\/strong>\u00a0de Canc\u00fan. Por ejemplo, la pesca y los tours o recorridos tur\u00edsticos en el mar tuvieron que ser suspendidos desde el viernes 23.<\/p>\n<p class=\"has-text-align-justify\">Cosa nada chida para las\u00a0<strong>peque\u00f1as empresas y locatarios que viven del turismo<\/strong>, pues el Frente Fr\u00edo represent\u00f3 una p\u00e9rdida a sus ganancias \u2014de la cual seguramente en unos d\u00edas m\u00e1s las autoridades de Quintana Roo estar\u00e1n hablando.<\/p>\n<p class=\"has-text-align-justify\">Por cierto que en redes \u2014y en\u00a0<em>El Universal<\/em>\u2014 se ha estado hablando de la supuesta ca\u00edda de nieve por el Frente Fr\u00edo en Canc\u00fan, pero lo cierto es que hasta el momento las\u00a0<strong>autoridades de Quintana Roo ni las municipales ni el SMN han reportado tal cosa<\/strong>, lo que s\u00ed es que desde hace d\u00edas los servicios p\u00fablicos se han dedicado a la limpieza de rejillas o el desazolve de pozos para evitar mayores problemas por las lluvias constantes.<\/p>\n<p class=\"has-text-align-justify\">As\u00ed que si planean ir a Canc\u00fan en estos d\u00edas, tomen en cuenta esta informaci\u00f3n, sobre todo porque el<strong>\u00a0<\/strong>Frente Fr\u00edo 20 est\u00e1 por llegar y las lluvias seguir\u00e1n en la\u00a0<strong>Pen\u00ednsula de Yucat\u00e1n, al menos para este 27 de diciembre\u00a0<\/strong>\u2014AC\u00c1\u00a0les dejamos una nota sobre el pron\u00f3stico del clima para los \u00faltimos d\u00edas de 2022.<\/p>\n<div class=\"newspack_global_ad single_in_content_3\"><\/div>\n<figure class=\"wp-block-embed is-type-wp-embed is-provider-sopitas-com wp-block-embed-sopitas-com\">\n<div class=\"wp-block-embed__wrapper\"><\/div>\n<\/figure>\n","protected":false},"excerpt":{"rendered":"<p>En el mar, la vida es m\u00e1s sabrosa\u2026 hasta que llega un\u00a0Frente Fr\u00edo\u00a0y eso es&#8230;<\/p>\n","protected":false},"author":1,"featured_media":10764,"comment_status":"open","ping_status":"closed","sticky":false,"template":"","format":"standard","meta":{"footnotes":""},"categories":[2],"tags":[],"class_list":["post-10762","post","type-post","status-publish","format-standard","has-post-thumbnail","hentry","category-local"],"_links":{"self":[{"href":"https:\/\/xn--huracnpolmicocancnquintanaroo-knc6wmu.com\/index.php?rest_route=\/wp\/v2\/posts\/10762","targetHints":{"allow":["GET"]}}],"collection":[{"href":"https:\/\/xn--huracnpolmicocancnquintanaroo-knc6wmu.com\/index.php?rest_route=\/wp\/v2\/posts"}],"about":[{"href":"https:\/\/xn--huracnpolmicocancnquintanaroo-knc6wmu.com\/index.php?rest_route=\/wp\/v2\/types\/post"}],"author":[{"embeddable":true,"href":"https:\/\/xn--huracnpolmicocancnquintanaroo-knc6wmu.com\/index.php?rest_route=\/wp\/v2\/users\/1"}],"replies":[{"embeddable":true,"href":"https:\/\/xn--huracnpolmicocancnquintanaroo-knc6wmu.com\/index.php?rest_route=%2Fwp%2Fv2%2Fcomments&post=10762"}],"version-history":[{"count":1,"href":"https:\/\/xn--huracnpolmicocancnquintanaroo-knc6wmu.com\/index.php?rest_route=\/wp\/v2\/posts\/10762\/revisions"}],"predecessor-version":[{"id":10763,"href":"https:\/\/xn--huracnpolmicocancnquintanaroo-knc6wmu.com\/index.php?rest_route=\/wp\/v2\/posts\/10762\/revisions\/10763"}],"wp:featuredmedia":[{"embeddable":true,"href":"https:\/\/xn--huracnpolmicocancnquintanaroo-knc6wmu.com\/index.php?rest_route=\/wp\/v2\/media\/10764"}],"wp:attachment":[{"href":"https:\/\/xn--huracnpolmicocancnquintanaroo-knc6wmu.com\/index.php?rest_route=%2Fwp%2Fv2%2Fmedia&parent=10762"}],"wp:term":[{"taxonomy":"category","embeddable":true,"href":"https:\/\/xn--huracnpolmicocancnquintanaroo-knc6wmu.com\/index.php?rest_route=%2Fwp%2Fv2%2Fcategories&post=10762"},{"taxonomy":"post_tag","embeddable":true,"href":"https:\/\/xn--huracnpolmicocancnquintanaroo-knc6wmu.com\/index.php?rest_route=%2Fwp%2Fv2%2Ftags&post=10762"}],"curies":[{"name":"wp","href":"https:\/\/api.w.org\/{rel}","templated":true}]}}