{"id":10836,"date":"2022-12-30T15:42:57","date_gmt":"2022-12-30T20:42:57","guid":{"rendered":"https:\/\/xn--huracnpolmicocancnquintanaroo-knc6wmu.com\/?p=10836"},"modified":"2022-12-30T20:43:06","modified_gmt":"2022-12-30T20:43:06","slug":"22-sucesos-clave-hacia-un-mexico-digital","status":"publish","type":"post","link":"https:\/\/xn--huracnpolmicocancnquintanaroo-knc6wmu.com\/?p=10836","title":{"rendered":"22 sucesos clave hacia un M\u00e9xico digital"},"content":{"rendered":"<p>En materia digital y de telecomunicaciones, 2022 estuvo marcado por acontecimientos relevantes como el lanzamiento masivo de 5G, restricciones m\u00e1s severas a las plataformas de movilidad en los aeropuertos del pa\u00eds, la reestructuraci\u00f3n financiera del Alt\u00e1n Redes, el nombramiento de un nuevo Comisionado Presidente al frente del Instituto Federal de Telecomunicaciones (IFT) y un clamor cada vez m\u00e1s fuerte por precios del espectro radioel\u00e9ctrico m\u00e1s razonables, entre otros sucesos destacados que, como cada fin de a\u00f1o, aqu\u00ed enumero.<\/p>\n<ol>\n<li><strong>Enero.<\/strong>\u00a0El Pleno del IFT decidi\u00f3, con tres votos a favor, que el proyecto de an\u00e1lisis de solicitud de Claro TV para ofrecer el servicio de TV de paga deb\u00eda rehacerse y volver a presentarse. Am\u00e9rica M\u00f3vil hab\u00eda comprometido una inversi\u00f3n de 8 mil millones de pesos en caso de recibir la autorizaci\u00f3n para brindar TV restringida.<\/li>\n<li><strong>Febrero.<\/strong>\u00a0El IFT aprob\u00f3 a Telcel el uso de la banda de 3.5 GHz. El operador m\u00f3vil deb\u00eda pagar al Estado alrededor de 900 millones de pesos anuales por el uso de dicha banda.<\/li>\n<li>En el marco del T-MEC, el Di\u00e1logo Econ\u00f3mico de Alto Nivel (DEAN) y el Entendimiento Bicentenario, M\u00e9xico y EE.UU. anunciaron una colaboraci\u00f3n en los sectores de tecnolog\u00eda y telecomunicaciones, principalmente semiconductores, 5G, ciberseguridad y comercio electr\u00f3nico.<\/li>\n<li>Telcel present\u00f3 su red 5G, disponible a partir del 28 de febrero en 18 ciudades de M\u00e9xico.<\/li>\n<li>Plataformas de Internet detuvieron en los tribunales el impuesto de 2% a las apps de reparto en la CDMX.<\/li>\n<li><strong>Marzo.<\/strong>\u00a0Javier Ju\u00e1rez Mojica asumi\u00f3 como Presidente Interino del IFT en sustituci\u00f3n de Adolfo Cuevas Teja.<\/li>\n<li>IFT redefini\u00f3 las obligaciones de cobertura de la Red Compartida de Alt\u00e1n Redes hasta 2028.<\/li>\n<li>La Comisi\u00f3n Federal de Competencia Econ\u00f3mica (Cofece) recomend\u00f3 la operaci\u00f3n de plataformas digitales de transporte en el Aeropuerto Internacional Felipe \u00c1ngeles (AIFA).<\/li>\n<li><strong>Abril.<\/strong>\u00a0La Secretar\u00eda de Infraestructura, Comunicaciones y Transportes (SICT) reconoci\u00f3 que en M\u00e9xico hace falta m\u00e1s espectro para 5G a menor costo.<\/li>\n<li>Hispasat, GlobalSat y CFE Telecomunicaciones e Internet para Todos (CFE TEIT) anunciaron el despliegue de puntos de conectividad satelital gratuitos en 500 zonas remotas de M\u00e9xico.<\/li>\n<li>El Padr\u00f3n Nacional de Usuarios de Telefon\u00eda M\u00f3vil (Panaut), que recopilar\u00eda datos biom\u00e9tricos de los usuarios, fue desechado de manera definitiva por la Suprema Corte de Justicia de la Naci\u00f3n.<\/li>\n<li>AT&amp;T y Telcel pagaron 855 millones 72 mil 479.73 pesos, alrededor de 42.2 millones de d\u00f3lares, por la explotaci\u00f3n de diversos bloques regionales en la banda de 1.9 GHz por veinte a\u00f1os m\u00e1s.<\/li>\n<li><strong>Junio.<\/strong>\u00a0CFE Telecomunicaciones e Internet para Todos anunci\u00f3 una inversi\u00f3n de 8 mil 710 millones de pesos para proveer servicios m\u00f3viles 4G.<\/li>\n<li>Alt\u00e1n Redes anunci\u00f3 un nuevo acuerdo de financiamiento entre sus acreedores por 388.1 millones de d\u00f3lares para continuar con su operaci\u00f3n. El pr\u00e9stamo fue otorgado por el Banco Nacional de Comercio Exterior (Bancomext), Nafinsa y el Banco Nacional de Obras y Servicios P\u00fablicos (Banobras). IFT autoriz\u00f3 la concentraci\u00f3n de inversi\u00f3n del gobierno y los accionistas de la Red Compartida. Carlos Lerma asumi\u00f3 como nuevo Director General de Alt\u00e1n Redes.<\/li>\n<li><strong>Julio.<\/strong>\u00a0La Asociaci\u00f3n Nacional de Telecomunicaciones (Anatel), cuyo Director General es Gabriel Sz\u00e9kely, cumpli\u00f3 dos d\u00e9cadas de acompa\u00f1ar e impulsar la transformaci\u00f3n digital en M\u00e9xico.<\/li>\n<li><strong>Agosto.<\/strong>\u00a0La diputada de Morena, Laura Imelda P\u00e9rez Segura, present\u00f3 una iniciativa para permitir la operaci\u00f3n de las plataformas de transporte como DiDi, Uber y Cabify en los aeropuertos de M\u00e9xico.<\/li>\n<li>CFE Telecomunicaciones e Internet para Todos comenz\u00f3 a ofrecer servicios de telefon\u00eda e Internet m\u00f3viles.<\/li>\n<li><strong>Septiembre.<\/strong>\u00a0La senadora Cora Pinedo Alonso envi\u00f3 una iniciativa de reforma a la Ley Federal de Derechos para cambiar los cobros por los derechos anuales del espectro. No tuvo \u00e9xito.<\/li>\n<li><strong>Octubre.\u00a0<\/strong>Hackean a la Secretar\u00eda de la Defensa Nacional (Sedena) y a la Secretar\u00eda de Infraestructura, Comunicaciones y Transportes.<\/li>\n<li>Rogelio Jim\u00e9nez Pons, subsecretario de Transportes de la SICT, anunci\u00f3 que en 2023 podr\u00eda haber un acuerdo para que los precios anuales del espectro radioel\u00e9ctrico disminuyan.<\/li>\n<li>El IFT adelant\u00f3 que en 2023 pondr\u00e1 a disposici\u00f3n hasta 7,750 MHz de espectro radioel\u00e9ctrico en bandas milim\u00e9tricas para el despliegue de redes 5G.<\/li>\n<li><strong>Diciembre<\/strong>. Telef\u00f3nica Movistar present\u00f3 su red de quinta generaci\u00f3n.<\/li>\n<\/ol>\n","protected":false},"excerpt":{"rendered":"<p>En materia digital y de telecomunicaciones, 2022 estuvo marcado por acontecimientos relevantes como el lanzamiento&#8230;<\/p>\n","protected":false},"author":1,"featured_media":10838,"comment_status":"open","ping_status":"closed","sticky":false,"template":"","format":"standard","meta":{"footnotes":""},"categories":[15],"tags":[],"class_list":["post-10836","post","type-post","status-publish","format-standard","has-post-thumbnail","hentry","category-politica"],"_links":{"self":[{"href":"https:\/\/xn--huracnpolmicocancnquintanaroo-knc6wmu.com\/index.php?rest_route=\/wp\/v2\/posts\/10836","targetHints":{"allow":["GET"]}}],"collection":[{"href":"https:\/\/xn--huracnpolmicocancnquintanaroo-knc6wmu.com\/index.php?rest_route=\/wp\/v2\/posts"}],"about":[{"href":"https:\/\/xn--huracnpolmicocancnquintanaroo-knc6wmu.com\/index.php?rest_route=\/wp\/v2\/types\/post"}],"author":[{"embeddable":true,"href":"https:\/\/xn--huracnpolmicocancnquintanaroo-knc6wmu.com\/index.php?rest_route=\/wp\/v2\/users\/1"}],"replies":[{"embeddable":true,"href":"https:\/\/xn--huracnpolmicocancnquintanaroo-knc6wmu.com\/index.php?rest_route=%2Fwp%2Fv2%2Fcomments&post=10836"}],"version-history":[{"count":1,"href":"https:\/\/xn--huracnpolmicocancnquintanaroo-knc6wmu.com\/index.php?rest_route=\/wp\/v2\/posts\/10836\/revisions"}],"predecessor-version":[{"id":10837,"href":"https:\/\/xn--huracnpolmicocancnquintanaroo-knc6wmu.com\/index.php?rest_route=\/wp\/v2\/posts\/10836\/revisions\/10837"}],"wp:featuredmedia":[{"embeddable":true,"href":"https:\/\/xn--huracnpolmicocancnquintanaroo-knc6wmu.com\/index.php?rest_route=\/wp\/v2\/media\/10838"}],"wp:attachment":[{"href":"https:\/\/xn--huracnpolmicocancnquintanaroo-knc6wmu.com\/index.php?rest_route=%2Fwp%2Fv2%2Fmedia&parent=10836"}],"wp:term":[{"taxonomy":"category","embeddable":true,"href":"https:\/\/xn--huracnpolmicocancnquintanaroo-knc6wmu.com\/index.php?rest_route=%2Fwp%2Fv2%2Fcategories&post=10836"},{"taxonomy":"post_tag","embeddable":true,"href":"https:\/\/xn--huracnpolmicocancnquintanaroo-knc6wmu.com\/index.php?rest_route=%2Fwp%2Fv2%2Ftags&post=10836"}],"curies":[{"name":"wp","href":"https:\/\/api.w.org\/{rel}","templated":true}]}}