{"id":11269,"date":"2023-01-12T16:12:46","date_gmt":"2023-01-12T21:12:46","guid":{"rendered":"https:\/\/xn--huracnpolmicocancnquintanaroo-knc6wmu.com\/?p=11269"},"modified":"2023-01-12T21:12:48","modified_gmt":"2023-01-12T21:12:48","slug":"cancun-tiene-secretario-de-turismo-por-primera-vez","status":"publish","type":"post","link":"https:\/\/xn--huracnpolmicocancnquintanaroo-knc6wmu.com\/?p=11269","title":{"rendered":"Canc\u00fan tiene Secretario de Turismo por primera vez"},"content":{"rendered":"<div class=\"row\">\n<div class=\"col-sm-xl-12 layout-section wrap-bottom\">\n<h4 class=\"primary-font__PrimaryFontStyles-o56yd5-0 heuGTu h4-primary sub-headline\" style=\"text-align: center;\">Juan Pablo De Zulueta encabeza la Secretar\u00eda de Turismo de Canc\u00fan desde el 1 de enero, tras ser el titular de la Direcci\u00f3n General de Turismo de Benito Ju\u00e1rez.<\/h4>\n<div class=\"default__StyledDiv-cj38t1-0 gCPfDm share-bar\">\n<p class=\"default__StyledText-xb1qmn-0 cgXrXK body-paragraph\">En un a\u00f1o en el que cumplir\u00e1 53 a\u00f1os de edad,\u00a0la ciudad de Canc\u00fan\u00a0estren\u00f3 el 1 de enero una Secretar\u00eda de Turismo, su principal actividad econ\u00f3mica. La dependencia es encabezada por Juan Pablo De Zulueta.<\/p>\n<p class=\"default__StyledText-xb1qmn-0 cgXrXK body-paragraph\">Se trata de un funcionario graduado en Relaciones Internacionales, cuyas tareas en esta actividad las inici\u00f3 en octubre como titular de la entonces Direcci\u00f3n General de Turismo de Benito Ju\u00e1rez &#8211;municipio al que pertenece Canc\u00fan&#8211; que adquiri\u00f3 nivel de Secretar\u00eda, en aprobaci\u00f3n un\u00e1nime del Cabildo.<\/p>\n<div id=\"arcad-feature-3020\" class=\"default__StyledAdUnit-ijbiyl-0 dmQA-dM arcad-feature margin-md-bottom \">\n<div class=\"arcad-container\">\n<div id=\"lazy_3\">\n<div id=\"inread_oop\" class=\"arcad ad-1x1\" data-google-query-id=\"CObHxbn4wvwCFXtFDwIdauUNOw\">\n<div id=\"google_ads_iframe_\/77835600\/ElFinanciero__internas\/inread_oop_0__container__\"><\/div>\n<\/div>\n<\/div>\n<\/div>\n<\/div>\n<p class=\"default__StyledText-xb1qmn-0 cgXrXK body-paragraph\">Juan Pablo De Zulueta fue nombrado por la presidenta municipal, Ana Patricia Peralta, quien junto con la gobernadora del estado, Mara Lezama, impuls\u00f3 la creaci\u00f3n de la nueva dependencia.<\/p>\n<p class=\"default__StyledText-xb1qmn-0 cgXrXK body-paragraph\">Previamente, De Zulueta comenz\u00f3 su carrera pol\u00edtica en 2018, cuando la actual\u00a0mandataria estatal, lo invit\u00f3 a formar parte de su equipo municipal, en su periodo como alcaldesa, del cual el funcionario fue nombrado como Director de Relaciones P\u00fablicas y Asuntos Internacionales.<\/p>\n<article class=\"container-fluid inline-promo border border_solid border_top color_black_1\">\n<div class=\"inline-promo-wrapper inline-promo-image\">\n<p class=\"default__StyledText-xb1qmn-0 cgXrXK body-paragraph\">Desarroll\u00f3 proyectos como \u201cCanc\u00fan A Trav\u00e9s De Tus Ojos\u201d, un concurso de fotograf\u00eda donde participaron m\u00e1s de 800 j\u00f3venes entre los 16 y 29 a\u00f1os; consigui\u00f3 alianzas con cuatro ciudades hermanas para Canc\u00fan: Naperville, M\u00e9rida, Quer\u00e9taro y Ensenada.<\/p>\n<p class=\"default__StyledText-xb1qmn-0 cgXrXK body-paragraph\">Entre otras actividades lanz\u00f3 la campa\u00f1a de Tierras Unidas para una reactivaci\u00f3n econ\u00f3mica a nivel nacional.<\/p>\n<div id=\"arcad-feature-8117\" class=\"default__StyledAdUnit-ijbiyl-0 dmQA-dM arcad-feature margin-md-bottom \">\n<div class=\"arcad-container\">\n<div id=\"lazy_4\">\n<div id=\"box_banner1\" class=\"arcad ad-300x250\" data-google-query-id=\"COH-lK74wvwCFcVLDwIdGOYPgw\">\n<div id=\"google_ads_iframe_\/77835600\/ElFinanciero__estados\/box_banner1_0__container__\"><\/div>\n<\/div>\n<\/div>\n<\/div>\n<\/div>\n<p class=\"default__StyledText-xb1qmn-0 cgXrXK body-paragraph\">En entrevista, Juan Pablo De Zulueta expuso las ventajas de que la Direcci\u00f3n General se haya convertido en Secretar\u00eda, entre ellas, la independencia en la toma de decisiones y el acceso a su propio presupuesto para desarrollar actividades.<\/p>\n<p class=\"default__StyledText-xb1qmn-0 cgXrXK body-paragraph\">Tambi\u00e9n destac\u00f3 la dimensi\u00f3n adquirida por Canc\u00fan durante la pandemia al ubicarse en 2021 como el segundo destino de viajeros en el mundo, solo despu\u00e9s de Dubai.<\/p>\n<\/div>\n<\/article>\n<\/div>\n<\/div>\n<\/div>\n<div class=\"row\">\n<div class=\"col-sm-md-12 col-lg-xl-8 left-article-section ie-flex-100-percent-sm layout-section\">\n<p class=\"default__StyledText-xb1qmn-0 cgXrXK body-paragraph\">Lo anterior motivado entre otras razones, por dejar abiertas sus puertas a vacacionistas internacionales, lo que permiti\u00f3 mantener la actividad econ\u00f3mica y las fuentes de empleo vitales no solo para la ciudad, sino para todo el estado de Quintana Roo.<\/p>\n<p class=\"default__StyledText-xb1qmn-0 cgXrXK body-paragraph\">El Secretario de Turismo de Canc\u00fan advierte la relevancia del \u201cturismo social\u201d que ofrece esa poblaci\u00f3n y que forma parte de la estrategia que le permite mantenerse siempre vigente.<\/p>\n<p class=\"default__StyledText-xb1qmn-0 cgXrXK body-paragraph\">Se basa, explica el funcionario, en la cercan\u00eda y calidez de camaristas, meseros, gerentes y todo el personal que atiende a los turistas principalmente provenientes de Estados Unidos y de distintos estados de M\u00e9xico.<\/p>\n<p class=\"default__StyledText-xb1qmn-0 cgXrXK body-paragraph\">La repercusi\u00f3n es la constante llegada de turistas. Canc\u00fan tiene una de las dos terminales a\u00e9reas m\u00e1s importantes del pa\u00eds, misma que el a\u00f1o pasado cerr\u00f3 con m\u00e1s de 30 millones de pasajeros atendidos.<\/p>\n<p class=\"default__StyledText-xb1qmn-0 cgXrXK body-paragraph\">\u201cDurante la celebraci\u00f3n de esos 30 millones de pasajeros conocimos el caso de una se\u00f1ora que vino por quinta vez a Canc\u00fan, porque nunca se cansa de lo que ofrecemos aqu\u00ed\u201d, coment\u00f3 De Zulueta, quien incluye en su curr\u00edculum estudios en diplomados de Buen Gobierno y Gesti\u00f3n P\u00fablica Estrat\u00e9gica en la Universidad An\u00e1huac, y otro de Turismo Sustentable y Protecci\u00f3n del Medio Ambiente, en la Universidad de Copenhague.<\/p>\n<p class=\"default__StyledText-xb1qmn-0 cgXrXK body-paragraph\">La Secretar\u00eda de Turismo propiciar\u00e1 una mejor educaci\u00f3n para los trabajadores del turismo, que incluya el aprendizaje del idioma ingl\u00e9s, en \u00e1nimo de que los cancunenses puedan prosperar en sus carreras profesionales, explic\u00f3 el entrevistado.<\/p>\n<p class=\"default__StyledText-xb1qmn-0 cgXrXK body-paragraph\">Juan Pablo de Zulueta ha venido trabajando en cinco ejes de acci\u00f3n:<\/p>\n<p class=\"default__StyledText-xb1qmn-0 cgXrXK body-paragraph\"><b>Ponencias en universidades<\/b>, que incluye la de \u201cRecuperaci\u00f3n Econ\u00f3mica Post-pandemia\u201d, para dar a conocer a las y los estudiantes c\u00f3mo Canc\u00fan se convirti\u00f3 en un ejemplo de recuperaci\u00f3n econ\u00f3mica mundial, cu\u00e1les fueron las estrategias de la iniciativa privada y p\u00fablica para beneficio del turismo.<\/p>\n<p class=\"default__StyledText-xb1qmn-0 cgXrXK body-paragraph\"><b>Educatur<\/b>, que contempla la pl\u00e1tica \u201cCultura Tur\u00edstica Incluyente y Sostenibilidad Ambiental en el Turismo\u201d en escuelas primarias para alumnos de 5to y 6to grado, con el prop\u00f3sito de generar conciencia en los ni\u00f1os desde una temprana edad.<\/p>\n<p class=\"default__StyledText-xb1qmn-0 cgXrXK body-paragraph\"><b>Turiball<\/b>, con la iniciativa llamada \u201cJugando con el Coraz\u00f3n\u201d, que busca unificar a los habitantes locales con los turistas, por medio de un torneo de voleibol de playa que se llevar\u00e1 a cabo, tentativamente, en Playa Marl\u00edn el 11 de febrero de 2023.<\/p>\n<p class=\"default__StyledText-xb1qmn-0 cgXrXK body-paragraph\"><b>Social<\/b>, de navegaci\u00f3n con amigos, proyecto con la tripulaci\u00f3n de la embarcaci\u00f3n Captain Hook, Fundaci\u00f3n Karisma y Fundaci\u00f3n Palace Resorts, para que 200 ni\u00f1os de escasos recursos, zonas marginales y capacidades diferentes, puedan disfrutar la experiencia que ofrece el barco pirata. Hoy, Canc\u00fan cuenta con 31 embarcaciones sostenibles certificadas, lo que ayuda a proteger arrecifes en riesgo.<\/p>\n<p class=\"default__StyledText-xb1qmn-0 cgXrXK body-paragraph\"><b>M\u00e9dico<\/b>, eje que contempla un convenio con hospitales para que se trabaje en conjunto cuando alg\u00fan turista nacional o internacional sufra alg\u00fan incidente.<\/p>\n<h2 class=\"heading__StyledHeading-sc-5jxglz-0 kSxoe\">\u00bfCu\u00e1ndo naci\u00f3 Canc\u00fan?<\/h2>\n<p class=\"default__StyledText-xb1qmn-0 cgXrXK body-paragraph\">De acuerdo con informaci\u00f3n del Gobierno federal, tras la conquista espa\u00f1ola, la isla Cancu\u00e9n o Punta Kancune, fue registrada por primera vez en 1776 por el cart\u00f3grafo espa\u00f1ol Juan de Dios Gonz\u00e1lez.<\/p>\n<p class=\"default__StyledText-xb1qmn-0 cgXrXK body-paragraph\">Doscientos a\u00f1os despu\u00e9s viv\u00edan en la ciudad s\u00f3lo unos cuantos residentes temporales.<\/p>\n<p class=\"default__StyledText-xb1qmn-0 cgXrXK body-paragraph\">En 1972 se coloc\u00f3 la primera piedra del hotel Boj\u00f3rquez. Actualmente, Canc\u00fan cuenta con una infraestructura de unos 38 mil cuartos de hotel de distintas categor\u00edas.<\/p>\n<p class=\"default__StyledText-xb1qmn-0 cgXrXK body-paragraph\">Para el a\u00f1o de 1973 se inaugur\u00f3 el aeropuerto internacional de Canc\u00fan, con una pista en lo que hoy es la avenida Kabah y una torre de control hecha a base de palos y palma.<\/p>\n<p class=\"default__StyledText-xb1qmn-0 cgXrXK body-paragraph\">Fue en abril de 1975 cuando oficialmente se constituy\u00f3 el municipio de Benito Ju\u00e1rez, cuya cabecera es Canc\u00fan, que se ha convertido en el destino tur\u00edstico m\u00e1s importante de M\u00e9xico y uno de los m\u00e1s reconocidos a nivel mundial.<\/p>\n<p class=\"default__StyledText-xb1qmn-0 cgXrXK body-paragraph\">Entre las razones est\u00e1n sus paradis\u00edacas playas de arena blanca y que frente a Canc\u00fan se encuentra la segunda barrera de coral m\u00e1s grande en el mundo, el \u201cGran Arrecife Maya\u201d.<\/p>\n<\/div>\n<\/div>\n","protected":false},"excerpt":{"rendered":"<p>Juan Pablo De Zulueta encabeza la Secretar\u00eda de Turismo de Canc\u00fan desde el 1 de&#8230;<\/p>\n","protected":false},"author":1,"featured_media":11271,"comment_status":"open","ping_status":"closed","sticky":false,"template":"","format":"standard","meta":{"footnotes":""},"categories":[2],"tags":[],"class_list":["post-11269","post","type-post","status-publish","format-standard","has-post-thumbnail","hentry","category-local"],"_links":{"self":[{"href":"https:\/\/xn--huracnpolmicocancnquintanaroo-knc6wmu.com\/index.php?rest_route=\/wp\/v2\/posts\/11269","targetHints":{"allow":["GET"]}}],"collection":[{"href":"https:\/\/xn--huracnpolmicocancnquintanaroo-knc6wmu.com\/index.php?rest_route=\/wp\/v2\/posts"}],"about":[{"href":"https:\/\/xn--huracnpolmicocancnquintanaroo-knc6wmu.com\/index.php?rest_route=\/wp\/v2\/types\/post"}],"author":[{"embeddable":true,"href":"https:\/\/xn--huracnpolmicocancnquintanaroo-knc6wmu.com\/index.php?rest_route=\/wp\/v2\/users\/1"}],"replies":[{"embeddable":true,"href":"https:\/\/xn--huracnpolmicocancnquintanaroo-knc6wmu.com\/index.php?rest_route=%2Fwp%2Fv2%2Fcomments&post=11269"}],"version-history":[{"count":1,"href":"https:\/\/xn--huracnpolmicocancnquintanaroo-knc6wmu.com\/index.php?rest_route=\/wp\/v2\/posts\/11269\/revisions"}],"predecessor-version":[{"id":11270,"href":"https:\/\/xn--huracnpolmicocancnquintanaroo-knc6wmu.com\/index.php?rest_route=\/wp\/v2\/posts\/11269\/revisions\/11270"}],"wp:featuredmedia":[{"embeddable":true,"href":"https:\/\/xn--huracnpolmicocancnquintanaroo-knc6wmu.com\/index.php?rest_route=\/wp\/v2\/media\/11271"}],"wp:attachment":[{"href":"https:\/\/xn--huracnpolmicocancnquintanaroo-knc6wmu.com\/index.php?rest_route=%2Fwp%2Fv2%2Fmedia&parent=11269"}],"wp:term":[{"taxonomy":"category","embeddable":true,"href":"https:\/\/xn--huracnpolmicocancnquintanaroo-knc6wmu.com\/index.php?rest_route=%2Fwp%2Fv2%2Fcategories&post=11269"},{"taxonomy":"post_tag","embeddable":true,"href":"https:\/\/xn--huracnpolmicocancnquintanaroo-knc6wmu.com\/index.php?rest_route=%2Fwp%2Fv2%2Ftags&post=11269"}],"curies":[{"name":"wp","href":"https:\/\/api.w.org\/{rel}","templated":true}]}}