{"id":11374,"date":"2023-01-16T16:29:11","date_gmt":"2023-01-16T21:29:11","guid":{"rendered":"https:\/\/xn--huracnpolmicocancnquintanaroo-knc6wmu.com\/?p=11374"},"modified":"2023-01-16T21:29:21","modified_gmt":"2023-01-16T21:29:21","slug":"habra-o-no-una-recesion-en-mexico-en-2023","status":"publish","type":"post","link":"https:\/\/xn--huracnpolmicocancnquintanaroo-knc6wmu.com\/?p=11374","title":{"rendered":"\u00bfHabr\u00e1 o no una recesi\u00f3n en M\u00e9xico en 2023?"},"content":{"rendered":"<div class=\"row\">\n<div class=\"col-sm-xl-12 layout-section wrap-bottom\">\n<h4 class=\"primary-font__PrimaryFontStyles-o56yd5-0 heuGTu h4-primary sub-headline\" style=\"text-align: center;\">Lo m\u00e1s probable es que tengamos un crecimiento a un ritmo m\u00e1s moderado, pero no una ca\u00edda en variables econ\u00f3micas como el PIB, el empleo o la actividad comercial.<\/h4>\n<div class=\"default__StyledDiv-cj38t1-0 gCPfDm share-bar\">\n<p class=\"default__StyledText-xb1qmn-0 cgXrXK body-paragraph\">Esta es una pregunta que se hace cada vez con mayor frecuencia.<\/p>\n<p class=\"default__StyledText-xb1qmn-0 cgXrXK body-paragraph\">Hace unos cuantos d\u00edas,\u00a0<b>Bank of America<\/b>\u00a0present\u00f3 su estimaci\u00f3n del crecimiento del PIB para este a\u00f1o y se\u00f1al\u00f3 que espera que en M\u00e9xico haya una ca\u00edda de\u00a0<b>-0.5 por ciento.<\/b><\/p>\n<p class=\"default__StyledText-xb1qmn-0 cgXrXK body-paragraph\">Aunque todav\u00eda son pocos los analistas que suponen que habr\u00e1 un retroceso de nuestra econom\u00eda este a\u00f1o, hay ya cuatro que estiman que el crecimiento ser\u00e1 de medio punto o menos.<\/p>\n<p class=\"default__StyledText-xb1qmn-0 cgXrXK body-paragraph\">El consenso se\u00f1ala un estimado de\u00a0<b>0.9 por ciento.<\/b>Creo que algo que puede ocurrir en el curso de los pr\u00f3ximos meses es\u00a0<b>un cambio de percepciones<\/b>\u00a0parecido al que tuvo lugar en 2022.<\/p>\n<p class=\"default__StyledText-xb1qmn-0 cgXrXK body-paragraph\">Si recordamos cu\u00e1l era el pron\u00f3stico para el crecimiento econ\u00f3mico de enero del a\u00f1o pasado, encontramos que\u00a0<b>la estimaci\u00f3n del consenso era de 2.3 por ciento.<\/b><\/p>\n<p class=\"default__StyledText-xb1qmn-0 cgXrXK body-paragraph\">El resultado, que conoceremos preliminarmente el 31 de enero pr\u00f3ximo, ser\u00e1 muy probablemente de 3.2 por ciento, casi un punto porcentual por arriba de las previsiones iniciales.<\/p>\n<p class=\"default__StyledText-xb1qmn-0 cgXrXK body-paragraph\">\u00bfPor qu\u00e9 creo que eventualmente van a elevarse las estimaciones del PIB en los pr\u00f3ximos meses?<\/p>\n<p class=\"default__StyledText-xb1qmn-0 cgXrXK body-paragraph\">Por una parte, por el hecho de que a\u00fan existe duda respecto a la profundidad y duraci\u00f3n de una posible recesi\u00f3n en Estados Unidos.<\/p>\n<p class=\"default__StyledText-xb1qmn-0 cgXrXK body-paragraph\">Existen\u00a0<b>algunas variables que se ven sumamente robustas,<\/b>\u00a0claramente el empleo.<\/p>\n<p class=\"default__StyledText-xb1qmn-0 cgXrXK body-paragraph\">El \u00faltimo dato, correspondiente al mes de diciembre, se\u00f1al\u00f3 la creaci\u00f3n de<b>\u00a0223 mil nuevos empleos<\/b>, si bien la cifra es menor que en meses anteriores, la econom\u00eda sigue demandando fuerza laboral y\u00a0<b>la tasa de desempleo est\u00e1 en 3.5 por ciento<\/b>, por lo que se considera que la econom\u00eda est\u00e1 virtualmente en pleno empleo.<\/p>\n<p class=\"default__StyledText-xb1qmn-0 cgXrXK body-paragraph\">Incluso, los indicadores de remuneraci\u00f3n tambi\u00e9n se encuentran elevados, lo que indica que persiste una fuerte demanda de trabajadores.<\/p>\n<p class=\"default__StyledText-xb1qmn-0 cgXrXK body-paragraph\">Esto no es compatible con un escenario de recesi\u00f3n.<\/p>\n<p class=\"default__StyledText-xb1qmn-0 cgXrXK body-paragraph\">Pero, aun suponiendo que s\u00ed se presentara \u00e9sta, lo m\u00e1s probable es que se trate de\u00a0<b>una recesi\u00f3n corta y poco profunda.<\/b><\/p>\n<p class=\"default__StyledText-xb1qmn-0 cgXrXK body-paragraph\">No por ello dejar\u00eda de tener un impacto en la econom\u00eda mexicana, particularmente en los sectores y regiones que se encuentran asociados a la exportaci\u00f3n.<\/p>\n<p class=\"default__StyledText-xb1qmn-0 cgXrXK body-paragraph\">Sin embargo ese efecto presumiblemente ser\u00eda leve.<\/p>\n<p class=\"default__StyledText-xb1qmn-0 cgXrXK body-paragraph\">Por otro lado, no debemos olvidar que<b>\u00a0el consumo privado representa el 69 por ciento del PIB.<\/b><\/p>\n<p class=\"default__StyledText-xb1qmn-0 cgXrXK body-paragraph\">Esto significa que la din\u00e1mica econ\u00f3mica va a estar fuertemente influida por lo que ocurra en nuestro mercado interno.<\/p>\n<p class=\"default__StyledText-xb1qmn-0 cgXrXK body-paragraph\">Hasta ahora, pese a que hay indicios de desaceleraci\u00f3n en el consumo privado, no hay evidencias de que vaya a presentarse una ca\u00edda.<\/p>\n<p class=\"default__StyledText-xb1qmn-0 cgXrXK body-paragraph\">Variables como, por ejemplo, el\u00a0<b>cr\u00e9dito al consumo<\/b>\u00a0crecen todav\u00eda a tasas elevadas, un\u00a0<b>9 por ciento<\/b>\u00a0en t\u00e9rminos reales en noviembre.<\/p>\n<p class=\"default__StyledText-xb1qmn-0 cgXrXK body-paragraph\">Las revisiones salariales contractuales siguen tambi\u00e9n a tasas altas y el incremento del\u00a0<b>salario promedio de cotizaci\u00f3n<\/b>\u00a0hasta el mes de diciembre fue de\u00a0<b>11 por ciento.<\/b><\/p>\n<p class=\"default__StyledText-xb1qmn-0 cgXrXK body-paragraph\">El monitor de consumo de BBVA tambi\u00e9n indica que, luego de un freno en noviembre, se present\u00f3 un repunte en el mes de diciembre.<\/p>\n<p class=\"default__StyledText-xb1qmn-0 cgXrXK body-paragraph\">Esto no significa que no vaya a presentarse una desaceleraci\u00f3n, pero es algo diferente a una recesi\u00f3n.<\/p>\n<p class=\"default__StyledText-xb1qmn-0 cgXrXK body-paragraph\">Lo m\u00e1s probable es que tengamos un crecimiento a un ritmo m\u00e1s moderado, pero no una ca\u00edda en los niveles de variables econ\u00f3micas como el Producto Interno Bruto, el empleo o la actividad comercial.<\/p>\n<p class=\"default__StyledText-xb1qmn-0 cgXrXK body-paragraph\">Por eso, el crecimiento del PIB para este a\u00f1o, a mi parecer, estar\u00e1\u00a0<b>por arriba del 1 por ciento<\/b>, aunque por lo pronto se ve dif\u00edcil que llegue al 2 por ciento.<\/p>\n<p class=\"default__StyledText-xb1qmn-0 cgXrXK body-paragraph\">Como siempre, el ritmo econ\u00f3mico va a ser diferenciado por sectores y regiones, y si en otras ocasiones han sido los que se asocian a la exportaci\u00f3n los m\u00e1s beneficiados, probablemente en las circunstancias de este a\u00f1o lo que tengamos es un mejor desempe\u00f1o en aquellas regiones y sectores vinculados de manera m\u00e1s cercana con el mercado interno.<\/p>\n<\/div>\n<\/div>\n<\/div>\n<div class=\"row\">\n<aside class=\"col-sm-md-12 col-lg-xl-3 left-article-section ie-flex-100-percent-sm layout-section wrap-bottom\">\n<div class=\"columnist-focus display_flex--sm display_flex--md display_block--lg\"><\/div>\n<\/aside>\n<\/div>\n","protected":false},"excerpt":{"rendered":"<p>Lo m\u00e1s probable es que tengamos un crecimiento a un ritmo m\u00e1s moderado, pero no&#8230;<\/p>\n","protected":false},"author":1,"featured_media":11376,"comment_status":"open","ping_status":"closed","sticky":false,"template":"","format":"standard","meta":{"footnotes":""},"categories":[12],"tags":[],"class_list":["post-11374","post","type-post","status-publish","format-standard","has-post-thumbnail","hentry","category-nacional"],"_links":{"self":[{"href":"https:\/\/xn--huracnpolmicocancnquintanaroo-knc6wmu.com\/index.php?rest_route=\/wp\/v2\/posts\/11374","targetHints":{"allow":["GET"]}}],"collection":[{"href":"https:\/\/xn--huracnpolmicocancnquintanaroo-knc6wmu.com\/index.php?rest_route=\/wp\/v2\/posts"}],"about":[{"href":"https:\/\/xn--huracnpolmicocancnquintanaroo-knc6wmu.com\/index.php?rest_route=\/wp\/v2\/types\/post"}],"author":[{"embeddable":true,"href":"https:\/\/xn--huracnpolmicocancnquintanaroo-knc6wmu.com\/index.php?rest_route=\/wp\/v2\/users\/1"}],"replies":[{"embeddable":true,"href":"https:\/\/xn--huracnpolmicocancnquintanaroo-knc6wmu.com\/index.php?rest_route=%2Fwp%2Fv2%2Fcomments&post=11374"}],"version-history":[{"count":1,"href":"https:\/\/xn--huracnpolmicocancnquintanaroo-knc6wmu.com\/index.php?rest_route=\/wp\/v2\/posts\/11374\/revisions"}],"predecessor-version":[{"id":11375,"href":"https:\/\/xn--huracnpolmicocancnquintanaroo-knc6wmu.com\/index.php?rest_route=\/wp\/v2\/posts\/11374\/revisions\/11375"}],"wp:featuredmedia":[{"embeddable":true,"href":"https:\/\/xn--huracnpolmicocancnquintanaroo-knc6wmu.com\/index.php?rest_route=\/wp\/v2\/media\/11376"}],"wp:attachment":[{"href":"https:\/\/xn--huracnpolmicocancnquintanaroo-knc6wmu.com\/index.php?rest_route=%2Fwp%2Fv2%2Fmedia&parent=11374"}],"wp:term":[{"taxonomy":"category","embeddable":true,"href":"https:\/\/xn--huracnpolmicocancnquintanaroo-knc6wmu.com\/index.php?rest_route=%2Fwp%2Fv2%2Fcategories&post=11374"},{"taxonomy":"post_tag","embeddable":true,"href":"https:\/\/xn--huracnpolmicocancnquintanaroo-knc6wmu.com\/index.php?rest_route=%2Fwp%2Fv2%2Ftags&post=11374"}],"curies":[{"name":"wp","href":"https:\/\/api.w.org\/{rel}","templated":true}]}}