{"id":11380,"date":"2023-01-16T16:37:52","date_gmt":"2023-01-16T21:37:52","guid":{"rendered":"https:\/\/xn--huracnpolmicocancnquintanaroo-knc6wmu.com\/?p=11380"},"modified":"2023-01-16T21:38:03","modified_gmt":"2023-01-16T21:38:03","slug":"mexico-ofrece-oportunidades-para-que-empresas-de-espana-inviertan-en-turismo-cce","status":"publish","type":"post","link":"https:\/\/xn--huracnpolmicocancnquintanaroo-knc6wmu.com\/?p=11380","title":{"rendered":"M\u00e9xico ofrece oportunidades para que empresas de Espa\u00f1a inviertan en turismo: CCE"},"content":{"rendered":"<h4 style=\"text-align: center;\"><span class=\"f4_article-info__excerpt entry-summary\">Francisco Cervantes D\u00edaz, presidente del CCE, lidera una misi\u00f3n de representantes de empresas de M\u00e9xico en un foro en Espa\u00f1a.<\/span><\/h4>\n<p>Francisco Cervantes D\u00edaz, presidente del Consejo Coordinador Empresarial (CCE), asegur\u00f3 que M\u00e9xico ofrece oportunidades para que empresas de Espa\u00f1a inviertan en infraestructura tur\u00edstica de las costas de Oaxaca,\u00a0el Pac\u00edfico o el Mar Caribe, as\u00ed como en nuevas plantas industriales.<\/p>\n<p>\u201cM\u00e9xico continuar\u00e1 ofreciendo oportunidades para la inversi\u00f3n, derivado de sus necesidades de infraestructura en el corto plazo, as\u00ed como en temas que siguen teniendo m\u00e1rgenes importantes para su expansi\u00f3n, como lo es el turismo\u201d, declar\u00f3 durante el Foro Empresarial M\u00e9xico y Espa\u00f1a \u201cUna apuesta empresarial de futuro\u201d.<\/p>\n<p>El dirigente empresarial record\u00f3 que se ha iniciado en M\u00e9xico el despegue de la zona sur del pa\u00eds, que ofrece la oportunidad de inversi\u00f3n a nuevas plantas industriales.<\/p>\n<p>\u201cSomos muy afortunados de comenzar el a\u00f1o haciendo nuevas apuestas y abriendo nuevas expectativas para los empresarios de M\u00e9xico y de Espa\u00f1a, porque tenemos muchas razones para caminar juntos\u201d, declar\u00f3 el empresario.<\/p>\n<p>Cervantes D\u00edaz agreg\u00f3 que es un privilegio su presencia en Madrid, Espa\u00f1a, con l\u00edderes empresariales de las dos naciones para hermanar a la iniciativa privada.<\/p>\n<p>\u201cM\u00e9xico y Espa\u00f1a son dos naciones que se miran al espejo en muchas de sus facetas. Somos econom\u00edas de similar tama\u00f1o\u201d, se\u00f1al\u00f3.<\/p>\n<p>En el \u00e1mbito de la vida empresarial, M\u00e9xico y Espa\u00f1a viven vocaciones similares como la manufactura, comercio, turismo, sector agr\u00edcola y desarrollo de infraestructura, expres\u00f3 representante del\u00a0CCE, quien estuvo acompa\u00f1ado por Santiago Creel Miranda, presidente de la Mesa Directiva de la C\u00e1mara de Diputados.<\/p>\n<p class=\"fi-aic_90\">\u201cEspa\u00f1a es puerta de entrada para Europa, y M\u00e9xico lo es a la vez para Am\u00e9rica del Norte y Am\u00e9rica Latina\u201d, coment\u00f3 el presidente del CCE.<\/p>\n<p>A partir de la apertura de M\u00e9xico al comercio europeo y al mayor intercambio comercial y de inversi\u00f3n, la econom\u00eda mexicana tiene la oportunidad de contar con Espa\u00f1a como el segundo inversionista m\u00e1s importante del mundo, con 80 mil millones de d\u00f3lares invertidos en los \u00faltimos 24 a\u00f1os, agreg\u00f3.<\/p>\n<p>\u201cEspa\u00f1a se distingue entre la sociedad mexicana por sus inversiones, que con claridad han impulsado al sector financiero, al de telecomunicaciones, al energ\u00e9tico, al tur\u00edstico, al textil y a nuestra infraestructura. Espa\u00f1a es parte fundamental del desarrollo reciente de dichos sectores en M\u00e9xico\u201d, dijo Cervantes D\u00edaz.<\/p>\n<p>Santiago Creel fue invitado por la Confederaci\u00f3n Espa\u00f1ola de Organizaciones Empresariales (CEOE), organizaci\u00f3n hom\u00f3loga al Consejo Coordinador Empresarial (CCE), que agrupan a las principales asociaciones y c\u00e1maras industriales y de comercio y servicio de sus respectivos pa\u00edses.<\/p>\n<p class=\"fi-aic_90\">Desde la \u00f3ptica de la CEOE, la misi\u00f3n mexicana que visita Espa\u00f1a constituye una oportunidad hist\u00f3rica para analizar de primera mano la realidad econ\u00f3mica y empresarial de M\u00e9xico, as\u00ed como supone el mejor de los escenarios para identificar oportunidades de inversi\u00f3n para las empresas espa\u00f1olas.<\/p>\n<figure class=\"wp-block-embed is-type-rich is-provider-twitter wp-block-embed-twitter\">\n<div class=\"wp-block-embed__wrapper\">\n<p class=\"fi-aic_90\">Entre sus actividades, Creel sostuvo reuniones con el presidente de la CEOE, Antonio Garamendi, y con el ministro de Asuntos Exteriores, Uni\u00f3n Europea y Cooperaci\u00f3n del Reino de Espa\u00f1a, Jos\u00e9 Manuel Albares Bueno, entre otros.<\/p>\n<p>Tambi\u00e9n viajaron a Espa\u00f1a Sergio Contreras, vicepresidente ejecutivo del Consejo Empresarial Mexicano de Comercio Exterior, Inversi\u00f3n y Tecnolog\u00eda (Comce);\u00a0Jos\u00e9 Abugaber, presidente de Concamin; Guillermo Romero, secretario general de Concanaco Servytur, y Jos\u00e9 Loret de Mola, subsecretario de Coparmex.<\/p>\n<p>La delegaci\u00f3n empresarial mexicana llevar\u00e1 a cabo reuniones con instituciones espa\u00f1olas (p\u00fablicas\/privadas) y empresas, en donde tienen programado tratar temas relacionados con el comercio, industria, nuevas tecnolog\u00edas, obras p\u00fablicas, turismo, log\u00edstica y distribuci\u00f3n, entre otros.<\/p>\n<\/div>\n<\/figure>\n","protected":false},"excerpt":{"rendered":"<p>Francisco Cervantes D\u00edaz, presidente del CCE, lidera una misi\u00f3n de representantes de empresas de M\u00e9xico&#8230;<\/p>\n","protected":false},"author":1,"featured_media":11382,"comment_status":"open","ping_status":"closed","sticky":false,"template":"","format":"standard","meta":{"footnotes":""},"categories":[12],"tags":[],"class_list":["post-11380","post","type-post","status-publish","format-standard","has-post-thumbnail","hentry","category-nacional"],"_links":{"self":[{"href":"https:\/\/xn--huracnpolmicocancnquintanaroo-knc6wmu.com\/index.php?rest_route=\/wp\/v2\/posts\/11380","targetHints":{"allow":["GET"]}}],"collection":[{"href":"https:\/\/xn--huracnpolmicocancnquintanaroo-knc6wmu.com\/index.php?rest_route=\/wp\/v2\/posts"}],"about":[{"href":"https:\/\/xn--huracnpolmicocancnquintanaroo-knc6wmu.com\/index.php?rest_route=\/wp\/v2\/types\/post"}],"author":[{"embeddable":true,"href":"https:\/\/xn--huracnpolmicocancnquintanaroo-knc6wmu.com\/index.php?rest_route=\/wp\/v2\/users\/1"}],"replies":[{"embeddable":true,"href":"https:\/\/xn--huracnpolmicocancnquintanaroo-knc6wmu.com\/index.php?rest_route=%2Fwp%2Fv2%2Fcomments&post=11380"}],"version-history":[{"count":1,"href":"https:\/\/xn--huracnpolmicocancnquintanaroo-knc6wmu.com\/index.php?rest_route=\/wp\/v2\/posts\/11380\/revisions"}],"predecessor-version":[{"id":11381,"href":"https:\/\/xn--huracnpolmicocancnquintanaroo-knc6wmu.com\/index.php?rest_route=\/wp\/v2\/posts\/11380\/revisions\/11381"}],"wp:featuredmedia":[{"embeddable":true,"href":"https:\/\/xn--huracnpolmicocancnquintanaroo-knc6wmu.com\/index.php?rest_route=\/wp\/v2\/media\/11382"}],"wp:attachment":[{"href":"https:\/\/xn--huracnpolmicocancnquintanaroo-knc6wmu.com\/index.php?rest_route=%2Fwp%2Fv2%2Fmedia&parent=11380"}],"wp:term":[{"taxonomy":"category","embeddable":true,"href":"https:\/\/xn--huracnpolmicocancnquintanaroo-knc6wmu.com\/index.php?rest_route=%2Fwp%2Fv2%2Fcategories&post=11380"},{"taxonomy":"post_tag","embeddable":true,"href":"https:\/\/xn--huracnpolmicocancnquintanaroo-knc6wmu.com\/index.php?rest_route=%2Fwp%2Fv2%2Ftags&post=11380"}],"curies":[{"name":"wp","href":"https:\/\/api.w.org\/{rel}","templated":true}]}}