{"id":11527,"date":"2023-01-19T16:05:37","date_gmt":"2023-01-19T21:05:37","guid":{"rendered":"https:\/\/xn--huracnpolmicocancnquintanaroo-knc6wmu.com\/?p=11527"},"modified":"2023-01-19T21:05:38","modified_gmt":"2023-01-19T21:05:38","slug":"uber-podra-operar-en-cancun-tras-anos-de-batalla-legal","status":"publish","type":"post","link":"https:\/\/xn--huracnpolmicocancnquintanaroo-knc6wmu.com\/?p=11527","title":{"rendered":"Uber podr\u00e1 operar en Canc\u00fan tras a\u00f1os de batalla legal"},"content":{"rendered":"<div class=\"row\">\n<div class=\"col-sm-xl-12 layout-section wrap-bottom\">\n<h4 class=\"primary-font__PrimaryFontStyles-o56yd5-0 gRFKZT h4-primary sub-headline\" style=\"text-align: center;\">La decisi\u00f3n permite a la plataforma operar sin necesidad de tramitar una concesi\u00f3n p\u00fablica, un requisito para las empresas de transporte en el estado de Quintana Roo.<\/h4>\n<div class=\"ts-share-bar\">\n<p class=\"default__StyledText-oqc75h-0 fvihRr body-paragraph\">Los conductores de Uber en Canc\u00fan esperan que las golpizas y amenazas que denuncian desde hace a\u00f1os queden atr\u00e1s, luego de que la justicia autorizara su labor en esta ciudad del Caribe mexicano que recibe anualmente 30 millones de turistas.<\/p>\n<div id=\"inline-container\" class=\"default__DivComponent-oqc75h-3 jLMfEd\"><\/div>\n<div class=\"default__DivComponent-oqc75h-3 jLMfEd article-body-wrapper__styled\">\n<p class=\"default__StyledText-oqc75h-0 fvihRr body-paragraph\">\u201cHemos pasado tres a\u00f1os de agresiones, amenazas, abusos de autoridad\u201d, dijo el mi\u00e9rcoles 18 de enero a la AFP \u00c1gueda Esperilla, vocera de los choferes, que la semana pasada lograron un amparo judicial rechazado por los taxistas de la ciudad.<\/p>\n<div class=\"default__StyledContainer-sc-72shb9-0 emEAQo\">\n<div id=\"piano-inline\"><\/div>\n<\/div>\n<div id=\"gnad-feature-billboard1\" class=\"default__StyledAdUnit-sc-1dqdtve-0 MfTzR dfp-container max-content-ad \" data-width=\"728\" data-height=\"90\">\n<div class=\"gnad-container vertical-centered\">\n<div id=\"gnad-f0fRoI72FJbn6x3-c662c634dfbf9\" class=\"gnad ad-billboard1\" data-test-id=\"adslot-billboard1\"><\/div>\n<\/div>\n<\/div>\n<p class=\"default__StyledText-oqc75h-0 fvihRr body-paragraph\">La decisi\u00f3n permite a la plataforma operar sin necesidad de tramitar una concesi\u00f3n p\u00fablica, un requisito para las empresas de transporte en el estado de Quintana Roo (sureste).<\/p>\n<p class=\"default__StyledText-oqc75h-0 fvihRr body-paragraph\">Los sindicatos de taxistas \u2014que solo en Canc\u00fan tienen 12.000 afiliados\u2014 consideran que se trata de una \u201ccompetencia desleal\u201d.<\/p>\n<div id=\"gnad-feature-box1\" class=\"default__StyledAdUnit-sc-1dqdtve-0 MfTzR dfp-container \" data-width=\"300\" data-height=\"250\">\n<div class=\"gnad-container vertical-centered\">\n<div id=\"gnad-f0flCgmJdv909hy-46e737ec8c51d\" class=\"gnad ad-box1\" data-test-id=\"adslot-box1\" data-google-query-id=\"COHnu7XE1PwCFWMRiwodVQkNJg\">\n<div id=\"google_ads_iframe_\/175346488\/financiero-rd\/box1_0__container__\"><\/div>\n<\/div>\n<\/div>\n<\/div>\n<p class=\"default__StyledText-oqc75h-0 fvihRr body-paragraph\">Pero Uber, que interpuso el recurso legal en 2018, logr\u00f3 convencer al juzgado de que no ofrece un servicio de transporte p\u00fablico, sino que es un acuerdo entre privados y por tanto no est\u00e1 sujeto a la ley de movilidad estatal.<\/p>\n<p class=\"default__StyledText-oqc75h-0 fvihRr body-paragraph\">El fallo tambi\u00e9n la autoriza a operar en los populares balnearios de Playa del Carmen y Tulum.<\/p>\n<p class=\"default__StyledText-oqc75h-0 fvihRr body-paragraph\">Uber comenz\u00f3 a funcionar en Canc\u00fan en 2016, desatando un conflicto con 14 sindicatos que desde hace d\u00e9cadas monopolizan el servicio de taxis en Quintana Roo, cuyas playas atraen anualmente a la mitad de los extranjeros que visitan M\u00e9xico (58,7 millones entre enero y noviembre de 2022).<\/p>\n<p class=\"default__StyledText-oqc75h-0 fvihRr body-paragraph\">La disputa escal\u00f3 hasta las agresiones. Varios conductores de Uber han denunciado &#8220;cacer\u00edas&#8221; por parte de taxistas, que los interceptan en la llamada zona hotelera y obligan a los pasajeros a descender de los veh\u00edculos.<\/p>\n<p class=\"default__StyledText-oqc75h-0 fvihRr body-paragraph\">Algunos choferes aseguran haber sido golpeados, amenazados de muerte o sufrido da\u00f1o en sus autos con pedradas. Los sindicatos se han deslindado de esas acusaciones.<\/p>\n<p class=\"default__StyledText-oqc75h-0 fvihRr body-paragraph\">Esperilla cuenta que fue v\u00edctima de un ataque en 2020, cuando transportaba a unos turistas al aeropuerto a la altura del &#8220;codo de la muerte&#8221;, como sus colegas llaman a un sector donde suelen concentrarse los taxistas.<\/p>\n<p class=\"default__StyledText-oqc75h-0 fvihRr body-paragraph\">&#8220;Cuatro taxistas trataron de abrirme el carro y lo empezaron a patear. Con una piedra enorme, uno de ellos me revienta el cristal (del parabrisas). Los polic\u00edas nunca hicieron nada por seguir a los agresores&#8221;, relat\u00f3 la conductora.<\/p>\n<p class=\"default__StyledText-oqc75h-0 fvihRr body-paragraph\">&#8220;Hacemos un llamado a las autoridades para que de una vez por todas pongan un alto a los abusos de los sindicatos&#8221;, a\u00f1adi\u00f3.<\/p>\n<p class=\"default__StyledText-oqc75h-0 fvihRr body-paragraph\">Pese al amparo, Uber no podr\u00e1 operar de inmediato, pues antes se tiene que modificar la ley. Sin embargo, la aplicaci\u00f3n funcionaba aun sin el amparo y pese a las agresiones.<\/p>\n<p class=\"default__StyledText-oqc75h-0 fvihRr body-paragraph\">La plataforma ha ganado terreno en medio de cr\u00edticas al servicio y los importes que cobran algunos taxistas.<\/p>\n<p class=\"default__StyledText-oqc75h-0 fvihRr body-paragraph\">Janik, turista franc\u00e9s, lamenta que no exista una tarifa unificada entre las empresas formales para los viajes entre el aeropuerto y los hoteles.<\/p>\n<p class=\"default__StyledText-oqc75h-0 fvihRr body-paragraph\">\u201cDos precios por un mismo servicio. Uno muy caro y otro mejor. Al final fueron $65\u201c, dijo a la AFP.<\/p>\n<p class=\"default__StyledText-oqc75h-0 fvihRr body-paragraph\">En contraste, Martin, turista irland\u00e9s, justific\u00f3 los costos y elogi\u00f3 la atenci\u00f3n.<\/p>\n<p class=\"default__StyledText-oqc75h-0 fvihRr body-paragraph\">&#8220;Del aeropuerto al hotel fue muy buena experiencia, no tengo quejas al respecto. Quiz\u00e1 los taxis son un poco caros, pero est\u00e1n intentando ganar dinero como lo hacemos todos&#8221;, sostuvo.<\/p>\n<p class=\"default__StyledText-oqc75h-0 fvihRr body-paragraph\">Uber enfrenta restricciones en otras ciudades del pa\u00eds donde funciona desde hace a\u00f1os, como Ciudad de M\u00e9xico y Guadalajara.<\/p>\n<p class=\"default__StyledText-oqc75h-0 fvihRr body-paragraph\">En junio pasado, las autoridades prohibieron a las aplicaciones de transporte recoger pasajeros en el aeropuerto capitalino, lo que gener\u00f3 reclamos de usuarios ante las tarifas que cobran los taxis concesionados de la terminal. Pero en la pr\u00e1ctica, el servicio contin\u00faa funcionando.<\/p>\n<\/div>\n<\/div>\n<\/div>\n<\/div>\n<div class=\"row\">\n<div class=\"col-sm-md-12 col-lg-xl-8 left-article-section ie-flex-100-percent-sm layout-section\"><\/div>\n<\/div>\n","protected":false},"excerpt":{"rendered":"<p>La decisi\u00f3n permite a la plataforma operar sin necesidad de tramitar una concesi\u00f3n p\u00fablica, un&#8230;<\/p>\n","protected":false},"author":1,"featured_media":11529,"comment_status":"open","ping_status":"closed","sticky":false,"template":"","format":"standard","meta":{"footnotes":""},"categories":[2],"tags":[],"class_list":["post-11527","post","type-post","status-publish","format-standard","has-post-thumbnail","hentry","category-local"],"_links":{"self":[{"href":"https:\/\/xn--huracnpolmicocancnquintanaroo-knc6wmu.com\/index.php?rest_route=\/wp\/v2\/posts\/11527","targetHints":{"allow":["GET"]}}],"collection":[{"href":"https:\/\/xn--huracnpolmicocancnquintanaroo-knc6wmu.com\/index.php?rest_route=\/wp\/v2\/posts"}],"about":[{"href":"https:\/\/xn--huracnpolmicocancnquintanaroo-knc6wmu.com\/index.php?rest_route=\/wp\/v2\/types\/post"}],"author":[{"embeddable":true,"href":"https:\/\/xn--huracnpolmicocancnquintanaroo-knc6wmu.com\/index.php?rest_route=\/wp\/v2\/users\/1"}],"replies":[{"embeddable":true,"href":"https:\/\/xn--huracnpolmicocancnquintanaroo-knc6wmu.com\/index.php?rest_route=%2Fwp%2Fv2%2Fcomments&post=11527"}],"version-history":[{"count":1,"href":"https:\/\/xn--huracnpolmicocancnquintanaroo-knc6wmu.com\/index.php?rest_route=\/wp\/v2\/posts\/11527\/revisions"}],"predecessor-version":[{"id":11528,"href":"https:\/\/xn--huracnpolmicocancnquintanaroo-knc6wmu.com\/index.php?rest_route=\/wp\/v2\/posts\/11527\/revisions\/11528"}],"wp:featuredmedia":[{"embeddable":true,"href":"https:\/\/xn--huracnpolmicocancnquintanaroo-knc6wmu.com\/index.php?rest_route=\/wp\/v2\/media\/11529"}],"wp:attachment":[{"href":"https:\/\/xn--huracnpolmicocancnquintanaroo-knc6wmu.com\/index.php?rest_route=%2Fwp%2Fv2%2Fmedia&parent=11527"}],"wp:term":[{"taxonomy":"category","embeddable":true,"href":"https:\/\/xn--huracnpolmicocancnquintanaroo-knc6wmu.com\/index.php?rest_route=%2Fwp%2Fv2%2Fcategories&post=11527"},{"taxonomy":"post_tag","embeddable":true,"href":"https:\/\/xn--huracnpolmicocancnquintanaroo-knc6wmu.com\/index.php?rest_route=%2Fwp%2Fv2%2Ftags&post=11527"}],"curies":[{"name":"wp","href":"https:\/\/api.w.org\/{rel}","templated":true}]}}