{"id":11602,"date":"2023-01-23T14:17:24","date_gmt":"2023-01-23T19:17:24","guid":{"rendered":"https:\/\/xn--huracnpolmicocancnquintanaroo-knc6wmu.com\/?p=11602"},"modified":"2023-01-23T19:17:36","modified_gmt":"2023-01-23T19:17:36","slug":"buckingham-anuncia-detalles-de-la-coronacion-del-rey-carlos-iii","status":"publish","type":"post","link":"https:\/\/xn--huracnpolmicocancnquintanaroo-knc6wmu.com\/?p=11602","title":{"rendered":"Buckingham anuncia detalles de la coronaci\u00f3n del Rey Carlos III"},"content":{"rendered":"<p>La coronaci\u00f3n del rey Carlos III en mayo contar\u00e1 con un concierto repleto de estrellas, un gran &#8220;almuerzo nacional&#8221; y una iniciativa de promoci\u00f3n del voluntariado, adem\u00e1s de la tradicional ceremonia y los desfiles, anunci\u00f3 el Palacio de Buckingham.<br \/>\nLos festejos, ceremonias y eventos comunitarios, que durar\u00e1n tres d\u00edas, ser\u00e1n una oportunidad &#8220;para que la gente se junte en una celebraci\u00f3n de una ocasi\u00f3n hist\u00f3rica&#8221;, agreg\u00f3.<br \/>\nLa coronaci\u00f3n de Carlos III, la primera en el Reino Unido desde 1953, se llevar\u00e1 a cabo el s\u00e1bado 6 de mayo en la Abad\u00eda de Westminster, donde se realizan desde hace 900 a\u00f1os. Su esposa Camila, de 75 a\u00f1os, ser\u00e1 coronada tambi\u00e9n como consorte.<br \/>\nLa pareja llegar\u00e1 desde el palacio sin otros miembros de la familia real, en lo que se conoce como la &#8220;procesi\u00f3n del rey&#8221;, y luego retornar\u00e1 con una comitiva, que se conoce como la &#8220;procesi\u00f3n de la coronaci\u00f3n&#8221;. Para cerrar la primera jornada, los miembros de la realeza saludar\u00e1n a la poblaci\u00f3n desde un balc\u00f3n del Palacio de Buckingham, en cuya explanada se espera que se congreguen miles de personas.<br \/>\nAl d\u00eda siguiente, se celebrar\u00e1 un &#8220;concierto especial de la coronaci\u00f3n&#8221; en el castillo de Windsor, al oeste de Londres, transmitido en vivo por la cadena BBC, que contar\u00e1 con la participaci\u00f3n de &#8220;\u00edconos de la m\u00fasica mundial y estrellas contempor\u00e1neas&#8221;.<br \/>\nTambi\u00e9n actuar\u00e1 un &#8220;coro de la coronaci\u00f3n&#8221; formado por agrupaciones de cantantes aficionados de todo el Reino Unido, desde coros de refugiados, de trabajadores de la salud y de grupos LGTBQ+, as\u00ed como de personas sordas.<br \/>\nEl plato fuerte llegar\u00e1 por la noche, con un espect\u00e1culo de luces titulado &#8220;Ilumina a la naci\u00f3n&#8221; que llenar\u00e1 de colores lugares emblem\u00e1ticos, con proyectores, l\u00e1seres y drones.<br \/>\nSe invitar\u00e1 a vecinos y comunidades a participar en &#8220;grandes almuerzos de la coronaci\u00f3n&#8221;, como un &#8220;acto nacional de celebraci\u00f3n y amistad&#8221;.<br \/>\nEl lunes, \u00faltimo d\u00eda de los festejos (que este a\u00f1o ser\u00e1 festivo), estar\u00e1 organizado por grupos caritativos y religiosos, que &#8220;destacar\u00e1n el impacto positivo del voluntariado en las comunidades de la naci\u00f3n&#8221;.<\/p>\n","protected":false},"excerpt":{"rendered":"<p>La coronaci\u00f3n del rey Carlos III en mayo contar\u00e1 con un concierto repleto de estrellas,&#8230;<\/p>\n","protected":false},"author":1,"featured_media":11604,"comment_status":"open","ping_status":"closed","sticky":false,"template":"","format":"standard","meta":{"footnotes":""},"categories":[9],"tags":[],"class_list":["post-11602","post","type-post","status-publish","format-standard","has-post-thumbnail","hentry","category-espectaculos"],"_links":{"self":[{"href":"https:\/\/xn--huracnpolmicocancnquintanaroo-knc6wmu.com\/index.php?rest_route=\/wp\/v2\/posts\/11602","targetHints":{"allow":["GET"]}}],"collection":[{"href":"https:\/\/xn--huracnpolmicocancnquintanaroo-knc6wmu.com\/index.php?rest_route=\/wp\/v2\/posts"}],"about":[{"href":"https:\/\/xn--huracnpolmicocancnquintanaroo-knc6wmu.com\/index.php?rest_route=\/wp\/v2\/types\/post"}],"author":[{"embeddable":true,"href":"https:\/\/xn--huracnpolmicocancnquintanaroo-knc6wmu.com\/index.php?rest_route=\/wp\/v2\/users\/1"}],"replies":[{"embeddable":true,"href":"https:\/\/xn--huracnpolmicocancnquintanaroo-knc6wmu.com\/index.php?rest_route=%2Fwp%2Fv2%2Fcomments&post=11602"}],"version-history":[{"count":1,"href":"https:\/\/xn--huracnpolmicocancnquintanaroo-knc6wmu.com\/index.php?rest_route=\/wp\/v2\/posts\/11602\/revisions"}],"predecessor-version":[{"id":11603,"href":"https:\/\/xn--huracnpolmicocancnquintanaroo-knc6wmu.com\/index.php?rest_route=\/wp\/v2\/posts\/11602\/revisions\/11603"}],"wp:featuredmedia":[{"embeddable":true,"href":"https:\/\/xn--huracnpolmicocancnquintanaroo-knc6wmu.com\/index.php?rest_route=\/wp\/v2\/media\/11604"}],"wp:attachment":[{"href":"https:\/\/xn--huracnpolmicocancnquintanaroo-knc6wmu.com\/index.php?rest_route=%2Fwp%2Fv2%2Fmedia&parent=11602"}],"wp:term":[{"taxonomy":"category","embeddable":true,"href":"https:\/\/xn--huracnpolmicocancnquintanaroo-knc6wmu.com\/index.php?rest_route=%2Fwp%2Fv2%2Fcategories&post=11602"},{"taxonomy":"post_tag","embeddable":true,"href":"https:\/\/xn--huracnpolmicocancnquintanaroo-knc6wmu.com\/index.php?rest_route=%2Fwp%2Fv2%2Ftags&post=11602"}],"curies":[{"name":"wp","href":"https:\/\/api.w.org\/{rel}","templated":true}]}}