{"id":11611,"date":"2023-01-23T14:44:21","date_gmt":"2023-01-23T19:44:21","guid":{"rendered":"https:\/\/xn--huracnpolmicocancnquintanaroo-knc6wmu.com\/?p=11611"},"modified":"2023-01-23T19:44:23","modified_gmt":"2023-01-23T19:44:23","slug":"convocan-a-no-usar-taxi-por-un-dia-en-cancun","status":"publish","type":"post","link":"https:\/\/xn--huracnpolmicocancnquintanaroo-knc6wmu.com\/?p=11611","title":{"rendered":"Convocan a no usar taxi por un d\u00eda, en Canc\u00fan"},"content":{"rendered":"<p>A trav\u00e9s de redes sociales los ciudadanos est\u00e1n convocando a una jornada sin usar taxis en Canc\u00fan, luego de las agresiones difundidas ampliamente donde los operadores agreden tanto a choferes de Uber como a turistas que hacen uso de esta plataforma de transporte.<\/p>\n<p>\u201cYa basta de sus abusos, si quieren que tomemos taxi mejora tu servicio, capacita a tus ch\u00f3feres, no abuses de la tarifa, y siempre cuida del pasaje, si no Uber siempre ser\u00e1 la mejor opci\u00f3n\u201d, se lee en uno de los mensajes de Twitter que est\u00e1 difundiendo la convocatoria.<\/p>\n<p>El encono de los taxistas pertenecientes al Sindicato Andr\u00e9s Quintana Roo ha ido escalando de intensidad luego de que el poder judicial otorg\u00f3 un amparo a Uber el pasado 11 de enero para poder operar en el estado sin necesidad de contar con una concesi\u00f3n otorgada por el gobierno del estado.<\/p>\n<p>Desde entonces se han presentado por lo menos dos incidentes violentos, los cuales han generado indignaci\u00f3n entre los cancunenses, involucr\u00f3 a una familia de turistas rusos que fueron obligados a bajar de un veh\u00edculo de Uber en pleno centro de Canc\u00fan, ante el asedio de taxistas, quienes cerraron el tr\u00e1fico en la Glorieta del Ceviche hasta que llegaron patrullas de Seguridad P\u00fablica municipal.<\/p>\n<p>Las im\u00e1genes muestran a la madre de familia en p\u00e1nico y uno de sus hijos llorando ante la violencia con la que fueron obligados a descender del auto. No hubo detenidos.<\/p>\n<p>El segundo incidente ocurri\u00f3 menos de 24 horas despu\u00e9s en la zona hotelera de Canc\u00fan, donde un operador de Uber acudi\u00f3 a recoger a un grupo de turistas al hotel Krystal, ubicado en el kil\u00f3metro 9 del bulevar Kukulkc\u00e1n.<\/p>\n<p>Los turistas fueron impedidos a abordar el auto por parte de cinco taxistas, sometiendo a golpes a uno de ellos, hasta que llegaron elementos de la polic\u00eda municipal y detener a dos de los agresores.<\/p>\n<p>C\u00e1maras empresariales han criticado la pasividad del Instituto de Movilidad de Quintana Roo (Imoveqroo), al que le exigen que ponga alto a la violencia del sindicato de taxistas, pero el titular de la dependencia, Rodrigo Alc\u00e1zar Urrutia, se ha limitado a responder que Uber no puede operar en la entidad hasta que no se reforme la ley que se declar\u00f3 inconstitucional con el amparo concedido a Uber.<\/p>\n<p>Reconoci\u00f3 que si bien los taxistas no tienen ninguna autoridad para detener a los choferes de plataforma digitales de transporte, no le corresponde al Imoveqroo perseguir delitos, sino a la Fiscal\u00eda General del Estado (FGE).<\/p>\n","protected":false},"excerpt":{"rendered":"<p>A trav\u00e9s de redes sociales los ciudadanos est\u00e1n convocando a una jornada sin usar taxis&#8230;<\/p>\n","protected":false},"author":1,"featured_media":11613,"comment_status":"open","ping_status":"closed","sticky":false,"template":"","format":"standard","meta":{"footnotes":""},"categories":[2],"tags":[],"class_list":["post-11611","post","type-post","status-publish","format-standard","has-post-thumbnail","hentry","category-local"],"_links":{"self":[{"href":"https:\/\/xn--huracnpolmicocancnquintanaroo-knc6wmu.com\/index.php?rest_route=\/wp\/v2\/posts\/11611","targetHints":{"allow":["GET"]}}],"collection":[{"href":"https:\/\/xn--huracnpolmicocancnquintanaroo-knc6wmu.com\/index.php?rest_route=\/wp\/v2\/posts"}],"about":[{"href":"https:\/\/xn--huracnpolmicocancnquintanaroo-knc6wmu.com\/index.php?rest_route=\/wp\/v2\/types\/post"}],"author":[{"embeddable":true,"href":"https:\/\/xn--huracnpolmicocancnquintanaroo-knc6wmu.com\/index.php?rest_route=\/wp\/v2\/users\/1"}],"replies":[{"embeddable":true,"href":"https:\/\/xn--huracnpolmicocancnquintanaroo-knc6wmu.com\/index.php?rest_route=%2Fwp%2Fv2%2Fcomments&post=11611"}],"version-history":[{"count":1,"href":"https:\/\/xn--huracnpolmicocancnquintanaroo-knc6wmu.com\/index.php?rest_route=\/wp\/v2\/posts\/11611\/revisions"}],"predecessor-version":[{"id":11612,"href":"https:\/\/xn--huracnpolmicocancnquintanaroo-knc6wmu.com\/index.php?rest_route=\/wp\/v2\/posts\/11611\/revisions\/11612"}],"wp:featuredmedia":[{"embeddable":true,"href":"https:\/\/xn--huracnpolmicocancnquintanaroo-knc6wmu.com\/index.php?rest_route=\/wp\/v2\/media\/11613"}],"wp:attachment":[{"href":"https:\/\/xn--huracnpolmicocancnquintanaroo-knc6wmu.com\/index.php?rest_route=%2Fwp%2Fv2%2Fmedia&parent=11611"}],"wp:term":[{"taxonomy":"category","embeddable":true,"href":"https:\/\/xn--huracnpolmicocancnquintanaroo-knc6wmu.com\/index.php?rest_route=%2Fwp%2Fv2%2Fcategories&post=11611"},{"taxonomy":"post_tag","embeddable":true,"href":"https:\/\/xn--huracnpolmicocancnquintanaroo-knc6wmu.com\/index.php?rest_route=%2Fwp%2Fv2%2Ftags&post=11611"}],"curies":[{"name":"wp","href":"https:\/\/api.w.org\/{rel}","templated":true}]}}