{"id":11701,"date":"2023-01-25T15:44:15","date_gmt":"2023-01-25T20:44:15","guid":{"rendered":"https:\/\/xn--huracnpolmicocancnquintanaroo-knc6wmu.com\/?p=11701"},"modified":"2023-01-25T20:44:18","modified_gmt":"2023-01-25T20:44:18","slug":"amlo-minimizo-el-conflicto-de-taxistas-en-cancun-se-esta-exagerando","status":"publish","type":"post","link":"https:\/\/xn--huracnpolmicocancnquintanaroo-knc6wmu.com\/?p=11701","title":{"rendered":"AMLO minimiz\u00f3 el conflicto de taxistas en Canc\u00fan: \u201cSe est\u00e1 exagerando\u201d"},"content":{"rendered":"<p>Actualmente la regi\u00f3n tur\u00edstica vive tensiones debido a las medidas emprendidas por el sindicato de taxistas quienes se han manifestado en contra de los conductores de Uber<\/p>\n<p class=\"paragraph\"><b>Bloqueos, llanto y hasta intimidaciones\u00a0<\/b>se han reportado en \u00faltimas\u00a0fechas debido al conflicto que mantiene el sindicato de taxistas de\u00a0<b>Canc\u00fan, Quintana Roo<\/b>, ante la presencia de conductores de<i><b>\u00a0Ube<\/b><\/i><i><b>r<\/b><\/i>\u00a0en la zona tur\u00edstica.<\/p>\n<p class=\"paragraph\">Las tensiones han desencadenado diversas reacciones. Apenas el 24 de enero,\u00a0<b>Ana Patricia Peralta,\u00a0<\/b>presidenta municipal de la regi\u00f3n, envi\u00f3 un mensaje a los taxistas que realizaron bloqueos y \u201ccazaron\u201d a conductores de la aplicaci\u00f3n que acaba de entrar en operaci\u00f3n en la zona.<\/p>\n<div class=\"inline ad-wrapper\">\n<div class=\"dfpAd display_inline_block ad_margin_wrapper\"><\/div>\n<\/div>\n<p class=\"paragraph\">En medio de este panorama, este mi\u00e9rcoles 25, el presidente\u00a0<b>Andr\u00e9s Manuel L\u00f3pez Obrador (AMLO),<\/b>\u00a0fue cuestionado sobre las acciones que las\u00a0 autoridades podr\u00edan implementar.<\/p>\n<p class=\"paragraph\">En este sentido, el mandatario asegur\u00f3 que el gobierno estatal, encabezado por\u00a0<b>Mara Lezama Espinosa,\u00a0\u00a0<\/b>ya est\u00e1 atendiendo la situaci\u00f3n y se est\u00e1 buscando un acuerdo (mediante di\u00e1logo) para que el conflicto sea resuelto.<\/p>\n<p class=\"paragraph\">\u201cYa se est\u00e1 resolviendo este caso, pero me llam\u00f3 mucho la atenci\u00f3n que tuvo demasiada difusi\u00f3n\u201d, se\u00f1al\u00f3 el presidente.<\/p>\n<p class=\"paragraph\">Sin embargo, si bien el mandatario expres\u00f3 que las acciones emprendidas en las \u00faltimas semanas por parte de los taxistas son \u201clamentables y reprobables\u201d, acus\u00f3 que es\u00a0 \u201cmucho m\u00e1s la propaganda en contra\u201d que lo que realmente \u201cest\u00e1 sucediendo\u201d.<\/p>\n<blockquote class=\"color_figcaption\"><p>\u201cEst\u00e1n exagerando un poquito\u201d, ataj\u00f3 y reiter\u00f3 que es un asunto que \u201ccorresponde\u201d al gobierno estatal.<\/p><\/blockquote>\n<p class=\"paragraph\">Asimismo, llam\u00f3 a que tanto el sindicato como la empresa\u00a0<i><b>Uber<\/b><\/i>, se pongan de acuerdo, y pidi\u00f3 que \u201cno se acuda\u201d a la violencia.<\/p>\n<p class=\"paragraph\">Cabe se\u00f1alar que el 23 de enero un sindicato impus\u00f3 un bloque\u00f3 en los accesos a la zona hotelera (e decir a largo del Boulevard Kukulk\u00e1n), provocando as\u00ed que cientos de turistas y locales tuvieran que caminar varios kil\u00f3metros para llegar al Aeropuerto Internacional de Canc\u00fan.<\/p>\n<p class=\"paragraph\">Ante la situaci\u00f3n patrullas de la polic\u00eda local auxiliaron a las y los turistas quienes fueron transportartados por los oficiales. Fue tras casi cuatro horas despu\u00e9s del bloqueo que la circulaci\u00f3n se reabri\u00f3.<\/p>\n<p class=\"paragraph\">Esto se suma a la serie de medidas que recientemente han sido emprendidas por los taxistas, quienes incluso han justificado actos violentos emprendidos en la regi\u00f3n.<\/p>\n<p class=\"paragraph\">Tal es el caso de lo que sucedi\u00f3 en pasado 19 de enero, cuando miembros del Sindicato intimidaron a una familia de origen\u00a0r<b>uso<\/b><b>.<\/b><\/p>\n<p class=\"paragraph\">De acuerdo con los reportes del caso, los hechos se habr\u00edan dado luego de que una pareja junto con su hijo, provenientes de Rusia, solicitaran el servicio de\u00a0<i><b>Uber<\/b><\/i>\u00a0para trasladarse a la\u00a0<b>Plaza comercial de Las Am\u00e9ricas.<\/b><\/p>\n<p class=\"paragraph\">Fue durante el viaje en direcci\u00f3n al lugar, que tanto el conductor como la familia, notaron que estaban siendo perseguidos por dos unidades de taxistas.<\/p>\n<p class=\"paragraph\">Al sentirse en situaci\u00f3n de riego, el conductor de la aplicaci\u00f3n decidi\u00f3 incorporarse hacia el boulevard Kukulc\u00e1n y tomar la glorieta de \u201cEl Ceviche\u201d para dirigirse hacia la\u00a0<b>Fiscal\u00eda General del Estado<\/b>\u00a0(FGE) de Quintana Roo con el objetivo de denunciar el hecho.<\/p>\n<p class=\"paragraph\">Sin embargo su intento se vio frustrado debido a que fue interceptado por otras tres unidades de taxi, quienes\u00a0<b>le impidieron el paso y obligaron a los usuarios a descender del veh\u00edculo.<\/b><\/p>\n<p class=\"paragraph\">Para este momento los turistas ya se encontraban en plena crisis nerviosa, de hecho, en los videos compartidos del caso, se puede observar a la mujer y a su hijo llorando, confundidos por la situaci\u00f3n y pidiendo que se les deje en paz.<\/p>\n","protected":false},"excerpt":{"rendered":"<p>Actualmente la regi\u00f3n tur\u00edstica vive tensiones debido a las medidas emprendidas por el sindicato de&#8230;<\/p>\n","protected":false},"author":1,"featured_media":11703,"comment_status":"open","ping_status":"closed","sticky":false,"template":"","format":"standard","meta":{"footnotes":""},"categories":[2],"tags":[],"class_list":["post-11701","post","type-post","status-publish","format-standard","has-post-thumbnail","hentry","category-local"],"_links":{"self":[{"href":"https:\/\/xn--huracnpolmicocancnquintanaroo-knc6wmu.com\/index.php?rest_route=\/wp\/v2\/posts\/11701","targetHints":{"allow":["GET"]}}],"collection":[{"href":"https:\/\/xn--huracnpolmicocancnquintanaroo-knc6wmu.com\/index.php?rest_route=\/wp\/v2\/posts"}],"about":[{"href":"https:\/\/xn--huracnpolmicocancnquintanaroo-knc6wmu.com\/index.php?rest_route=\/wp\/v2\/types\/post"}],"author":[{"embeddable":true,"href":"https:\/\/xn--huracnpolmicocancnquintanaroo-knc6wmu.com\/index.php?rest_route=\/wp\/v2\/users\/1"}],"replies":[{"embeddable":true,"href":"https:\/\/xn--huracnpolmicocancnquintanaroo-knc6wmu.com\/index.php?rest_route=%2Fwp%2Fv2%2Fcomments&post=11701"}],"version-history":[{"count":1,"href":"https:\/\/xn--huracnpolmicocancnquintanaroo-knc6wmu.com\/index.php?rest_route=\/wp\/v2\/posts\/11701\/revisions"}],"predecessor-version":[{"id":11702,"href":"https:\/\/xn--huracnpolmicocancnquintanaroo-knc6wmu.com\/index.php?rest_route=\/wp\/v2\/posts\/11701\/revisions\/11702"}],"wp:featuredmedia":[{"embeddable":true,"href":"https:\/\/xn--huracnpolmicocancnquintanaroo-knc6wmu.com\/index.php?rest_route=\/wp\/v2\/media\/11703"}],"wp:attachment":[{"href":"https:\/\/xn--huracnpolmicocancnquintanaroo-knc6wmu.com\/index.php?rest_route=%2Fwp%2Fv2%2Fmedia&parent=11701"}],"wp:term":[{"taxonomy":"category","embeddable":true,"href":"https:\/\/xn--huracnpolmicocancnquintanaroo-knc6wmu.com\/index.php?rest_route=%2Fwp%2Fv2%2Fcategories&post=11701"},{"taxonomy":"post_tag","embeddable":true,"href":"https:\/\/xn--huracnpolmicocancnquintanaroo-knc6wmu.com\/index.php?rest_route=%2Fwp%2Fv2%2Ftags&post=11701"}],"curies":[{"name":"wp","href":"https:\/\/api.w.org\/{rel}","templated":true}]}}