{"id":11740,"date":"2023-01-26T16:25:21","date_gmt":"2023-01-26T21:25:21","guid":{"rendered":"https:\/\/xn--huracnpolmicocancnquintanaroo-knc6wmu.com\/?p=11740"},"modified":"2023-01-26T21:25:23","modified_gmt":"2023-01-26T21:25:23","slug":"ciudadanos-de-cancun-piden-dar-aventon-y-evitar-usar-taxis-en-protesta-a-las-agresiones-a-choferes-de-uber","status":"publish","type":"post","link":"https:\/\/xn--huracnpolmicocancnquintanaroo-knc6wmu.com\/?p=11740","title":{"rendered":"Ciudadanos de Canc\u00fan piden dar \u201cavent\u00f3n\u201d y evitar usar taxis en protesta a las agresiones a choferes de Uber"},"content":{"rendered":"<h4 class=\"article-subheadline\" style=\"text-align: center;\">Por medio de redes sociales comenz\u00f3 una campa\u00f1a que pide a los ciudadanos de Canc\u00fan no utilizar taxis este 27 de enero<\/h4>\n<div class=\"byline\">\n<div class=\"byline-text-wrapper\">\n<p class=\"paragraph\">Luego de diversos\u00a0hechos de violencia en\u00a0<b>Canc\u00fan\u00a0<\/b>por parte de\u00a0<b>taxistas<\/b><b>\u00a0<\/b>hacia conductores y trabajadores de la empresa\u00a0<b>Uber<\/b>, ciudadanos de ese lugar tur\u00edstico han hecho un\u00a0<b>llamado para que el pr\u00f3ximo viernes 27 de enero no se use el servicio de taxis en la ciudad.<\/b><\/p>\n<p><a id=\"recommended-card-0\" class=\"recommended-card recommended-card--infobae\" href=\"https:\/\/www.infobae.com\/mexico\/2023\/01\/26\/felipe-calderon-reprocho-a-morena-por-caos-de-taxistas-en-cancun-acabara-con-el-turismo-2\/\" target=\"_blank\" rel=\"noopener noreferrer\" aria-label=\"Felipe Calder\u00f3n reproch\u00f3 a Morena por caos de taxistas en Canc\u00fan: \u201cAcabar\u00e1 con el turismo\u201d \" data-mrf-recirculation=\"Recomendado inline\"><\/a><\/p>\n<p class=\"paragraph\">Esta medida busca mostrar el repudio de la ciudadan\u00eda a los<b>\u00a0actos de violencia y abusos cometidos por los operadores,\u00a0<\/b>adem\u00e1s de los\u00a0<b>costos excesivos de sus servicios,\u00a0<\/b>el maltrato a los pasajeros, el mal estado que tienen algunas de las unidades que brindan servicio en esa ciudad, entre otras cosas. Tambi\u00e9n se han reportado sitios de taxis habilitados sin autorizaci\u00f3n del gobierno, y adem\u00e1s de las\u00a0<b>agresiones a los conductores de Uber,<\/b>\u00a0agresiones a choferes de autobuses de transporte p\u00fablico, bloqueos realizados como medida de presi\u00f3n, y el<b>\u00a0impacto nacional e internacional que esto ha tenido en la imagen del centro tur\u00edstico.<\/b><\/p>\n<div class=\"inline ad-wrapper\">\n<div class=\"dfpAd display_inline_block ad_margin_wrapper\">\n<div id=\"infobae\/mexico\/nota\/inline\" class=\"infobae\/mexico\/nota\/inline arcad\" data-google-query-id=\"CNeR4fKV5vwCFcxHwgUdbLwLdA\">\n<p class=\"paragraph\">Lo que comenz\u00f3 apenas como una convocatoria aislada el pasado s\u00e1bado 21 de enero, por medio de redes sociales, se ha convertido en\u00a0<b>una campa\u00f1a ciudadana denominada \u201cUn d\u00eda sin taxi\u201d,<\/b>\u00a0en la cu\u00e1l se convoca a la ciudadan\u00eda a dar un<b>\u00a0\u201cavent\u00f3n\u201d a vecinos, amigos, compa\u00f1eros de trabajo y escuela,<\/b>\u00a0para evitar el uso de los taxis y de esta manera\u00a0<b>\u201cponerle un alto total al gremio taxista\u201d.<\/b><\/p>\n<p class=\"paragraph\">Esta iniciativa tambi\u00e9n invita a\u00a0<b>denunciar, por medio de las redes sociales, a operadores de taxis que cometan actos arbitrarios<\/b>, anotando el n\u00famero de su unidad o tom\u00e1ndole una fotograf\u00eda para presionar a las autoridades, que han sido criticadas por su pasividad ante este caso, y de esta manera act\u00faen.<\/p>\n<p class=\"paragraph\">Desde el pasado 19 de enero, y hasta la fecha, las\u00a0<b>confrontaciones entre taxistas y conductores de Uber\u00a0<\/b>no han cesado, pese a que el\u00a0<b>domingo pasado se llevaron a cabo algunas detenciones, y<\/b>\u00a0a la<b>\u00a0Alerta de Seguridad lanzada por el Departamento de Estado de Estados Unidos,<\/b>\u00a0en donde se advierte de la situaci\u00f3n que se vive en el lugar.<\/p>\n<p class=\"paragraph\">Tampoco vali\u00f3 mucho el\u00a0<b>llamado p\u00fablico que realiz\u00f3 Ana Patricia Peralta, alcaldesa de Canc\u00fan<\/b>, el pasado 23 de enero, horas antes del bloqueo realizado por taxistas a la entrada y salida de la zona hotelera, que oblig\u00f3 a turistas a caminar con maletas sobre el\u00a0<b>bulevar Kukulk\u00e1n<\/b>\u00a0o ser transportados por patrullas de la polic\u00eda local y unidades de tr\u00e1nsito hacia el Aeropuerto Internacional.<\/p>\n<p class=\"paragraph\">El pasado mi\u00e9rcoles, una conductora de Uber denunci\u00f3 haber sido\u00a0<b>v\u00edctima de una agresi\u00f3n<\/b>, cuando se encontraba cerca de un sitio de taxis localizado afuera de un supermercado sobre avenida Xcaret, en el centro de la ciudad.<\/p>\n<p class=\"paragraph\">La mujer dijo que unos taxistas se le\u00a0<b>cerraron y le poncharon las llantas de su autom\u00f3vil.<\/b>\u00a0\u201cYo me percat\u00e9 hasta que ven\u00eda a dejar a los usuarios a la zona hotelera\u201d, explic\u00f3 la conductora por medio de un video que comparti\u00f3 por medio de redes sociales.<\/p>\n<p class=\"paragraph\">El mismo mi\u00e9rcoles, en un intento de bloquearle el paso a un veh\u00edculo que posiblemente est\u00e1 registrado en la plataforma, taxistas provocaron un conflicto vial a la altura del kil\u00f3metro 3.5 del bulevar Kukulk\u00e1n, tambi\u00e9n en la zona tur\u00edstica, lo que interrumpi\u00f3 el tr\u00e1fico.<\/p>\n<p class=\"paragraph\">Tras esto,<b>\u00a0elementos de la polic\u00eda local llegaron al lugar para reabrir la circulaci\u00f3n,<\/b>\u00a0mientras conductores particulares afectados por el cierre, insultaron a los taxistas involucrados. Otra de las personas denunci\u00f3 por redes que, pensando que era operador de Uber, taxistas arrojaron \u00e1cido a su veh\u00edculo.<\/p>\n<p class=\"paragraph\">Estos hechos no son recientes, pues entre s<b>eptiembre y octubre del 2022\u00a0<\/b>los choferes de autobuses de transporte urbano de la zona, denunciaron ser\u00a0<b>v\u00edctimas de acoso, amenazas y hasta golpes,\u00a0<\/b>lo que oblig\u00f3 a la clase empresarial a exigir seguridad a las autoridades locales y poner un freno a los taxistas.<\/p>\n<\/div>\n<\/div>\n<\/div>\n<\/div>\n<\/div>\n","protected":false},"excerpt":{"rendered":"<p>Por medio de redes sociales comenz\u00f3 una campa\u00f1a que pide a los ciudadanos de Canc\u00fan&#8230;<\/p>\n","protected":false},"author":1,"featured_media":11742,"comment_status":"open","ping_status":"closed","sticky":false,"template":"","format":"standard","meta":{"footnotes":""},"categories":[2],"tags":[],"class_list":["post-11740","post","type-post","status-publish","format-standard","has-post-thumbnail","hentry","category-local"],"_links":{"self":[{"href":"https:\/\/xn--huracnpolmicocancnquintanaroo-knc6wmu.com\/index.php?rest_route=\/wp\/v2\/posts\/11740","targetHints":{"allow":["GET"]}}],"collection":[{"href":"https:\/\/xn--huracnpolmicocancnquintanaroo-knc6wmu.com\/index.php?rest_route=\/wp\/v2\/posts"}],"about":[{"href":"https:\/\/xn--huracnpolmicocancnquintanaroo-knc6wmu.com\/index.php?rest_route=\/wp\/v2\/types\/post"}],"author":[{"embeddable":true,"href":"https:\/\/xn--huracnpolmicocancnquintanaroo-knc6wmu.com\/index.php?rest_route=\/wp\/v2\/users\/1"}],"replies":[{"embeddable":true,"href":"https:\/\/xn--huracnpolmicocancnquintanaroo-knc6wmu.com\/index.php?rest_route=%2Fwp%2Fv2%2Fcomments&post=11740"}],"version-history":[{"count":1,"href":"https:\/\/xn--huracnpolmicocancnquintanaroo-knc6wmu.com\/index.php?rest_route=\/wp\/v2\/posts\/11740\/revisions"}],"predecessor-version":[{"id":11741,"href":"https:\/\/xn--huracnpolmicocancnquintanaroo-knc6wmu.com\/index.php?rest_route=\/wp\/v2\/posts\/11740\/revisions\/11741"}],"wp:featuredmedia":[{"embeddable":true,"href":"https:\/\/xn--huracnpolmicocancnquintanaroo-knc6wmu.com\/index.php?rest_route=\/wp\/v2\/media\/11742"}],"wp:attachment":[{"href":"https:\/\/xn--huracnpolmicocancnquintanaroo-knc6wmu.com\/index.php?rest_route=%2Fwp%2Fv2%2Fmedia&parent=11740"}],"wp:term":[{"taxonomy":"category","embeddable":true,"href":"https:\/\/xn--huracnpolmicocancnquintanaroo-knc6wmu.com\/index.php?rest_route=%2Fwp%2Fv2%2Fcategories&post=11740"},{"taxonomy":"post_tag","embeddable":true,"href":"https:\/\/xn--huracnpolmicocancnquintanaroo-knc6wmu.com\/index.php?rest_route=%2Fwp%2Fv2%2Ftags&post=11740"}],"curies":[{"name":"wp","href":"https:\/\/api.w.org\/{rel}","templated":true}]}}