{"id":11743,"date":"2023-01-26T16:29:57","date_gmt":"2023-01-26T21:29:57","guid":{"rendered":"https:\/\/xn--huracnpolmicocancnquintanaroo-knc6wmu.com\/?p=11743"},"modified":"2023-01-26T21:30:00","modified_gmt":"2023-01-26T21:30:00","slug":"por-que-en-el-aeropuerto-de-cancun-se-ha-impedido-la-llegada-de-turistas-bulgaros","status":"publish","type":"post","link":"https:\/\/xn--huracnpolmicocancnquintanaroo-knc6wmu.com\/?p=11743","title":{"rendered":"Por qu\u00e9 en el aeropuerto de Canc\u00fan se ha impedido la llegada de turistas b\u00falgaros"},"content":{"rendered":"<h4 class=\"article-subheadline\" style=\"text-align: center;\">El Ministerio de Asuntos Exteriores de Bulgaria recomend\u00f3 a sus ciudadanos abstenerse de viajar a territorio mexicano hasta que no se esclarezcan los motivos por los cuales se les impide el acceso<\/h4>\n<div class=\"byline\">\n<div class=\"byline-text-wrapper\">\n<p class=\"paragraph\">Ante los m\u00faltiples casos de\u00a0<b>turistas b\u00falgaros<\/b>\u00a0que no han podido ingresar al territorio mexicano, el Gobierno de Bulgaria hizo un llamado a sus ciudadanos de<b>\u00a0abstenerse de viajar a tierras aztecas\u00a0<\/b>hasta que las autoridades migratorias no esclarezcan las razones por las cuales han impedido su respectiva entrada.<\/p>\n<p><a id=\"recommended-card-0\" class=\"recommended-card recommended-card--infobae\" href=\"https:\/\/www.infobae.com\/mexico\/2023\/01\/25\/amlo-lo-mas-relevante-de-la-conferencia-mananera-de-este-miercoles-25-de-enero\/\" target=\"_blank\" rel=\"noopener noreferrer\" aria-label=\"Del conflicto entre taxistas en Canc\u00fan al reclamo al gobierno de EEUU, el resumen de la ma\u00f1anera\" data-mrf-recirculation=\"Recomendado inline\"><\/a><\/p>\n<p class=\"paragraph\">Seg\u00fan medios b\u00falgaros, este problema se ha presentado desde el mes de octubre. Durante tres meses aproximadamente, cerca de<b>\u00a027 turistas<\/b>\u00a0provenientes del pa\u00eds europeo se han encontrado con una serie de dificultades cuando arriban al\u00a0<b>aeropuerto de\u00a0<\/b><b>Canc\u00fan<\/b><b>.<\/b><\/p>\n<div class=\"inline ad-wrapper\">\n<div class=\"dfpAd display_inline_block ad_margin_wrapper\">\n<div id=\"infobae\/mexico\/nota\/inline\" class=\"infobae\/mexico\/nota\/inline arcad\" data-google-query-id=\"COiQlt2W5vwCFYcCXAodXP0Dhg\">\n<p class=\"paragraph\">Adem\u00e1s de que su ingreso a M\u00e9xico no es admitido, acusan que las autoridades migratorias no permiten a los turistas contactarse con su embajada. Ante esta incomunicaci\u00f3n, finalmente son\u00a0<b>deportados<\/b>\u00a0a su respectivo pa\u00eds. Es por ello que el Ministerio de Asuntos Exteriores de Bulgaria se pronunci\u00f3 al respecto y emiti\u00f3 una serie de recomendaciones a su habitantes.<\/p>\n<p class=\"paragraph\">\u201cLa embajada advierte a los ciudadanos b\u00falgaros que est\u00e9n por viajar a Canc\u00fan y que puedan\u00a0<b>posponer su viaje<\/b>, que consideren dicha opci\u00f3n\u201d, se lee en un breve comunicado dado a conocer este jueves 26 de enero. Esta sugerencia estar\u00e1 vigente hasta que las autoridades mexicanas aclaren este asunto.<\/p>\n<p class=\"paragraph\">Asimismo, el Ministerio de Exteriores recomend\u00f3 que en caso de que sean detenidos por parte de personal migratorio en el aeropuerto de Canc\u00fan, insistan en ser contactados por la embajada de Bulgaria para recibir asistencia, as\u00ed como solicitar una\u00a0<b>copia del formulario de inadmisibilidad<\/b>\u00a0como soporte de una prueba documental.<\/p>\n<p class=\"paragraph\">De acuerdo con un representante de la Asociaci\u00f3n \u201cFuturo del Turismo\u201d, estos casos de no admisi\u00f3n comenzaron desde octubre de 2022, a\u00fan cuando los turistas b\u00falgaros contaban con toda su documentaci\u00f3n en orden para ingresar a M\u00e9xico. Bajo el argumento de que<b>\u00a0no tienen reservas en un hotel\u00a0<\/b>y ante la falta de vacaciones prepagadas, los trasladan a unas habitaciones en el aeropuerto de Canc\u00fan y supuestamente les quitan sus tel\u00e9fonos celulares, coment\u00f3 dicha fuente a la agencia\u00a0<i>EFE<\/i>.<\/p>\n<p class=\"paragraph\">El caso m\u00e1s grave sucedi\u00f3 en enero, cuando cuatro turistas fueron\u00a0<b>retenidos<\/b>\u00a0en celdas separadas<b>\u00a0durante cuatro d\u00edas<\/b>\u00a0(del 9 al 13 de dicho mes), sin poder contactarse con su embajada o su familia, report\u00f3 el portal\u00a0<i>Mediapool<\/i>.<\/p>\n<p class=\"paragraph\">\u201cComo raz\u00f3n para negar la entrada a M\u00e9xico, las autoridades citan la falta de una reservaci\u00f3n de hotel prepagada, que es aceptada como la<b>\u00a0incapacidad de probar una direcci\u00f3n de residencia<\/b>\u201d, se lee en una carta del Ministerio de Relaciones Exteriores. Sin embargo, seg\u00fan informaci\u00f3n de\u00a0<i>EFE<\/i>, algunos turistas pagaron cerca de seis mil euros para sus vacaciones en Canc\u00fan.<\/p>\n<p class=\"paragraph\">El minitro de Exteriores interino, Nikolay Milkov, considera que probablemente algunos turistas b\u00falgaros fueron<b>\u00a0confundidos con supuestos migrantes irregulares<\/b>, dio a conocer dicha agencia. Sin embargo, hasta el momento las autoridades mexicanas no se han pronunciado al respecto.<\/p>\n<p class=\"paragraph\">De acuerdo con la Secretar\u00eda de Relaciones Exteriores (SRE), las personas de nacionalidad<b>\u00a0h\u00fangara, croata y b\u00falgara no necestian visa<\/b>\u00a0para realizar actividades tur\u00edsticas en M\u00e9xico, transitar por el pa\u00eds, acudir a reuniones de negocio (que no impliquen pagos) o hacer estudios educativos por un periodo menor a 180 d\u00edas.<\/p>\n<p class=\"paragraph\">Actualmente, Canc\u00fan est\u00e1 en el ojo del hurac\u00e1n, debido a las\u00a0<b>confrontaciones<\/b>\u00a0entre miembros del Sindicato de Taxistas y socios de la aplicaci\u00f3n\u00a0<i>Uber<\/i>, lo que ha afectado el sector tur\u00edstico en la regi\u00f3n, pues incluso Estados Unidos ha emitido una\u00a0<b>alerta de viaje<\/b>\u00a0para sus ciudadanos.<\/p>\n<\/div>\n<\/div>\n<\/div>\n<\/div>\n<\/div>\n","protected":false},"excerpt":{"rendered":"<p>El Ministerio de Asuntos Exteriores de Bulgaria recomend\u00f3 a sus ciudadanos abstenerse de viajar a&#8230;<\/p>\n","protected":false},"author":1,"featured_media":11745,"comment_status":"open","ping_status":"closed","sticky":false,"template":"","format":"standard","meta":{"footnotes":""},"categories":[2],"tags":[],"class_list":["post-11743","post","type-post","status-publish","format-standard","has-post-thumbnail","hentry","category-local"],"_links":{"self":[{"href":"https:\/\/xn--huracnpolmicocancnquintanaroo-knc6wmu.com\/index.php?rest_route=\/wp\/v2\/posts\/11743","targetHints":{"allow":["GET"]}}],"collection":[{"href":"https:\/\/xn--huracnpolmicocancnquintanaroo-knc6wmu.com\/index.php?rest_route=\/wp\/v2\/posts"}],"about":[{"href":"https:\/\/xn--huracnpolmicocancnquintanaroo-knc6wmu.com\/index.php?rest_route=\/wp\/v2\/types\/post"}],"author":[{"embeddable":true,"href":"https:\/\/xn--huracnpolmicocancnquintanaroo-knc6wmu.com\/index.php?rest_route=\/wp\/v2\/users\/1"}],"replies":[{"embeddable":true,"href":"https:\/\/xn--huracnpolmicocancnquintanaroo-knc6wmu.com\/index.php?rest_route=%2Fwp%2Fv2%2Fcomments&post=11743"}],"version-history":[{"count":1,"href":"https:\/\/xn--huracnpolmicocancnquintanaroo-knc6wmu.com\/index.php?rest_route=\/wp\/v2\/posts\/11743\/revisions"}],"predecessor-version":[{"id":11744,"href":"https:\/\/xn--huracnpolmicocancnquintanaroo-knc6wmu.com\/index.php?rest_route=\/wp\/v2\/posts\/11743\/revisions\/11744"}],"wp:featuredmedia":[{"embeddable":true,"href":"https:\/\/xn--huracnpolmicocancnquintanaroo-knc6wmu.com\/index.php?rest_route=\/wp\/v2\/media\/11745"}],"wp:attachment":[{"href":"https:\/\/xn--huracnpolmicocancnquintanaroo-knc6wmu.com\/index.php?rest_route=%2Fwp%2Fv2%2Fmedia&parent=11743"}],"wp:term":[{"taxonomy":"category","embeddable":true,"href":"https:\/\/xn--huracnpolmicocancnquintanaroo-knc6wmu.com\/index.php?rest_route=%2Fwp%2Fv2%2Fcategories&post=11743"},{"taxonomy":"post_tag","embeddable":true,"href":"https:\/\/xn--huracnpolmicocancnquintanaroo-knc6wmu.com\/index.php?rest_route=%2Fwp%2Fv2%2Ftags&post=11743"}],"curies":[{"name":"wp","href":"https:\/\/api.w.org\/{rel}","templated":true}]}}