{"id":11869,"date":"2023-01-30T16:29:49","date_gmt":"2023-01-30T21:29:49","guid":{"rendered":"https:\/\/xn--huracnpolmicocancnquintanaroo-knc6wmu.com\/?p=11869"},"modified":"2023-01-30T21:29:50","modified_gmt":"2023-01-30T21:29:50","slug":"que-esta-pasando-en-cancun-con-los-uber-y-los-taxis-y-que-medidas-tomara-el-gobierno","status":"publish","type":"post","link":"https:\/\/xn--huracnpolmicocancnquintanaroo-knc6wmu.com\/?p=11869","title":{"rendered":"Qu\u00e9 est\u00e1 pasando en Canc\u00fan con los Uber y los taxis y qu\u00e9 medidas tomar\u00e1 el gobierno"},"content":{"rendered":"<div class=\"row\">\n<div class=\"col-md-10 col-12\">\n<div class=\"art__hdl\">\n<h4 class=\"art__hdl__opn\" style=\"text-align: center;\">Taxistas de Canc\u00fan continuan con protestas y cierres viales en la zona hotelera ante la llegada de UBER a la regi\u00f3n.<\/h4>\n<\/div>\n<\/div>\n<\/div>\n<div class=\"row\">\n<div class=\"col-12\">\n<div class=\"art__me\">\n<div class=\"art__by \">\n<div class=\"art__au\">\n<p class=\"\">Desde el pasado 11 de enero del 2023, unidades del\u00a0<b>servicio de taxis en Canc\u00fan<\/b>, Quintana Roo han realizado en las \u00faltimas horas y d\u00edas diversos bloqueos en la zona hotelera con motivo de protestas e inconformidad ante la llegada de carros particulares de aplicaci\u00f3n m\u00f3vil; fue en la segunda semana del mes en curso cuando magistrados de la Suprema Corte de Justicia de la Naci\u00f3n\u00a0<i>(SCJN)\u00a0<\/i>aprobaron un amparo a favor de<b>\u00a0UBER<\/b>\u00a0para permitir su entrada en los municipios del\u00a0<b>Estado de Quintana Roo<\/b><b>,\u00a0<\/b>decisi\u00f3n que ha desatado m\u00faltiples manifestaciones, bloqueos, \u2018un d\u00eda sin taxis\u2019 y agresiones contra conductores de esta aplicaci\u00f3n.<\/p>\n<h3 class=\"\"><b>\u00bfQu\u00e9 esta pasando en Canc\u00fan con los Uber?<\/b><\/h3>\n<p class=\"\">Al comienzo de la segunda semana de enero del presente a\u00f1o la Suprema Corte de Justicia de la Naci\u00f3n\u00a0<i>(SCJN)\u00a0<\/i>aprob\u00f3 un amparo a favor de los taxis de apliaci\u00f3n, con el fallo a favor de la plataforma\u00a0<b>Uber,<\/b>\u00a0ahora los ciudadanos y ciudadanas de Quintana Roo podr\u00e1n gozar del servicio privado, mismo que durante varios a\u00f1os reclam\u00f3 no ser un modelo de negocios de transporte p\u00fablico como lo son los taxistas convencionales, de tal forma que por ahora no requerir\u00e1n de una concesi\u00f3n para brindar sus servicios.<\/p>\n<p class=\"\">Desde el pasado 11 de enero, integrantes de<b>\u00a019 Sindicatos de Taxistas en Quintana Roo<\/b>\u00a0salieron a manifestarse en las principales avenidas de la entidad con la finalidad de protestar contra los autos de aplicaci\u00f3n, por lo que en los \u00faltimos d\u00edas han tomado las calles de las principales zonas de Canc\u00fan y otros municipios de la entidad. Diversos medios nacionales han reportado m\u00faltiples situaciones por taxistas que ejercen fuerza contra las y los conductores de UBER para obligarlos a dejar de brindar servicio, al menos en sus zonas.<\/p>\n<p class=\"\">Uno de los m\u00e1s recientes esc\u00e1ndalos que trascendi\u00f3 las fronteras de Canc\u00fan, fue el momento exacto en que un conductor de taxis del sindicato\u00a0<b>Andr\u00e9s Quintana Roo<\/b>\u00a0huye de la polic\u00eda luego de haber agredido a un conductor de UBER y provocado p\u00e1nico en los usuarios que llevaba abordo. Esta situaci\u00f3n fue registrada en el Boulevard Kukulkan. Hace un par de d\u00edas los taxistas de esta zona decidieron protestar de una manera diferente, al no salir un d\u00eda a trabajar ni brindar servicio a la ciudadan\u00eda, etiquetaron al movimiento como \u2018Un d\u00eda sin taxis\u2019, y justamente esa fecha Canc\u00fan amaneci\u00f3 con lluvias y complejidades de transportaci\u00f3n ante calles inundadas con motivo de<b>\u00a0fen\u00f3menos meteorol\u00f3gicos<\/b>.<\/p>\n<h3 class=\"\">\u00bfQu\u00e9 medidas tomar\u00e1 el gobierno de Canc\u00fan?<\/h3>\n<p class=\"\">El\u00a0<b>Ayuntamiento de Benito Ju\u00e1rez\u00a0<\/b>adelant\u00f3 que de continuar con los\u00a0<b>bloqueos y protestas<\/b>\u00a0por parte de integrantes del Sindicato de Taxistas de Quintana Roo, buscar\u00e1 la forma de revocar la concesi\u00f3n de los taxistas, asimismo asegur\u00f3 que ha sido presentada una denuncia ante la Fiscal\u00eda General del Estado con motivo de<i>\u00a0\u201cafectaciones en v\u00eda p\u00fablica\u201d.<\/i><\/p>\n<h3 class=\"\"><b>Uber regresa a Quintana Roo, tras siete a\u00f1os de lucha<\/b><\/h3>\n<p class=\"\">En el a\u00f1o 2015, la empresa estadounidense de\u00a0<b>Uber lleg\u00f3 a Quintana Roo<\/b>\u00a0para operar y brindar servicio, sin embargo, poco duraron en las regiones de la entidad, ya que el Gobierno Estatal public\u00f3 un decreto en la que se enfatiz\u00f3 sobre las diversas infracciones que acumulaban los autos privados, posteriormente en 2018 entr\u00f3 en vigor una<b>\u00a0Ley de Movilidad<\/b>\u00a0en la que se prioriz\u00f3 a los autom\u00f3viles de aplicaci\u00f3n y el Sindicato de Taxistas decidi\u00f3 incrementar la presi\u00f3n para regular y oficiar la ley.<\/p>\n<p class=\"\">En las nuevas modificaciones una de las medidas que se impuso a los autos privados fue un permiso especial para su circulaci\u00f3n. Tras varios a\u00f1os despu\u00e9s de m\u00faltiples restricciones, el Tribunal ha decidido que Uber podr\u00e1 ofrecer servicio libremente y regulado, de esta forma Quintana Roo se convierte en el estado n\u00famero 30 en permitir su regulaci\u00f3n y entrada.<\/p>\n<\/div>\n<\/div>\n<\/div>\n<\/div>\n<\/div>\n","protected":false},"excerpt":{"rendered":"<p>Taxistas de Canc\u00fan continuan con protestas y cierres viales en la zona hotelera ante la&#8230;<\/p>\n","protected":false},"author":1,"featured_media":11871,"comment_status":"open","ping_status":"closed","sticky":false,"template":"","format":"standard","meta":{"footnotes":""},"categories":[2],"tags":[],"class_list":["post-11869","post","type-post","status-publish","format-standard","has-post-thumbnail","hentry","category-local"],"_links":{"self":[{"href":"https:\/\/xn--huracnpolmicocancnquintanaroo-knc6wmu.com\/index.php?rest_route=\/wp\/v2\/posts\/11869","targetHints":{"allow":["GET"]}}],"collection":[{"href":"https:\/\/xn--huracnpolmicocancnquintanaroo-knc6wmu.com\/index.php?rest_route=\/wp\/v2\/posts"}],"about":[{"href":"https:\/\/xn--huracnpolmicocancnquintanaroo-knc6wmu.com\/index.php?rest_route=\/wp\/v2\/types\/post"}],"author":[{"embeddable":true,"href":"https:\/\/xn--huracnpolmicocancnquintanaroo-knc6wmu.com\/index.php?rest_route=\/wp\/v2\/users\/1"}],"replies":[{"embeddable":true,"href":"https:\/\/xn--huracnpolmicocancnquintanaroo-knc6wmu.com\/index.php?rest_route=%2Fwp%2Fv2%2Fcomments&post=11869"}],"version-history":[{"count":1,"href":"https:\/\/xn--huracnpolmicocancnquintanaroo-knc6wmu.com\/index.php?rest_route=\/wp\/v2\/posts\/11869\/revisions"}],"predecessor-version":[{"id":11870,"href":"https:\/\/xn--huracnpolmicocancnquintanaroo-knc6wmu.com\/index.php?rest_route=\/wp\/v2\/posts\/11869\/revisions\/11870"}],"wp:featuredmedia":[{"embeddable":true,"href":"https:\/\/xn--huracnpolmicocancnquintanaroo-knc6wmu.com\/index.php?rest_route=\/wp\/v2\/media\/11871"}],"wp:attachment":[{"href":"https:\/\/xn--huracnpolmicocancnquintanaroo-knc6wmu.com\/index.php?rest_route=%2Fwp%2Fv2%2Fmedia&parent=11869"}],"wp:term":[{"taxonomy":"category","embeddable":true,"href":"https:\/\/xn--huracnpolmicocancnquintanaroo-knc6wmu.com\/index.php?rest_route=%2Fwp%2Fv2%2Fcategories&post=11869"},{"taxonomy":"post_tag","embeddable":true,"href":"https:\/\/xn--huracnpolmicocancnquintanaroo-knc6wmu.com\/index.php?rest_route=%2Fwp%2Fv2%2Ftags&post=11869"}],"curies":[{"name":"wp","href":"https:\/\/api.w.org\/{rel}","templated":true}]}}