{"id":12005,"date":"2023-02-02T15:53:57","date_gmt":"2023-02-02T20:53:57","guid":{"rendered":"https:\/\/xn--huracnpolmicocancnquintanaroo-knc6wmu.com\/?p=12005"},"modified":"2023-02-02T20:53:59","modified_gmt":"2023-02-02T20:53:59","slug":"las-romanticas-vacaciones-de-shakira-y-gerard-pique-en-cancun-cuando-todavia-habia-amor","status":"publish","type":"post","link":"https:\/\/xn--huracnpolmicocancnquintanaroo-knc6wmu.com\/?p=12005","title":{"rendered":"Las rom\u00e1nticas vacaciones de Shakira y Gerard Piqu\u00e9 en Canc\u00fan cuando todav\u00eda hab\u00eda amor"},"content":{"rendered":"<h4 class=\"article-subheadline\" style=\"text-align: center;\">Tras una d\u00e9cada juntos, la estrella colombiana y el exfutbolista espa\u00f1ol festejar\u00e1n su cumplea\u00f1os por primera vez separados este 02 de febrero<\/h4>\n<div class=\"byline\">\n<div class=\"byline-text-wrapper\">\n<div class=\"authors-name-ctn\">\n<p class=\"paragraph\">Muy pocas historias de amor han conmocionado al mundo entero desde su comienzo hasta su repentino final. Esto ocurri\u00f3 con\u00a0<b>Shakira y Gerard Piqu\u00e9<\/b>, una pareja con impacto internacional que lamentablemente confirm\u00f3 su separaci\u00f3n en 2022. Entre rumores sobre\u00a0<b>una presunta infidelidad del exfutbolista con\u00a0<\/b><b>una mujer 12 a\u00f1os menor\u00a0<\/b>y la contundente\u00a0<b>tiradera de la estrella colombiana\u00a0<\/b>en contra del padre de sus hijos, ambos han tratado de sobrellevar su ruptura.<\/p>\n<p class=\"paragraph\">Este 02 de febrero es un d\u00eda muy especial para ambos, pues se encuentran celebrando su cumplea\u00f1os: la int\u00e9rprete de\u00a0<i>Pies descalzos\u00a0<\/i>cumpli\u00f3\u00a0<b>46<\/b>\u00a0a\u00f1os de edad, mientras que el exintegrante del\u00a0<i>Club Barcelona<\/i>\u00a0alcanz\u00f3 los\u00a0<b>36<\/b>. Esta es la primera vez en m\u00e1s de una d\u00e9cada que festejan su vuelta al sol separados y usuarios de redes sociales se los recordaron, pues entre las felicitaciones recordaron algunos momentos rom\u00e1nticos que protagonizaron cuando todav\u00eda eran pareja.<\/p>\n<h2 class=\"header\">Sus apasionadas vacaciones en Canc\u00fan<\/h2>\n<div class=\"inline ad-wrapper\">\n<div class=\"dfpAd display_inline_block ad_margin_wrapper\"><\/div>\n<\/div>\n<p class=\"paragraph\">Shakira y Gerard Piqu\u00e9 se conocieron en 2010, durante las grabaciones del videoclip de\u00a0<i><b>Waka Waka<\/b><\/i>, una canci\u00f3n que lanz\u00f3 la int\u00e9rprete colombiana con motivo de la\u00a0<i>Copa Mundial de F\u00fatbol<\/i>\u00a0que se llev\u00f3 a cabo ese mismo a\u00f1o en \u00c1frica. Tras varios meses saliendo se confirm\u00f3 su relaci\u00f3n y desde ese entonces encabezaron los titulares en muchos pa\u00edses y M\u00e9xico no fue la excepci\u00f3n.<\/p>\n<p class=\"paragraph\">Y es que en 2014 disfrutaron de las paradisiacas playas de Canc\u00fan junto a su primog\u00e9nito, Milan. En ese entonces, los enamorados fueron captados por varios medios nacionales y fan\u00e1ticos desde que arribaron al aeropuerto hasta su llegada a un lujoso hotel que se encuentra a la orilla del mar.<\/p>\n<p class=\"paragraph\"><b>Se desconoce con precisi\u00f3n cu\u00e1ntos d\u00edas vacacionaron en M\u00e9xico<\/b>, sin embargo, las redes sociales se inundaron con fotograf\u00edas y videos que algunos curiosos tomaron de la pareja mientras disfrutaban del sol y la arena. En las postales que perduran en\u00a0<i>Twitter\u00a0<\/i>se puede apreciar a la cantante recostada en un camastro, mientras que el atleta intenta agarrar un poco de color.<\/p>\n<p class=\"paragraph\">En otras<b>\u00a0aparecieron adentro del mar saltando las olas sin soltarse<\/b>, pues estaban fundidos en un amoroso abrazo. Entre besos y apapachos gozaron al m\u00e1ximo su estancia en el pa\u00eds. Como era de esperarse, en ese entonces los internautas externaron su aprecio por la cantante colombiana y aplaudieron que se atreviera a visitar M\u00e9xico con su pareja.<\/p>\n<p class=\"paragraph\">\u201cGeri llev\u00e1ndole la toalla a Shak para que se cubra\u201d. \u201cY @shakira se fue con el bello de Pique a Cancun a aliviarse de las tensiones del Mundial 2014\u201d.\u201cShakira y Piqu\u00e9 superan su pena por la eliminaci\u00f3n del Mundial tomando el sol en Canc\u00fan\u201d. \u201c<b>Que tal que mi @shakira encarga beb\u00e9 en Canc\u00fan antes de irse a cantar a la clausura del mundial!!!<\/b>\u201d. \u201cLe est\u00e1n dando su Piqu\u00e9 en pleno mar de Canc\u00fan a mi @shakira\u201d, fueron algunas reacciones.<\/p>\n<p class=\"paragraph\">Muchos internautas bromearon con la posibilidad de las celebridades encargaran a su segundo hijo en playas mexicanas, pero en realidad ya se encontraban en la dulce espera de Sasha, pues<b>\u00a0la int\u00e9rprete de\u00a0<\/b><i><b>Antolog\u00eda<\/b><\/i><b>\u00a0ten\u00eda aproximadamente tres meses de embarazo cuando visit\u00f3 Canc\u00fan con su ahora ex<\/b>.<\/p>\n<p class=\"paragraph\">De hecho,<b>\u00a0nadie se dio cuenta del embarazo porque Shakira luci\u00f3 su vientre plano en bikini<\/b>.<\/p>\n<h2 class=\"header\">Shakira, Piqu\u00e9 y Clara Ch\u00eda: el tri\u00e1ngulo amoroso de acuarios<\/h2>\n<p class=\"paragraph\">Semanas antes de que trascendiera la separaci\u00f3n de Shakira y Gerard Piqu\u00e9 comenz\u00f3 a circular en redes sociales el nombre de Clara Ch\u00eda, una mujer espa\u00f1ola que habr\u00eda se rob\u00f3 el coraz\u00f3n del exfutbolista cuando todav\u00eda viv\u00eda ten\u00eda una relaci\u00f3n formal con la int\u00e9rprete colombiana.<\/p>\n<p class=\"paragraph\">Pero hay algo m\u00e1s que une a los tres protagonista de esta historia, todos nacieron en febrero pero de diferentes a\u00f1os, por lo que tambi\u00e9n comparten el mismo signo zodiacal.<\/p>\n<\/div>\n<\/div>\n<\/div>\n","protected":false},"excerpt":{"rendered":"<p>Tras una d\u00e9cada juntos, la estrella colombiana y el exfutbolista espa\u00f1ol festejar\u00e1n su cumplea\u00f1os por&#8230;<\/p>\n","protected":false},"author":1,"featured_media":12007,"comment_status":"open","ping_status":"closed","sticky":false,"template":"","format":"standard","meta":{"footnotes":""},"categories":[2],"tags":[],"class_list":["post-12005","post","type-post","status-publish","format-standard","has-post-thumbnail","hentry","category-local"],"_links":{"self":[{"href":"https:\/\/xn--huracnpolmicocancnquintanaroo-knc6wmu.com\/index.php?rest_route=\/wp\/v2\/posts\/12005","targetHints":{"allow":["GET"]}}],"collection":[{"href":"https:\/\/xn--huracnpolmicocancnquintanaroo-knc6wmu.com\/index.php?rest_route=\/wp\/v2\/posts"}],"about":[{"href":"https:\/\/xn--huracnpolmicocancnquintanaroo-knc6wmu.com\/index.php?rest_route=\/wp\/v2\/types\/post"}],"author":[{"embeddable":true,"href":"https:\/\/xn--huracnpolmicocancnquintanaroo-knc6wmu.com\/index.php?rest_route=\/wp\/v2\/users\/1"}],"replies":[{"embeddable":true,"href":"https:\/\/xn--huracnpolmicocancnquintanaroo-knc6wmu.com\/index.php?rest_route=%2Fwp%2Fv2%2Fcomments&post=12005"}],"version-history":[{"count":1,"href":"https:\/\/xn--huracnpolmicocancnquintanaroo-knc6wmu.com\/index.php?rest_route=\/wp\/v2\/posts\/12005\/revisions"}],"predecessor-version":[{"id":12006,"href":"https:\/\/xn--huracnpolmicocancnquintanaroo-knc6wmu.com\/index.php?rest_route=\/wp\/v2\/posts\/12005\/revisions\/12006"}],"wp:featuredmedia":[{"embeddable":true,"href":"https:\/\/xn--huracnpolmicocancnquintanaroo-knc6wmu.com\/index.php?rest_route=\/wp\/v2\/media\/12007"}],"wp:attachment":[{"href":"https:\/\/xn--huracnpolmicocancnquintanaroo-knc6wmu.com\/index.php?rest_route=%2Fwp%2Fv2%2Fmedia&parent=12005"}],"wp:term":[{"taxonomy":"category","embeddable":true,"href":"https:\/\/xn--huracnpolmicocancnquintanaroo-knc6wmu.com\/index.php?rest_route=%2Fwp%2Fv2%2Fcategories&post=12005"},{"taxonomy":"post_tag","embeddable":true,"href":"https:\/\/xn--huracnpolmicocancnquintanaroo-knc6wmu.com\/index.php?rest_route=%2Fwp%2Fv2%2Ftags&post=12005"}],"curies":[{"name":"wp","href":"https:\/\/api.w.org\/{rel}","templated":true}]}}