{"id":12215,"date":"2023-02-09T15:56:25","date_gmt":"2023-02-09T20:56:25","guid":{"rendered":"https:\/\/xn--huracnpolmicocancnquintanaroo-knc6wmu.com\/?p=12215"},"modified":"2023-02-09T20:56:26","modified_gmt":"2023-02-09T20:56:26","slug":"touroperadores-ucranianos-regresan-a-cancun-viajar-es-un-respiro-aseguran","status":"publish","type":"post","link":"https:\/\/xn--huracnpolmicocancnquintanaroo-knc6wmu.com\/?p=12215","title":{"rendered":"Touroperadores ucranianos regresan a Canc\u00fan; &#8221;viajar es un respiro&#8221;, aseguran"},"content":{"rendered":"<div class=\"single-blog-content mt-30\">\n<h4 style=\"text-align: center;\">&#8221;Es muy dif\u00edcil cuando sales de un pa\u00eds que tiene ya un a\u00f1o en guerra&#8221;, relatan<\/h4>\n<p>El pr\u00f3ximo 24 de febrero se cumple un a\u00f1o del inicio de la guerra entre Rusia y Ucrania, por lo que hoy los ucranianos buscan un respiro a la dif\u00edcil situaci\u00f3n que viven y salir de viaje se ha convertido en una opci\u00f3n, especialmente para quienes viven fuera de Ucrania, aunque los viajes los adquieren con tour operadores de su pa\u00eds.<\/p>\n<p>Armina Wolpert, directora general de Armina\u2019s Travel, hizo \u00e9nfasis en que muchas familias ya viven en el extranjero y los est\u00e1n mandando de viaje desde Kiev, en busca de ese \u201ccalor\u201d que tanto les ha faltado desde que inici\u00f3 el conflicto. Esta semana se recibi\u00f3 en Canc\u00fan a un grupo de touroperadores del pa\u00eds europeo, que siguen teniendo a Canc\u00fan como una de sus opciones vacacionales.<\/p>\n<p>\u201cTenemos que vivir vida normal, tenemos que ir a descansar, y as\u00ed (quienes a\u00fan viven en Ucrania) est\u00e1n tomando los trenes, van a la frontera hacia alguna capital europea y de all\u00ed toman aviones, as\u00ed es ahora el mecanismo de turismo que tiene Ucrania, muy complicado. Pero contin\u00faa el inter\u00e9s y amor, adoran M\u00e9xico y s\u00ed hay muchas solicitudes\u201d, apunt\u00f3 la tambi\u00e9n exc\u00f3nsul honoraria de Rusia en Canc\u00fan.<\/p>\n<p>Ante esto, Armina present\u00f3 la iniciativa llamada \u201cCalor de M\u00e9xico para Ucrania\u201d, con la intenci\u00f3n de mandar a los ucranianos el mensaje de que aqu\u00ed pueden pasar unas vacaciones agradables y como respuesta a la intenci\u00f3n de viaje que ellos mantienen pese a la situaci\u00f3n que priva en su pa\u00eds. Fue en este contexto que arribaron los touroperadores de Ucrania.<\/p>\n<p>\u201cSon colegas con los que vengo trabajando desde hace 25 a\u00f1os, amigos y amigas que est\u00e1n viviendo esta situaci\u00f3n y de ah\u00ed sali\u00f3 la idea, con apoyo de autoridades y hoteleros, restaurantes en la zona hotelera, transportadoras. Para estos agentes que vienen todo es gratis, ellos pagan solamente su vuelo\u201d, especific\u00f3; ser\u00e1n 12 noches las que pasar\u00e1n en el destino.<\/p>\n<p>El viaje de estos tour operadores inici\u00f3 en Kiev, capital de Ucrania, desde donde tomaron un tren hasta la frontera con Polonia para despu\u00e9s llegar a Varsovia y de Varsovia abordar un avi\u00f3n a Frankfurt, Alemania, y de all\u00ed a Canc\u00fan.<\/p>\n<p>\u201cEs muy dif\u00edcil cuando sales de un pa\u00eds que tiene ya un a\u00f1o en guerra, donde has adquirido ciertas costumbres en tu vida diaria, esta sensaci\u00f3n de que cuando vas a dormir puedes no despertar porque te pueden bombardear; es una sensaci\u00f3n muy rara salir de ese sitio y estar en un lugar seguro. Hoy por hoy en Ucrania no hay ni un cent\u00edmetro de tierra seguro, eso afecta much\u00edsimo a cualquier ciudadano\u201d, relat\u00f3 Daryna Dudkevich, touroperadora ucraniana.<\/p>\n<p>Adem\u00e1s de Daryna llegaron a Canc\u00fan Yulia Turynina, Inna Bratkova, Svitlana Salko, Ana Vinnichuk, Natalia Ostapenko, Olena Ivashchenko, Anastasia Kravchenko, Natalia Onysko e Igor Valkov, quien fue el \u00fanico hombre que pudo viajar pues por cuestiones de salud no puede integrarse a la guerra; en general, los hombres no pueden salir del pa\u00eds.<\/p>\n<\/div>\n","protected":false},"excerpt":{"rendered":"<p>&#8221;Es muy dif\u00edcil cuando sales de un pa\u00eds que tiene ya un a\u00f1o en guerra&#8221;,&#8230;<\/p>\n","protected":false},"author":1,"featured_media":12217,"comment_status":"open","ping_status":"closed","sticky":false,"template":"","format":"standard","meta":{"footnotes":""},"categories":[2],"tags":[],"class_list":["post-12215","post","type-post","status-publish","format-standard","has-post-thumbnail","hentry","category-local"],"_links":{"self":[{"href":"https:\/\/xn--huracnpolmicocancnquintanaroo-knc6wmu.com\/index.php?rest_route=\/wp\/v2\/posts\/12215","targetHints":{"allow":["GET"]}}],"collection":[{"href":"https:\/\/xn--huracnpolmicocancnquintanaroo-knc6wmu.com\/index.php?rest_route=\/wp\/v2\/posts"}],"about":[{"href":"https:\/\/xn--huracnpolmicocancnquintanaroo-knc6wmu.com\/index.php?rest_route=\/wp\/v2\/types\/post"}],"author":[{"embeddable":true,"href":"https:\/\/xn--huracnpolmicocancnquintanaroo-knc6wmu.com\/index.php?rest_route=\/wp\/v2\/users\/1"}],"replies":[{"embeddable":true,"href":"https:\/\/xn--huracnpolmicocancnquintanaroo-knc6wmu.com\/index.php?rest_route=%2Fwp%2Fv2%2Fcomments&post=12215"}],"version-history":[{"count":1,"href":"https:\/\/xn--huracnpolmicocancnquintanaroo-knc6wmu.com\/index.php?rest_route=\/wp\/v2\/posts\/12215\/revisions"}],"predecessor-version":[{"id":12216,"href":"https:\/\/xn--huracnpolmicocancnquintanaroo-knc6wmu.com\/index.php?rest_route=\/wp\/v2\/posts\/12215\/revisions\/12216"}],"wp:featuredmedia":[{"embeddable":true,"href":"https:\/\/xn--huracnpolmicocancnquintanaroo-knc6wmu.com\/index.php?rest_route=\/wp\/v2\/media\/12217"}],"wp:attachment":[{"href":"https:\/\/xn--huracnpolmicocancnquintanaroo-knc6wmu.com\/index.php?rest_route=%2Fwp%2Fv2%2Fmedia&parent=12215"}],"wp:term":[{"taxonomy":"category","embeddable":true,"href":"https:\/\/xn--huracnpolmicocancnquintanaroo-knc6wmu.com\/index.php?rest_route=%2Fwp%2Fv2%2Fcategories&post=12215"},{"taxonomy":"post_tag","embeddable":true,"href":"https:\/\/xn--huracnpolmicocancnquintanaroo-knc6wmu.com\/index.php?rest_route=%2Fwp%2Fv2%2Ftags&post=12215"}],"curies":[{"name":"wp","href":"https:\/\/api.w.org\/{rel}","templated":true}]}}