{"id":12278,"date":"2023-02-11T19:02:15","date_gmt":"2023-02-12T00:02:15","guid":{"rendered":"https:\/\/xn--huracnpolmicocancnquintanaroo-knc6wmu.com\/?p=12278"},"modified":"2023-02-12T00:02:17","modified_gmt":"2023-02-12T00:02:17","slug":"quitaran-15-concesiones-a-taxistas-que-bloquearon-cancun-en-protesta-por-uber","status":"publish","type":"post","link":"https:\/\/xn--huracnpolmicocancnquintanaroo-knc6wmu.com\/?p=12278","title":{"rendered":"Quitar\u00e1n 15 concesiones a taxistas que bloquearon Canc\u00fan en protesta por Uber"},"content":{"rendered":"<h4 style=\"text-align: center;\"><strong class=\"bajada\">Autoridades de Quintana Roo iniciaron el procedimiento para revocar las concesiones de 15 taxistas de Canc\u00fan que participaron en los bloqueos de la Zona Hotelera en protesta por la entrada en funciones de Uber.<\/strong><\/h4>\n<div class=\"row\">\n<div class=\"col-md-1 col-sticky\">\n<div class=\"inner-share-bar cf\">\n<div class=\"item\">\n<p>\u00a0El Instituto de Movilidad de Quintana Roo (Imoveqroo) inici\u00f3 el proceso administrativo para revocar las concesiones de 15 taxistas de Canc\u00fan por los bloqueos realizados en la Zona Hotelera.<\/p>\n<p>Esta decisi\u00f3n respondi\u00f3 a la petici\u00f3n hecha por la Fiscal\u00eda General de Justicia (FGE) del estado, tras verificar los n\u00fameros econ\u00f3micos de 14 taxis y una combi que participaron en las protestas y el cierre de vialidades el 23 de enero.<\/p>\n<p>Ese d\u00eda, despu\u00e9s del bloqueo y la manifestaci\u00f3n, la presidenta municipal de Benito Ju\u00e1rez, Ana Patricia Peralta, les advirti\u00f3 que iniciar\u00eda el proceso de revocaci\u00f3n de concesiones.<\/p>\n<p>El titular del Imoveqroo, Luis Rodrigo Alc\u00e1zar Urrutia, confirm\u00f3 que fue ese n\u00famero de unidades a las que les quitaron la concesi\u00f3n por el bloqueo.<\/p>\n<p>El s\u00edndico municipal, Pablo Guti\u00e9rrez Fern\u00e1ndez, confirm\u00f3 que interpusieron denuncias formales ante la DGE contra los taxistas que bloquearon ese d\u00eda las vialidades.<\/p>\n<p>\u201cLa verdad, con que tuvi\u00e9ramos la resoluci\u00f3n de esas 15 unidades, creo que ya es un avance. La verdad es que nosotros sacamos m\u00e1s, alrededor de cincuenta y tantos, pero tiene que haber sanciones, es lo \u00fanico que queremos\u201d, dijo por su parte el secretario General del Ayuntamiento, Jorge Aguilar Osorio.<\/p>\n<p>Medios locales publicaron que los responsables del bloqueo, a quienes les quitaran sus concesiones, tienen los n\u00fameros econ\u00f3micos 5234, 3148, 3315, 3766, 2499, 4928, 2454, 1616, 3651, 6544, 5469, 2029, 1550, 1787 y la combi 1386, que pertenecen al Sindicato de Taxistas Andr\u00e9s Quintana Roo.<\/p>\n<p>Del 19 al 22 de enero, en distintos puntos tur\u00edsticos del estado, como Canc\u00fan y Playa del Carmen, se reportaron ataques de taxistas contra trabajadores y usuarios de Uber. En grabaciones difundidas en redes sociales se ve a grupos de taxistas golpeando y amenazando a los conductores y hasta a los pasajeros de Uber.<\/p>\n<p>Producto de la violencia de los taxistas contra los conductores de Uber, ese 23 de enero, el consulado de Estados Unidos emiti\u00f3 una alerta de seguridad para los turistas estadunidenses que quieran usar aplicaciones para el servicio de transporte como Uber y Cabify, en Quintana Roo.<\/p>\n<p>\u201cDisputas pasadas entre estos servicios y los sindicatos de taxistas locales se han vuelto violentas, resultando en heridas a ciudadanos estadunidenses, en algunas ocasiones\u201d, indic\u00f3 en la alerta, en la que tambi\u00e9n les recomend\u00f3 revisar sus planes de seguridad personal, mantener un perfil bajo y contactar a las autoridades mexicanas en caso de incidentes.<\/p>\n<p>El diputado presidente de la Comisi\u00f3n de Justicia del Congreso del Estado de Quintana Roo, Hugo Alday Nieto, confirm\u00f3 que los legisladores ratificaron la solicitud de juicio pol\u00edtico promovida por socios conductores de Uber contra funcionarios estatales y ser\u00e1 hasta el 15 de febrero que decidir\u00e1n si procede o no.<\/p>\n<p>El conductor de Uber, Carlos Calzado, dijo que siguen pidiendo la renuncia del fiscal del estado, \u00d3scar Montes de Oca, porque no ha atendido sus denuncias ni hecho nada para frenar las agresiones y el acoso que sufren por parte de taxistas de Canc\u00fan y Playa del Carmen.<\/p>\n<\/div>\n<\/div>\n<\/div>\n<\/div>\n","protected":false},"excerpt":{"rendered":"<p>Autoridades de Quintana Roo iniciaron el procedimiento para revocar las concesiones de 15 taxistas de&#8230;<\/p>\n","protected":false},"author":1,"featured_media":12280,"comment_status":"open","ping_status":"closed","sticky":false,"template":"","format":"standard","meta":{"footnotes":""},"categories":[2],"tags":[],"class_list":["post-12278","post","type-post","status-publish","format-standard","has-post-thumbnail","hentry","category-local"],"_links":{"self":[{"href":"https:\/\/xn--huracnpolmicocancnquintanaroo-knc6wmu.com\/index.php?rest_route=\/wp\/v2\/posts\/12278","targetHints":{"allow":["GET"]}}],"collection":[{"href":"https:\/\/xn--huracnpolmicocancnquintanaroo-knc6wmu.com\/index.php?rest_route=\/wp\/v2\/posts"}],"about":[{"href":"https:\/\/xn--huracnpolmicocancnquintanaroo-knc6wmu.com\/index.php?rest_route=\/wp\/v2\/types\/post"}],"author":[{"embeddable":true,"href":"https:\/\/xn--huracnpolmicocancnquintanaroo-knc6wmu.com\/index.php?rest_route=\/wp\/v2\/users\/1"}],"replies":[{"embeddable":true,"href":"https:\/\/xn--huracnpolmicocancnquintanaroo-knc6wmu.com\/index.php?rest_route=%2Fwp%2Fv2%2Fcomments&post=12278"}],"version-history":[{"count":1,"href":"https:\/\/xn--huracnpolmicocancnquintanaroo-knc6wmu.com\/index.php?rest_route=\/wp\/v2\/posts\/12278\/revisions"}],"predecessor-version":[{"id":12279,"href":"https:\/\/xn--huracnpolmicocancnquintanaroo-knc6wmu.com\/index.php?rest_route=\/wp\/v2\/posts\/12278\/revisions\/12279"}],"wp:featuredmedia":[{"embeddable":true,"href":"https:\/\/xn--huracnpolmicocancnquintanaroo-knc6wmu.com\/index.php?rest_route=\/wp\/v2\/media\/12280"}],"wp:attachment":[{"href":"https:\/\/xn--huracnpolmicocancnquintanaroo-knc6wmu.com\/index.php?rest_route=%2Fwp%2Fv2%2Fmedia&parent=12278"}],"wp:term":[{"taxonomy":"category","embeddable":true,"href":"https:\/\/xn--huracnpolmicocancnquintanaroo-knc6wmu.com\/index.php?rest_route=%2Fwp%2Fv2%2Fcategories&post=12278"},{"taxonomy":"post_tag","embeddable":true,"href":"https:\/\/xn--huracnpolmicocancnquintanaroo-knc6wmu.com\/index.php?rest_route=%2Fwp%2Fv2%2Ftags&post=12278"}],"curies":[{"name":"wp","href":"https:\/\/api.w.org\/{rel}","templated":true}]}}