{"id":12418,"date":"2023-02-15T15:34:28","date_gmt":"2023-02-15T20:34:28","guid":{"rendered":"https:\/\/xn--huracnpolmicocancnquintanaroo-knc6wmu.com\/?p=12418"},"modified":"2023-02-15T20:34:29","modified_gmt":"2023-02-15T20:34:29","slug":"carnaval-cancun-2023-conoce-el-cierre-de-calles-del-17-al-21-de-febrero","status":"publish","type":"post","link":"https:\/\/xn--huracnpolmicocancnquintanaroo-knc6wmu.com\/?p=12418","title":{"rendered":"Carnaval Canc\u00fan 2023: Conoce el cierre de calles del 17 al 21 de febrero"},"content":{"rendered":"<div class=\"row m-b-15\">\n<div class=\"col-xs-12 col-sm-12 col-md-12 col-lg-12\">\n<div>\n<div class=\"row m-b-15\">\n<div class=\"col-xs-12 col-sm-12 col-md-12 col-lg-12\">\n<h4 class=\"introduction\" style=\"text-align: center;\">Cabe se\u00f1alar que las vialidades estar\u00e1n bloqueadas a partir de las 17:00 horas de este viernes.<\/h4>\n<\/div>\n<\/div>\n<\/div>\n<div class=\"row m-b-25\">\n<div class=\"col-xs-12 col-sm-12 col-md-12 col-lg-12 info-extra-new\">\n<p>La Plaza de la Reforma del Palacio Municipal ser\u00e1 la sede del\u00a0<strong>Carnaval Canc\u00fan 2023<\/strong>, que se realizar\u00e1 del 17 al 21 de febrero, por tal motivo, las autoridades han emitido la lista de las\u00a0<strong>calles\u00a0que estar\u00e1n cerradas desde este viernes hasta el pr\u00f3ximo martes<\/strong>.<\/p>\n<p>La direcci\u00f3n de Tr\u00e1nsito Municipal comparti\u00f3 en sus redes sociales d\u00f3nde ser\u00e1n los cierres parciales de diferentes calles y avenidas, como parte del operativo vial previo a la fiesta.<\/p>\n<p>Cabe se\u00f1alar que las calles estar\u00e1n bloqueadas a partir de las 17:00 horas del viernes 17 de febrero hasta\u00a0<strong>conclusi\u00f3n de actividades del Carnaval del martes 21 de febrero<\/strong>.<\/p>\n<h2>Lista de cierres viales<\/h2>\n<p>&#8211; Cierre parcial de la Av. Nader en el sentido que va de la Av. Uxmal a la Av. Coba.<br \/>\n&#8211; Cierre parcial de la Av. Chich\u00e9n Itz\u00e1 en el sentido que va de Av. Bonampak a Av. Tulum, en el tramo que comprende entre dichas avenidas.<br \/>\n&#8211; Cierre de la Av. Tulum en ambos sentidos, desde la Av. Uxmal hasta la Av. Coba.<br \/>\n&#8211; Cierre del carril central de la Av. Tulum en el sentido que va desde Av. Chich\u00e9n Itz\u00e1 a la Av. Coba, hacia la glorieta conocida como &#8216;El Ceviche&#8217;.<\/p>\n<h2>Anticipa tu salida<\/h2>\n<div id=\"div-gpt-ad-inread-2-63ed27e6f3205f001393c753\" data-name=\"inread\" data-size=\"[[336,250], [300,250]]\" data-google-query-id=\"CJea4divmP0CFdQTZQod22cHhA\">\n<div id=\"google_ads_iframe_\/4334274\/inread_1__container__\"><\/div>\n<\/div>\n<p>La circulaci\u00f3n vehicular se mantendr\u00e1 en el carril de baja de la Av. Tulum entre Chich\u00e9n Itz\u00e1 y Uxmal, en el\u00a0<strong>sentido que va desde la estaci\u00f3n central de bomberos al palacio municipal<\/strong>.<\/p>\n<p>Solo los carriles que van en el sentido de la Av. Uxmal- Av. Chich\u00e9n Itza de la Av. Tulum se mantendr\u00e1n abiertos. 17 al 21 de febrero desde las 17:00 horas hasta concluir el desfile.<\/p>\n<h2>Estos son los artistas que se presentar\u00e1n en el Carnaval de Canc\u00fan<\/h2>\n<p>Para el primer d\u00eda de actividades del\u00a0<strong>Carnaval en Canc\u00fan 2023<\/strong>, el viernes 17, se contar\u00e1 con la participaci\u00f3n especial de\u00a0<strong>Ninel Conde y Yahir<\/strong>; mientras que para el s\u00e1bado 18, el broche de oro lo pondr\u00e1n\u00a0<strong>Alex Mont y Bobby Pulido<\/strong>.<\/p>\n<p>El domingo 19 los cancunenses podr\u00e1n bailar al ritmo de\u00a0<strong>Emerald Band y Ana B\u00e1rbara<\/strong>; el\u00a0<strong>lunes 20<\/strong>, se presentar\u00e1n<strong>\u00a0Rewind Retro Show Band y Aar\u00f3n y su grupo Ilusi\u00f3n<\/strong>; finalmente el\u00a0<strong>martes 21<\/strong>, el cierre de la fiesta lo realizar\u00e1<strong>\u00a0Tila Mar\u00eda Sesto y la Sonora Santanera de Carlos Colorado<\/strong>.<\/p>\n<\/div>\n<\/div>\n<\/div>\n<\/div>\n","protected":false},"excerpt":{"rendered":"<p>Cabe se\u00f1alar que las vialidades estar\u00e1n bloqueadas a partir de las 17:00 horas de este&#8230;<\/p>\n","protected":false},"author":1,"featured_media":12420,"comment_status":"open","ping_status":"closed","sticky":false,"template":"","format":"standard","meta":{"footnotes":""},"categories":[2],"tags":[],"class_list":["post-12418","post","type-post","status-publish","format-standard","has-post-thumbnail","hentry","category-local"],"_links":{"self":[{"href":"https:\/\/xn--huracnpolmicocancnquintanaroo-knc6wmu.com\/index.php?rest_route=\/wp\/v2\/posts\/12418","targetHints":{"allow":["GET"]}}],"collection":[{"href":"https:\/\/xn--huracnpolmicocancnquintanaroo-knc6wmu.com\/index.php?rest_route=\/wp\/v2\/posts"}],"about":[{"href":"https:\/\/xn--huracnpolmicocancnquintanaroo-knc6wmu.com\/index.php?rest_route=\/wp\/v2\/types\/post"}],"author":[{"embeddable":true,"href":"https:\/\/xn--huracnpolmicocancnquintanaroo-knc6wmu.com\/index.php?rest_route=\/wp\/v2\/users\/1"}],"replies":[{"embeddable":true,"href":"https:\/\/xn--huracnpolmicocancnquintanaroo-knc6wmu.com\/index.php?rest_route=%2Fwp%2Fv2%2Fcomments&post=12418"}],"version-history":[{"count":1,"href":"https:\/\/xn--huracnpolmicocancnquintanaroo-knc6wmu.com\/index.php?rest_route=\/wp\/v2\/posts\/12418\/revisions"}],"predecessor-version":[{"id":12419,"href":"https:\/\/xn--huracnpolmicocancnquintanaroo-knc6wmu.com\/index.php?rest_route=\/wp\/v2\/posts\/12418\/revisions\/12419"}],"wp:featuredmedia":[{"embeddable":true,"href":"https:\/\/xn--huracnpolmicocancnquintanaroo-knc6wmu.com\/index.php?rest_route=\/wp\/v2\/media\/12420"}],"wp:attachment":[{"href":"https:\/\/xn--huracnpolmicocancnquintanaroo-knc6wmu.com\/index.php?rest_route=%2Fwp%2Fv2%2Fmedia&parent=12418"}],"wp:term":[{"taxonomy":"category","embeddable":true,"href":"https:\/\/xn--huracnpolmicocancnquintanaroo-knc6wmu.com\/index.php?rest_route=%2Fwp%2Fv2%2Fcategories&post=12418"},{"taxonomy":"post_tag","embeddable":true,"href":"https:\/\/xn--huracnpolmicocancnquintanaroo-knc6wmu.com\/index.php?rest_route=%2Fwp%2Fv2%2Ftags&post=12418"}],"curies":[{"name":"wp","href":"https:\/\/api.w.org\/{rel}","templated":true}]}}