{"id":12645,"date":"2023-02-21T15:49:11","date_gmt":"2023-02-21T20:49:11","guid":{"rendered":"https:\/\/xn--huracnpolmicocancnquintanaroo-knc6wmu.com\/?p=12645"},"modified":"2023-02-21T20:49:14","modified_gmt":"2023-02-21T20:49:14","slug":"carnaval-cancun-2023-lleno-de-magia-y-diversion-para-los-cancunenses","status":"publish","type":"post","link":"https:\/\/xn--huracnpolmicocancnquintanaroo-knc6wmu.com\/?p=12645","title":{"rendered":"CARNAVAL CANC\u00daN 2023 LLENO DE MAGIA Y DIVERSI\u00d3N PARA LOS CANCUNENSES"},"content":{"rendered":"<p>Se unen la gobernadora Mara Lezama y la presidenta Ana Patricia Peralta en los festejos.<\/p>\n<p>Con la asistencia de 15 mil cancunenses y turistas, plet\u00f3rico en magia y diversi\u00f3n, durante el cuarto d\u00eda del Carnaval Canc\u00fan 2023 \u201c\u00a1El Carnaval Nos Une!\u201d, la Presidenta Municipal, Ana Patricia Peralta, y la gobernadora, Mara Lezama, llenaron de emoci\u00f3n la Plaza de la Reforma, al dar a conocer los ganadores de los concursos de comparsas en las categor\u00edas infantil, juvenil y libre.<\/p>\n<p>&nbsp;<\/p>\n<p>\u201cQuiero agradecer a todas y todos los que se sumaron para organizar y participar en esta gran fiesta. Somos muchos los que nos unimos. El carnaval nos une para festejar nuestra identidad y nuestra uni\u00f3n como cancunenses; as\u00ed como nos unimos en esta celebraci\u00f3n, as\u00ed construiremos juntos el Canc\u00fan que so\u00f1amos\u201d, mencion\u00f3 la Primera Autoridad Municipal.<\/p>\n<p>&nbsp;<\/p>\n<p>Con gritos, silbatos, matracas, cornetas y cualquier instrumento que sirviese para ambientar, los asistentes apoyaron a las comparsas durante este lunes en el desfile, integrado por 13 carros aleg\u00f3ricos multicolores que rodaron por la avenida Tulum. En el derrotero se cont\u00f3 con poco m\u00e1s de 30 comparsas concentrando a m\u00e1s de mil 217 personas y el doble de espectadores a su paso.<\/p>\n<p>&nbsp;<\/p>\n<p>Durante el protocolo de presentaci\u00f3n de los ganadores, la gobernadora de Quintana Roo, Mara Lezama, junto con la Presidenta Municipal, Ana Patricia Peralta, expresaron a los presentes la emoci\u00f3n de poder compartir nuevamente juntos la felicidad del carnaval, tras dos a\u00f1os de que fue suspendido a causa de la pandemia por COVID-19.<\/p>\n<p>&nbsp;<\/p>\n<p>\u201cDe eso se trata el Carnaval, de tomarnos de la mano. He hablado del nuevo Acuerdo por el Bienestar y Desarrollo de Quintana Roo y de eso se trata, que nadie absolutamente nadie se quede atr\u00e1s. Y s\u00ed nos tomamos de la mano y trabajamos en conjunto, estamos condenados a escribir las p\u00e1ginas m\u00e1s bellas en la historia de Benito Ju\u00e1rez; las p\u00e1ginas m\u00e1s bellas de las historia de los carnavales y las p\u00e1ginas m\u00e1s bellas de la historia de Quintana Roo\u201d, resalt\u00f3 Mara Lezama.<\/p>\n<p>&nbsp;<\/p>\n<p>El folclor mexicano estuvo m\u00e1s vivo que nunca. Los participantes de comparsas no se reservaron nada, mostraron sus trajes t\u00edpicos regionales de Quintana Roo y Yucat\u00e1n, quienes al ritmo de jarana bailaron animosamente; adem\u00e1s, los sones veracruzanos, sinaloenses y jaliscienses acompa\u00f1aron a los diversos contingentes haciendo participar a los asistentes cantando o bailando el fondo musical, logrando as\u00ed la participaci\u00f3n de la ciudadan\u00eda unida a la algarab\u00eda.<\/p>\n<p>&nbsp;<\/p>\n<p>Los visitantes nacionales y extranjeros siguieron a los contingentes uni\u00e9ndose a la gran fiesta carnestolenda hasta llegar a Plaza de la Reforma para disfrutar de la presentaci\u00f3n del show regional de los reyes de la diversidad y reyes soberanos, mismos que sorprendieron a la audiencia con su exuberantes vestuarios, elegancia y precisi\u00f3n en la ejecuci\u00f3n de sus preparados n\u00fameros, acto que sirvi\u00f3 de pre\u00e1mbulo al concurso de comparsas participantes en la \u201cCategor\u00eda Libre\u201d.<\/p>\n<p>&nbsp;<\/p>\n<p>Entregaron reconocimientos a las comparsas de la categor\u00eda libre Esperanza, Aloha Ale, Sangre Latina, Los Joroperos Hermanos Narv\u00e1ez, Fuerza Latina, Panteras Salvajes Bachilleres I y Explosi\u00f3n Latina, la Presidenta Municipal, Ana Patricia Peralta; la gobernadora Mara Lezama y la Presidenta Honoraria del DIF Quintana Roo, Ver\u00f3nica Lezama.<\/p>\n<p>&nbsp;<\/p>\n<p>Para cerrar este espl\u00e9ndido cuarto d\u00eda de Carnaval, Rewind Retro Show Band, y Aar\u00f3n y su Grupo Ilusi\u00f3n pusieron a vibrar a los asistentes en la explanada de la Plaza de la Reforma con sus grandiosos \u00e9xitos.<\/p>\n","protected":false},"excerpt":{"rendered":"<p>Se unen la gobernadora Mara Lezama y la presidenta Ana Patricia Peralta en los festejos&#8230;.<\/p>\n","protected":false},"author":1,"featured_media":12647,"comment_status":"open","ping_status":"closed","sticky":false,"template":"","format":"standard","meta":{"footnotes":""},"categories":[2],"tags":[],"class_list":["post-12645","post","type-post","status-publish","format-standard","has-post-thumbnail","hentry","category-local"],"_links":{"self":[{"href":"https:\/\/xn--huracnpolmicocancnquintanaroo-knc6wmu.com\/index.php?rest_route=\/wp\/v2\/posts\/12645","targetHints":{"allow":["GET"]}}],"collection":[{"href":"https:\/\/xn--huracnpolmicocancnquintanaroo-knc6wmu.com\/index.php?rest_route=\/wp\/v2\/posts"}],"about":[{"href":"https:\/\/xn--huracnpolmicocancnquintanaroo-knc6wmu.com\/index.php?rest_route=\/wp\/v2\/types\/post"}],"author":[{"embeddable":true,"href":"https:\/\/xn--huracnpolmicocancnquintanaroo-knc6wmu.com\/index.php?rest_route=\/wp\/v2\/users\/1"}],"replies":[{"embeddable":true,"href":"https:\/\/xn--huracnpolmicocancnquintanaroo-knc6wmu.com\/index.php?rest_route=%2Fwp%2Fv2%2Fcomments&post=12645"}],"version-history":[{"count":1,"href":"https:\/\/xn--huracnpolmicocancnquintanaroo-knc6wmu.com\/index.php?rest_route=\/wp\/v2\/posts\/12645\/revisions"}],"predecessor-version":[{"id":12646,"href":"https:\/\/xn--huracnpolmicocancnquintanaroo-knc6wmu.com\/index.php?rest_route=\/wp\/v2\/posts\/12645\/revisions\/12646"}],"wp:featuredmedia":[{"embeddable":true,"href":"https:\/\/xn--huracnpolmicocancnquintanaroo-knc6wmu.com\/index.php?rest_route=\/wp\/v2\/media\/12647"}],"wp:attachment":[{"href":"https:\/\/xn--huracnpolmicocancnquintanaroo-knc6wmu.com\/index.php?rest_route=%2Fwp%2Fv2%2Fmedia&parent=12645"}],"wp:term":[{"taxonomy":"category","embeddable":true,"href":"https:\/\/xn--huracnpolmicocancnquintanaroo-knc6wmu.com\/index.php?rest_route=%2Fwp%2Fv2%2Fcategories&post=12645"},{"taxonomy":"post_tag","embeddable":true,"href":"https:\/\/xn--huracnpolmicocancnquintanaroo-knc6wmu.com\/index.php?rest_route=%2Fwp%2Fv2%2Ftags&post=12645"}],"curies":[{"name":"wp","href":"https:\/\/api.w.org\/{rel}","templated":true}]}}