{"id":12741,"date":"2023-02-23T16:00:58","date_gmt":"2023-02-23T21:00:58","guid":{"rendered":"https:\/\/xn--huracnpolmicocancnquintanaroo-knc6wmu.com\/?p=12741"},"modified":"2023-02-23T21:01:00","modified_gmt":"2023-02-23T21:01:00","slug":"concluyo-el-carnaval-cancun-2023","status":"publish","type":"post","link":"https:\/\/xn--huracnpolmicocancnquintanaroo-knc6wmu.com\/?p=12741","title":{"rendered":"Concluy\u00f3 el Carnaval Canc\u00fan 2023"},"content":{"rendered":"<ul>\n<li><strong><em>El carnaval tuvo una asistencia de m\u00e1s de 75 mil personas entre habitantes y visitantes nacionales e internacionales.<\/em><\/strong><\/li>\n<\/ul>\n<p>El Carnaval Canc\u00fan 2023 concluy\u00f3 tras cinco d\u00edas de celebraciones y una asistencia de m\u00e1s de 75 mil personas entre habitantes y visitantes nacionales e internacionales, quienes pudieron disfrutar diversos espect\u00e1culos, desfiles y presentaciones.<\/p>\n<p>La presidenta municipal Ana Patricia Peralta de la Pe\u00f1a destac\u00f3 que despu\u00e9s de dos a\u00f1os de no haberse realizado a causa de la pandemia de Covid-19, esta festividad volvi\u00f3 a las calles de Canc\u00fan con m\u00fasica y baile en el tradicional desfile de carros aleg\u00f3ricos y comparsas, en los cuales participaron 80 comparsas de 26 grupos.<\/p>\n<p>\u201cFelicito nuevamente a todas las comparsas, a las ni\u00f1as, a los ni\u00f1os, a los j\u00f3venes, a los adultos mayores, a las personas con discapacidad y de la diversidad sexual por hacer de verdad de este carnaval una celebraci\u00f3n espectacular, con la energ\u00eda de todas y todos ustedes, con coreograf\u00edas y atuendos impresionantes\u201d, expres\u00f3.<\/p>\n<p>Durante los cinco d\u00edas de fiestas carnestolendas, miles de participantes hicieron el recorrido por la Avenida Tulum, desde la Avenida Chich\u00e9n Itz\u00e1 hasta la Plaza de la Reforma, donde se llev\u00f3 a cabo la coronaci\u00f3n de las reinas y reyes del Carnaval en sus seis categor\u00edas, as\u00ed como del concurso de comparsas y las presentaciones de artistas de talla internacional.<\/p>\n<p>Tras la coronaci\u00f3n, la Corte Real de Reinas y Reyes del Carnaval fueron, en la categor\u00eda Infantil: Aremi Monserrat Flores y Aar\u00f3n Gir\u00f3n Ram\u00edrez; Juvenil: Sayra Guadalupe Poot y Jes\u00fas Adri\u00e1n Ruiz Mex; Soberanos: Alondra Ek Torres y Rom\u00e1n Bartolo Manzanilla Pool;<\/p>\n<p>Los Reyes y Reinas de la categor\u00eda Personas con Discapacidad fueron: Luc\u00eda Guadalupe Victoria Tejero y Juan Gilberto Poot Moo; Personas Adultas Mayores: Victoria Valdivia Qui\u00f1ones y Gustavo Romero Gasca; y por la Diversidad sexual: Karol Alberto Zamora y Kalani Mart\u00ednez<\/p>\n<p>Las veladas del 17 al 21 de febrero fueron testigos de las voces de artistas como Ninel Conde, Yahir, Bobby Pulido, Alex Mont y Merengossa, Ana B\u00e1rbara, Emerald Band, Aar\u00f3n y su Grupo Ilusi\u00f3n, Rewind Retro Show Band, La Sonora Santanera con Mar\u00eda Fernanda, y la comediante Tila Mar\u00eda Sesto.<\/p>\n<p>Peralta de la Pe\u00f1a destac\u00f3 que el derrotero concentr\u00f3 cada d\u00eda a los 80 grupos participantes, entre los que hubo grupos de academias, asociaciones de baile, sindicatos, escuelas locales, centros de desarrollo comunitario, asociaciones civiles, federaciones de artistas, autos cl\u00e1sicos, motociclistas y empresas privadas.<\/p>\n<p>Incluso se destac\u00f3 la participaci\u00f3n de payasos en el \u00faltimo desfile, cuando se unieron los participantes de la Convenci\u00f3n Nacional de Payasos Urbanos, con invitados de todo M\u00e9xico y otros pa\u00edses, quienes hicieron acrobacias y rutinas de diversi\u00f3n para el p\u00fablico en general, como parte tambi\u00e9n de sus actividades de profesionalizaci\u00f3n.<\/p>\n","protected":false},"excerpt":{"rendered":"<p>El carnaval tuvo una asistencia de m\u00e1s de 75 mil personas entre habitantes y visitantes&#8230;<\/p>\n","protected":false},"author":1,"featured_media":12743,"comment_status":"open","ping_status":"closed","sticky":false,"template":"","format":"standard","meta":{"footnotes":""},"categories":[2],"tags":[],"class_list":["post-12741","post","type-post","status-publish","format-standard","has-post-thumbnail","hentry","category-local"],"_links":{"self":[{"href":"https:\/\/xn--huracnpolmicocancnquintanaroo-knc6wmu.com\/index.php?rest_route=\/wp\/v2\/posts\/12741","targetHints":{"allow":["GET"]}}],"collection":[{"href":"https:\/\/xn--huracnpolmicocancnquintanaroo-knc6wmu.com\/index.php?rest_route=\/wp\/v2\/posts"}],"about":[{"href":"https:\/\/xn--huracnpolmicocancnquintanaroo-knc6wmu.com\/index.php?rest_route=\/wp\/v2\/types\/post"}],"author":[{"embeddable":true,"href":"https:\/\/xn--huracnpolmicocancnquintanaroo-knc6wmu.com\/index.php?rest_route=\/wp\/v2\/users\/1"}],"replies":[{"embeddable":true,"href":"https:\/\/xn--huracnpolmicocancnquintanaroo-knc6wmu.com\/index.php?rest_route=%2Fwp%2Fv2%2Fcomments&post=12741"}],"version-history":[{"count":1,"href":"https:\/\/xn--huracnpolmicocancnquintanaroo-knc6wmu.com\/index.php?rest_route=\/wp\/v2\/posts\/12741\/revisions"}],"predecessor-version":[{"id":12742,"href":"https:\/\/xn--huracnpolmicocancnquintanaroo-knc6wmu.com\/index.php?rest_route=\/wp\/v2\/posts\/12741\/revisions\/12742"}],"wp:featuredmedia":[{"embeddable":true,"href":"https:\/\/xn--huracnpolmicocancnquintanaroo-knc6wmu.com\/index.php?rest_route=\/wp\/v2\/media\/12743"}],"wp:attachment":[{"href":"https:\/\/xn--huracnpolmicocancnquintanaroo-knc6wmu.com\/index.php?rest_route=%2Fwp%2Fv2%2Fmedia&parent=12741"}],"wp:term":[{"taxonomy":"category","embeddable":true,"href":"https:\/\/xn--huracnpolmicocancnquintanaroo-knc6wmu.com\/index.php?rest_route=%2Fwp%2Fv2%2Fcategories&post=12741"},{"taxonomy":"post_tag","embeddable":true,"href":"https:\/\/xn--huracnpolmicocancnquintanaroo-knc6wmu.com\/index.php?rest_route=%2Fwp%2Fv2%2Ftags&post=12741"}],"curies":[{"name":"wp","href":"https:\/\/api.w.org\/{rel}","templated":true}]}}