{"id":12759,"date":"2023-02-24T16:37:15","date_gmt":"2023-02-24T21:37:15","guid":{"rendered":"https:\/\/xn--huracnpolmicocancnquintanaroo-knc6wmu.com\/?p=12759"},"modified":"2023-02-24T21:37:17","modified_gmt":"2023-02-24T21:37:17","slug":"abren-en-cancun-mega-oficina-de-pasaportes","status":"publish","type":"post","link":"https:\/\/xn--huracnpolmicocancnquintanaroo-knc6wmu.com\/?p=12759","title":{"rendered":"Abren en Canc\u00fan mega-oficina de pasaportes"},"content":{"rendered":"<ul>\n<li><strong><em>Mara y Ebrard inauguran nuevo centro de atenci\u00f3n. Aqu\u00ed atender\u00e1n a 600 usuarios por d\u00eda, en horario de 8 a 8 lunes a domingo.<\/em><\/strong><\/li>\n<\/ul>\n<p>Al inaugurar en Canc\u00fan la oficina de pasaportes m\u00e1s grande y moderna de la Pen\u00ednsula de Yucat\u00e1n que realizar\u00e1 el tr\u00e1mite en 45 minutos, el canciller Marcelo Ebrard Casaubon destac\u00f3 la condici\u00f3n infalsificable del documento que cuenta con un chip con datos biom\u00e9tricos, y las fotograf\u00edas de los padres para los menores de edad.<\/p>\n<p>La remodelada oficina tiene capacidad para procesar 214 mil citas al a\u00f1o y atender 600 usuarios al d\u00eda, lo que triplica una infraestructura anterior que permit\u00eda \u00fanicamente procesar 200 solicitudes cada 24 horas.<\/p>\n<p>Para la habilitaci\u00f3n del lugar se dispuso de una superficie que creci\u00f3 de 384 a poco m\u00e1s de 800 metros cuadrados, en la que se invirtieron 22 millones de pesos bajo un esquema de cooperaci\u00f3n impulsado por el gobierno federal, pero sin erogar recursos p\u00fablicos.<\/p>\n<p>La modalidad en la que participa la Iniciativa Privada permiti\u00f3 aumentar el espacio, mejorar la infraestructura y ampliar la capacidad de atenci\u00f3n con la participaci\u00f3n de los empresarios del centro comercial Plaza Kukulcan, ubicado en la Zona Hotelera.<\/p>\n<p>A este esfuerzo conjunto se uni\u00f3 tambi\u00e9n el gobierno del estado que, para participar en una transformaci\u00f3n de fondo de la oficina que permaneci\u00f3 sin cambios durante 23 a\u00f1os, firm\u00f3 un convenio para sumar a 30 empleados p\u00fablicos que contribuyan a la operaci\u00f3n de un horario ampliado, de 08:00 de la ma\u00f1ana hasta las 20:00 horas, de lunes a domingo.<\/p>\n<p>La nueva oficina gubernamental forma parte de la dignificaci\u00f3n de los espacios de atenci\u00f3n al p\u00fablico que el canciller Ebrard Casaubon instruy\u00f3 a sus colaboradores, y que a la fecha suman 15 oficinas repartidas en diversas entidades federativas, con instalaciones e infraestructura de primer mundo.<\/p>\n<p>El titular de la Secretar\u00eda de Relaciones Exteriores (SRE) resalt\u00f3 la emisi\u00f3n de los pasaportes electr\u00f3nicos de \u00faltima generaci\u00f3n que incorporan un chip los datos biom\u00e9tricos de los solicitantes, mediante un registro del iris para la identificaci\u00f3n del portador del documento, tal como ocurre en otros tr\u00e1mites, pero con la huella dactilar.<\/p>\n<p>Otras bondades de seguridad es que contendr\u00e1 para el caso de los menores de edad, la persona que goce de la patria potestad, adem\u00e1s de su fotograf\u00eda y la de su madre y padre.<\/p>\n<p>\u201cCon esto vamos a dejar atr\u00e1s la \u00e9poca en que hab\u00eda pasaportes falsos, falsificados, este no se puede\u201d, expres\u00f3 el funcionario federal.<\/p>\n<p>En Canc\u00fan \u00fanicamente exist\u00edan dos oficinas p\u00fablicas equipadas para la lectura de los datos biom\u00e9tricos, a los que se sumar\u00e1 la nueva sede de pasaportes, cuya infraestructura permitir\u00e1 aumentar a otros dos espacios en un futuro pr\u00f3ximo.<\/p>\n<p>La nueva sede obedece al modelo \u201cllave en mano\u201d con adaptaciones y mobiliario nuevo en un ambiente relajante y propicio para la espera c\u00f3moda de los solicitantes.<\/p>\n<p>La nueva oficina cuenta con se\u00f1alizaci\u00f3n para personas con discapacidad, un \u00e1rea de ludoteca y un espacio infantil, sala privada de lactancia materna y estaci\u00f3n de recarga para dispositivos m\u00f3viles.<\/p>\n<p>El dise\u00f1o interior tuvo en cuenta la experiencia de los visitantes, adem\u00e1s de integrar espacios incluyentes, y se inspir\u00f3 ambientalmente en el color turquesa de la regi\u00f3n, los cenotes y el Mar Caribe, y en la biodiversidad de la selva maya.<\/p>\n<p>La gobernadora Mara Lezama Espinosa destac\u00f3 la sinergia para abrir la oficina de pasaportes que est\u00e1 a la altura de este destino tur\u00edstico y de los cancunenses, cuya fuerza trabajadora ha posicionado en el mapa tur\u00edstico a Canc\u00fan.<\/p>\n<p>\u201cNo podemos avanzar si no hacemos sinergias, si no nos tomamos de la mano. Para concretar estos proyectos tenemos que hacerlo juntas y juntos, construir las condiciones propicias para la paz y la prosperidad\u201d, de ah\u00ed que se acord\u00f3, dijo, abrir otra oficina en Cozumel y hacer un esfuerzo en Chetumal.<\/p>\n<p>A la inauguraci\u00f3n asistieron tambi\u00e9n por la Secretar\u00eda de Relaciones Exteriores, los titulares de la Subsecretar\u00eda para Asuntos Multilaterales y Derechos Humanos, Martha Delgado; del \u00d3rgano Interno de Control, Soledad Guadalupe L\u00f3pez; y el director general de Oficinas de Pasaportes, Carlos Antonio Candelaria.<\/p>\n<p>Estuvieron el comisionado del Instituto Nacional de Migraci\u00f3n, Francisco Gardu\u00f1o; la presidenta municipal de Benito Ju\u00e1rez, Ana Patricia Peralta de la Pe\u00f1a, y titulares del Ejecutivo en Cozumel, Isla Mujeres y Puerto Morelos, as\u00ed como del director general de Fibra Shop, Salvador Cay\u00f3n.<\/p>\n","protected":false},"excerpt":{"rendered":"<p>Mara y Ebrard inauguran nuevo centro de atenci\u00f3n. Aqu\u00ed atender\u00e1n a 600 usuarios por d\u00eda,&#8230;<\/p>\n","protected":false},"author":1,"featured_media":12761,"comment_status":"open","ping_status":"closed","sticky":false,"template":"","format":"standard","meta":{"footnotes":""},"categories":[2],"tags":[],"class_list":["post-12759","post","type-post","status-publish","format-standard","has-post-thumbnail","hentry","category-local"],"_links":{"self":[{"href":"https:\/\/xn--huracnpolmicocancnquintanaroo-knc6wmu.com\/index.php?rest_route=\/wp\/v2\/posts\/12759","targetHints":{"allow":["GET"]}}],"collection":[{"href":"https:\/\/xn--huracnpolmicocancnquintanaroo-knc6wmu.com\/index.php?rest_route=\/wp\/v2\/posts"}],"about":[{"href":"https:\/\/xn--huracnpolmicocancnquintanaroo-knc6wmu.com\/index.php?rest_route=\/wp\/v2\/types\/post"}],"author":[{"embeddable":true,"href":"https:\/\/xn--huracnpolmicocancnquintanaroo-knc6wmu.com\/index.php?rest_route=\/wp\/v2\/users\/1"}],"replies":[{"embeddable":true,"href":"https:\/\/xn--huracnpolmicocancnquintanaroo-knc6wmu.com\/index.php?rest_route=%2Fwp%2Fv2%2Fcomments&post=12759"}],"version-history":[{"count":1,"href":"https:\/\/xn--huracnpolmicocancnquintanaroo-knc6wmu.com\/index.php?rest_route=\/wp\/v2\/posts\/12759\/revisions"}],"predecessor-version":[{"id":12760,"href":"https:\/\/xn--huracnpolmicocancnquintanaroo-knc6wmu.com\/index.php?rest_route=\/wp\/v2\/posts\/12759\/revisions\/12760"}],"wp:featuredmedia":[{"embeddable":true,"href":"https:\/\/xn--huracnpolmicocancnquintanaroo-knc6wmu.com\/index.php?rest_route=\/wp\/v2\/media\/12761"}],"wp:attachment":[{"href":"https:\/\/xn--huracnpolmicocancnquintanaroo-knc6wmu.com\/index.php?rest_route=%2Fwp%2Fv2%2Fmedia&parent=12759"}],"wp:term":[{"taxonomy":"category","embeddable":true,"href":"https:\/\/xn--huracnpolmicocancnquintanaroo-knc6wmu.com\/index.php?rest_route=%2Fwp%2Fv2%2Fcategories&post=12759"},{"taxonomy":"post_tag","embeddable":true,"href":"https:\/\/xn--huracnpolmicocancnquintanaroo-knc6wmu.com\/index.php?rest_route=%2Fwp%2Fv2%2Ftags&post=12759"}],"curies":[{"name":"wp","href":"https:\/\/api.w.org\/{rel}","templated":true}]}}