{"id":12871,"date":"2023-02-27T15:52:39","date_gmt":"2023-02-27T20:52:39","guid":{"rendered":"https:\/\/xn--huracnpolmicocancnquintanaroo-knc6wmu.com\/?p=12871"},"modified":"2023-02-27T20:52:41","modified_gmt":"2023-02-27T20:52:41","slug":"analizan-posible-impacto-en-terminal-de-cancun-por-aeropuerto-en-tulum","status":"publish","type":"post","link":"https:\/\/xn--huracnpolmicocancnquintanaroo-knc6wmu.com\/?p=12871","title":{"rendered":"Analizan posible impacto en terminal de Canc\u00fan por aeropuerto en Tulum"},"content":{"rendered":"<div class=\"intro\">\n<p class=\"lead\">Asur analiza el impacto que tendr\u00e1 en la tarifa y en el tr\u00e1fico de pasajeros el nuevo aeropuerto en Tulum.<\/p>\n<\/div>\n<div class=\"icon-re-cont\">\n<p>La administraci\u00f3n de\u00a0<strong>Grupo Aeroportuario del Sureste (Asur)<\/strong>\u00a0analiza el posible impacto que tendr\u00e1 en la tarifa y en el tr\u00e1fico de pasajeros el nuevo aeropuerto en Tulum, Quintana Roo, sobre las operaciones del aeropuerto de Canc\u00fan.<\/p>\n<p>\u201cHemos hecho nuestra estimaci\u00f3n de cu\u00e1nto tendr\u00e1 este aeropuerto (Tulum) y c\u00f3mo va a ser el efecto en nuestro aeropuerto de Canc\u00fan. Pero discutiremos eso hacia la segunda mitad de este a\u00f1o, eso es lo que puedo decir hoy\u201d, dijo Adolfo Castro, director general del grupo aeroportuario.<\/p>\n<p>&nbsp;<\/p>\n<p class=\"cull2-l wow slideInRight animated\">Reconoci\u00f3, en conferencia telef\u00f3nica con analistas con motivo de la presentaci\u00f3n de sus resultados del tercer trimestre, que la puesta en marcha del nuevo aeropuerto tendr\u00e1 una implicaci\u00f3n en la tarifa de la terminal de Canc\u00fan y por el tr\u00e1fico de pasajeros. \u201cEs un procedimiento normal\u201d, asever\u00f3.<\/p>\n<p>&nbsp;<\/p>\n<p>La construcci\u00f3n del nuevo aeropuerto en Tulum es un proyecto a cargo de la Secretar\u00eda de la Defensa Nacional de M\u00e9xico (Sedena) que se emprendi\u00f3 para ayudar a reducir la saturaci\u00f3n del aeropuerto de Canc\u00fan, una\u00a0de las nueve\u00a0terminales a\u00e9reas que opera Asur en el sureste de M\u00e9xico.<\/p>\n<p><strong>Se calcula que el nuevo proyecto tendr\u00e1 capacidad para recibir a alrededor de 5.5 millones de pasajeros anualmente<\/strong>\u00a0y realizar unas 32,000 operaciones al a\u00f1o, una vez que comience a funcionar, en el 2024.<\/p>\n<p>&nbsp;<\/p>\n<p><strong>Inversiones<\/strong><\/p>\n<p>Durante la llamada con analistas, Adolfo Castro dijo que invertir\u00e1n 1,200 millones de pesos (mdp) en este a\u00f1o, sobre todo para las obras de expansi\u00f3n de los<strong>\u00a0aeropuertos que opera en M\u00e9xico y en Puerto Rico.\u00a0<\/strong><\/p>\n<p>Puntualiz\u00f3 que, de esa cantidad, alrededor de 700 millones los destinar\u00e1 a M\u00e9xico,\u00a0<strong>principalmente en la expansi\u00f3n de la Terminal 4 en Canc\u00fan<\/strong>, y el resto a Puerto Rico.<\/p>\n<p>\u201cEn t\u00e9rminos de CapEx (inversiones de capital) para el pr\u00f3ximo Programa Maestro de Desarrollo (PMD), los proyectos de expansi\u00f3n m\u00e1s importantes son el aeropuerto de Canc\u00fan. Tal vez alguna expansi\u00f3n en el de Oaxaca, pero podremos hablar de estos n\u00fameros una vez que el gobierno revise el documento y lo apruebe. Por el momento, no tengo ninguna gu\u00eda para compartir\u201d, dijo el directivo.<\/p>\n<p>Las acciones de Asur cerraron\u00a0este viernes\u00a0con un leve avance de 0.29% en la Bolsa Mexicana de Valores, a un precio de 518.68 pesos por unidad.<\/p>\n<\/div>\n","protected":false},"excerpt":{"rendered":"<p>Asur analiza el impacto que tendr\u00e1 en la tarifa y en el tr\u00e1fico de pasajeros&#8230;<\/p>\n","protected":false},"author":1,"featured_media":12873,"comment_status":"open","ping_status":"closed","sticky":false,"template":"","format":"standard","meta":{"footnotes":""},"categories":[2],"tags":[],"class_list":["post-12871","post","type-post","status-publish","format-standard","has-post-thumbnail","hentry","category-local"],"_links":{"self":[{"href":"https:\/\/xn--huracnpolmicocancnquintanaroo-knc6wmu.com\/index.php?rest_route=\/wp\/v2\/posts\/12871","targetHints":{"allow":["GET"]}}],"collection":[{"href":"https:\/\/xn--huracnpolmicocancnquintanaroo-knc6wmu.com\/index.php?rest_route=\/wp\/v2\/posts"}],"about":[{"href":"https:\/\/xn--huracnpolmicocancnquintanaroo-knc6wmu.com\/index.php?rest_route=\/wp\/v2\/types\/post"}],"author":[{"embeddable":true,"href":"https:\/\/xn--huracnpolmicocancnquintanaroo-knc6wmu.com\/index.php?rest_route=\/wp\/v2\/users\/1"}],"replies":[{"embeddable":true,"href":"https:\/\/xn--huracnpolmicocancnquintanaroo-knc6wmu.com\/index.php?rest_route=%2Fwp%2Fv2%2Fcomments&post=12871"}],"version-history":[{"count":1,"href":"https:\/\/xn--huracnpolmicocancnquintanaroo-knc6wmu.com\/index.php?rest_route=\/wp\/v2\/posts\/12871\/revisions"}],"predecessor-version":[{"id":12872,"href":"https:\/\/xn--huracnpolmicocancnquintanaroo-knc6wmu.com\/index.php?rest_route=\/wp\/v2\/posts\/12871\/revisions\/12872"}],"wp:featuredmedia":[{"embeddable":true,"href":"https:\/\/xn--huracnpolmicocancnquintanaroo-knc6wmu.com\/index.php?rest_route=\/wp\/v2\/media\/12873"}],"wp:attachment":[{"href":"https:\/\/xn--huracnpolmicocancnquintanaroo-knc6wmu.com\/index.php?rest_route=%2Fwp%2Fv2%2Fmedia&parent=12871"}],"wp:term":[{"taxonomy":"category","embeddable":true,"href":"https:\/\/xn--huracnpolmicocancnquintanaroo-knc6wmu.com\/index.php?rest_route=%2Fwp%2Fv2%2Fcategories&post=12871"},{"taxonomy":"post_tag","embeddable":true,"href":"https:\/\/xn--huracnpolmicocancnquintanaroo-knc6wmu.com\/index.php?rest_route=%2Fwp%2Fv2%2Ftags&post=12871"}],"curies":[{"name":"wp","href":"https:\/\/api.w.org\/{rel}","templated":true}]}}