{"id":12973,"date":"2023-03-02T15:49:00","date_gmt":"2023-03-02T20:49:00","guid":{"rendered":"https:\/\/xn--huracnpolmicocancnquintanaroo-knc6wmu.com\/?p=12973"},"modified":"2023-03-02T20:49:02","modified_gmt":"2023-03-02T20:49:02","slug":"cancun-elon-musk-podria-conectar-el-aeropuerto-y-el-tren-maya-con-un-tunel","status":"publish","type":"post","link":"https:\/\/xn--huracnpolmicocancnquintanaroo-knc6wmu.com\/?p=12973","title":{"rendered":"Canc\u00fan: Elon Musk podr\u00eda conectar el aeropuerto y el Tren Maya con un t\u00fanel"},"content":{"rendered":"<p>El presidente de M\u00e9xico, Andr\u00e9s Manuel L\u00f3pez Obrador, dijo en su intervenci\u00f3n ma\u00f1anera que en conversaci\u00f3n con Elon Musk, due\u00f1o de Tesla, este podr\u00eda construir un t\u00fanel de un kil\u00f3metro y medio para conectar el Aeropuerto Internacional de Canc\u00fan con el Tren Maya.<\/p>\n<p>\u201cTienen un sistema de construcci\u00f3n de t\u00faneles muy novedoso\u201d, y coment\u00f3 que \u201cen Las Vegas hicieron algo parecido. Necesitamos un t\u00fanel para unir el Aeropuerto de Canc\u00fan con la estaci\u00f3n del Tren Maya. Queremos pasar por debajo, para darle conectividad\u201d, dijo AMLO, seg\u00fan lo recoge NotiCaribe.<\/p>\n<p>Al parecer dentro del t\u00fanel las personas ser\u00edan transportado por medio de un sistema de bandas. Pero AMLO tambi\u00e9n dijo que aunque Tesla tiene toda la tecnolog\u00eda para la construcci\u00f3n r\u00e1pida de t\u00faneles, no es la \u00fanica compa\u00f1\u00eda interesada en construir la obra. Otra alternativa es la empresa ICA, que tiene a cargo el trayecto 4 del Tren Maya.<\/p>\n<p>Como lo inform\u00f3\u00a0<em>REPORTUR.mx<\/em>, a inicio de febrero las obras del Tren Maya en el Tramo 5 entre Canc\u00fan y Tulum se paralizaron por determinaci\u00f3n del juez federal, Adri\u00e1n Novelo P\u00e9rez, quien concedi\u00f3 un amparo a la asociaci\u00f3n \u00abS\u00e9lvame del Tren\u00bb, pues el gobierno de Andr\u00e9s L\u00f3pez Obrador no contar\u00eda con la autorizaci\u00f3n para el cambio de uso de suelo.\u00a0(Tren Maya: AMLO en el tramo 5 no tiene autorizaci\u00f3n para cambio de uso de suelo).<\/p>\n","protected":false},"excerpt":{"rendered":"<p>El presidente de M\u00e9xico, Andr\u00e9s Manuel L\u00f3pez Obrador, dijo en su intervenci\u00f3n ma\u00f1anera que en&#8230;<\/p>\n","protected":false},"author":1,"featured_media":12975,"comment_status":"open","ping_status":"closed","sticky":false,"template":"","format":"standard","meta":{"footnotes":""},"categories":[2],"tags":[],"class_list":["post-12973","post","type-post","status-publish","format-standard","has-post-thumbnail","hentry","category-local"],"_links":{"self":[{"href":"https:\/\/xn--huracnpolmicocancnquintanaroo-knc6wmu.com\/index.php?rest_route=\/wp\/v2\/posts\/12973","targetHints":{"allow":["GET"]}}],"collection":[{"href":"https:\/\/xn--huracnpolmicocancnquintanaroo-knc6wmu.com\/index.php?rest_route=\/wp\/v2\/posts"}],"about":[{"href":"https:\/\/xn--huracnpolmicocancnquintanaroo-knc6wmu.com\/index.php?rest_route=\/wp\/v2\/types\/post"}],"author":[{"embeddable":true,"href":"https:\/\/xn--huracnpolmicocancnquintanaroo-knc6wmu.com\/index.php?rest_route=\/wp\/v2\/users\/1"}],"replies":[{"embeddable":true,"href":"https:\/\/xn--huracnpolmicocancnquintanaroo-knc6wmu.com\/index.php?rest_route=%2Fwp%2Fv2%2Fcomments&post=12973"}],"version-history":[{"count":1,"href":"https:\/\/xn--huracnpolmicocancnquintanaroo-knc6wmu.com\/index.php?rest_route=\/wp\/v2\/posts\/12973\/revisions"}],"predecessor-version":[{"id":12974,"href":"https:\/\/xn--huracnpolmicocancnquintanaroo-knc6wmu.com\/index.php?rest_route=\/wp\/v2\/posts\/12973\/revisions\/12974"}],"wp:featuredmedia":[{"embeddable":true,"href":"https:\/\/xn--huracnpolmicocancnquintanaroo-knc6wmu.com\/index.php?rest_route=\/wp\/v2\/media\/12975"}],"wp:attachment":[{"href":"https:\/\/xn--huracnpolmicocancnquintanaroo-knc6wmu.com\/index.php?rest_route=%2Fwp%2Fv2%2Fmedia&parent=12973"}],"wp:term":[{"taxonomy":"category","embeddable":true,"href":"https:\/\/xn--huracnpolmicocancnquintanaroo-knc6wmu.com\/index.php?rest_route=%2Fwp%2Fv2%2Fcategories&post=12973"},{"taxonomy":"post_tag","embeddable":true,"href":"https:\/\/xn--huracnpolmicocancnquintanaroo-knc6wmu.com\/index.php?rest_route=%2Fwp%2Fv2%2Ftags&post=12973"}],"curies":[{"name":"wp","href":"https:\/\/api.w.org\/{rel}","templated":true}]}}