{"id":13135,"date":"2023-03-07T16:13:10","date_gmt":"2023-03-07T21:13:10","guid":{"rendered":"https:\/\/xn--huracnpolmicocancnquintanaroo-knc6wmu.com\/?p=13135"},"modified":"2023-03-07T21:13:11","modified_gmt":"2023-03-07T21:13:11","slug":"perez-el-proyecto-del-gp-de-cancun-ya-fue-aceptado-por-la-fia-y-la-f1","status":"publish","type":"post","link":"https:\/\/xn--huracnpolmicocancnquintanaroo-knc6wmu.com\/?p=13135","title":{"rendered":"P\u00e9rez: El proyecto del GP de Canc\u00fan ya fue aceptado por la FIA y la F1"},"content":{"rendered":"<p><b>M\u00e9xico puede ser sede de dos Grandes Premios de F\u00f3rmula 1. Actualmente existe el que se celebra en su capital, pero ahora se ha destapado un proyecto que involucra a Canc\u00fan, Quintana Roo como sede.<\/b><\/p>\n<p>Antonio P\u00e9rez Garibay, padre de Sergio\u00a0<i>Checo\u00a0<\/i>P\u00e9rez avis\u00f3 que pese a que todav\u00eda no entrega los documentos oficiales, la Federaci\u00f3n Internacional de Automovilismo y la F\u00f3rmula 1 ya dieron el &#8220;ok&#8221; para la competencia.<\/p>\n<p>Cuando la actual temporada se acerque a su ecuador, \u00e9l y el resto del equipo<b>\u00a0van a explicar todos los detalles<\/b>\u00a0en torno a esta prueba.<\/p>\n<p>\u201cLa semana pasada tuve una reuni\u00f3n con empresarios mexicanos, ya tenemos preparadas las cartas de intenci\u00f3n y yo creo que lo estaremos presentando a mediados de julio, d\u00f3nde va a ser, las medidas de la pista, para tenerlo todo listo y que empiece la obra.<\/p>\n<p>&#8220;El d\u00eda de hoy est\u00e1 a un 60% viable, la parte m\u00e1s importante es que<b>\u00a0ya me lo acept\u00f3 la FIA y la F\u00f3rmula 1, me abrieron las puertas\u201d,<\/b>\u00a0cont\u00f3 al Diario ESTO.<\/p>\n<p>Fue un poco m\u00e1s all\u00e1 y pronostic\u00f3 que no habr\u00e1 otra carrera que supere a la del paradis\u00edaco destino caribe\u00f1o. Adem\u00e1s, planea que se celebre durante dos d\u00e9cadas.<\/p>\n<p>\u201cVa a ser\u00a0<b>el mejor Gran Premio del mundo en la historia del pa\u00eds,\u00a0<\/b>va a ser hist\u00f3rico en el tema de turismo, derrama econ\u00f3mica y circuito. Canc\u00fan es Canc\u00fan, va a ser muy superior a cualquiera.<\/p>\n<p>&#8220;Estamos hablando que los primeros a\u00f1os ser\u00edan del 2025 al 2030 y estoy seguro que ser\u00e1 un GP que se mantendr\u00e1 por los pr\u00f3ximos 20 a\u00f1os\u201d, detall\u00f3.<\/p>\n<h2>No compite contra CDMX<\/h2>\n<p>Tambi\u00e9n aclar\u00f3 que bajo ninguna circunstancia va a\u00a0arrebatarle el GP a la Ciudad de M\u00e9xico,\u00a0donde directamente est\u00e1n involucrados dos empresarios que lo han ayudado a \u00e9l y a su seres queridos.<\/p>\n<p>\u201cYo ser\u00eda incapaz de<b>\u00a0intentar hacer algo que afectara a la CDMX.<\/b>\u00a0Hay que recordar que nosotros le debemos todo a la familia Slim y a Alejandro Sober\u00f3n, lo que ellos han hecho por mi hijo, por mi familia, al contrario, esto es algo m\u00e1s para engrandecer m\u00e1s a M\u00e9xico y a los dos Grandes Premios\u201d, avis\u00f3.<\/p>\n<p>Por lo tanto, si no pueden disputarse los dos, la capital ser\u00eda prioritaria y seguir\u00eda en el calendario.<\/p>\n<p><b>\u201cSe cancelar\u00eda Canc\u00fan,<\/b>\u00a0primero es M\u00e9xico, luego es M\u00e9xico y despu\u00e9s Canc\u00fan\u201d, sentenci\u00f3.<\/p>\n","protected":false},"excerpt":{"rendered":"<p>M\u00e9xico puede ser sede de dos Grandes Premios de F\u00f3rmula 1. Actualmente existe el que&#8230;<\/p>\n","protected":false},"author":1,"featured_media":13137,"comment_status":"open","ping_status":"closed","sticky":false,"template":"","format":"standard","meta":{"footnotes":""},"categories":[2],"tags":[],"class_list":["post-13135","post","type-post","status-publish","format-standard","has-post-thumbnail","hentry","category-local"],"_links":{"self":[{"href":"https:\/\/xn--huracnpolmicocancnquintanaroo-knc6wmu.com\/index.php?rest_route=\/wp\/v2\/posts\/13135","targetHints":{"allow":["GET"]}}],"collection":[{"href":"https:\/\/xn--huracnpolmicocancnquintanaroo-knc6wmu.com\/index.php?rest_route=\/wp\/v2\/posts"}],"about":[{"href":"https:\/\/xn--huracnpolmicocancnquintanaroo-knc6wmu.com\/index.php?rest_route=\/wp\/v2\/types\/post"}],"author":[{"embeddable":true,"href":"https:\/\/xn--huracnpolmicocancnquintanaroo-knc6wmu.com\/index.php?rest_route=\/wp\/v2\/users\/1"}],"replies":[{"embeddable":true,"href":"https:\/\/xn--huracnpolmicocancnquintanaroo-knc6wmu.com\/index.php?rest_route=%2Fwp%2Fv2%2Fcomments&post=13135"}],"version-history":[{"count":1,"href":"https:\/\/xn--huracnpolmicocancnquintanaroo-knc6wmu.com\/index.php?rest_route=\/wp\/v2\/posts\/13135\/revisions"}],"predecessor-version":[{"id":13136,"href":"https:\/\/xn--huracnpolmicocancnquintanaroo-knc6wmu.com\/index.php?rest_route=\/wp\/v2\/posts\/13135\/revisions\/13136"}],"wp:featuredmedia":[{"embeddable":true,"href":"https:\/\/xn--huracnpolmicocancnquintanaroo-knc6wmu.com\/index.php?rest_route=\/wp\/v2\/media\/13137"}],"wp:attachment":[{"href":"https:\/\/xn--huracnpolmicocancnquintanaroo-knc6wmu.com\/index.php?rest_route=%2Fwp%2Fv2%2Fmedia&parent=13135"}],"wp:term":[{"taxonomy":"category","embeddable":true,"href":"https:\/\/xn--huracnpolmicocancnquintanaroo-knc6wmu.com\/index.php?rest_route=%2Fwp%2Fv2%2Fcategories&post=13135"},{"taxonomy":"post_tag","embeddable":true,"href":"https:\/\/xn--huracnpolmicocancnquintanaroo-knc6wmu.com\/index.php?rest_route=%2Fwp%2Fv2%2Ftags&post=13135"}],"curies":[{"name":"wp","href":"https:\/\/api.w.org\/{rel}","templated":true}]}}