{"id":13204,"date":"2023-03-09T15:15:54","date_gmt":"2023-03-09T20:15:54","guid":{"rendered":"https:\/\/xn--huracnpolmicocancnquintanaroo-knc6wmu.com\/?p=13204"},"modified":"2023-03-09T20:15:55","modified_gmt":"2023-03-09T20:15:55","slug":"danan-parque-lgbt-de-cancun-no-es-la-primera-vez","status":"publish","type":"post","link":"https:\/\/xn--huracnpolmicocancnquintanaroo-knc6wmu.com\/?p=13204","title":{"rendered":"Da\u00f1an parque LGBT+ de Canc\u00fan; no es la primera vez"},"content":{"rendered":"<h4 style=\"text-align: center;\"><strong>La agresi\u00f3n ha sido calificada por Sarah Dom\u00ednguez, de Foro Cuir, como un acto de odio hacia la comunidad Lgbt+ de Canc\u00fan<\/strong>.<\/h4>\n<p>Sarah Dom\u00ednguez hab\u00eda tenido d\u00edas dif\u00edciles, pesados en el \u00e1mbito personal y laboral, pero el jueves pasado tuvo por fin momentos felices, pues hab\u00eda gestionado y conseguido que la artista e ilustradora Maremoto hiciera un mural en un parque p\u00fablico del centro de Canc\u00fan, por a\u00f1os abandonado, pero que han recuperado de a poco, con el objetivo de hacer de \u00e9l un espacio seguro para la comunidad LGBT+.<\/p>\n<p>\u201cYo estaba muy, muy contenta con el trabajo que hab\u00edamos realizado, la convivencia que se hab\u00eda generado. Y al d\u00eda siguiente, mientras yo estaba en el trabajo, platic\u00e1ndoles a mis compa\u00f1eras de lo bonito que hab\u00eda sido la din\u00e1mica, me lleg\u00f3 un mensaje de Nadia Fabela, una compa\u00f1era de Foro Cuir, donde me preguntaba \u2018\u00bfYa viste lo que pas\u00f3?\u2019, rememora Sarah, cofundadora de dicha organizaci\u00f3n.<\/p>\n<p>Lo que pas\u00f3 es que el mural de Maremoto, cuyo prop\u00f3sito era visibilizar a la comunidad LGBT+, fue da\u00f1ado a unas cuantas horas de que lo hubieran terminado. Alguien arroj\u00f3 pintura azul, una, dos, cuatro veces, para tapar la imagen, las firmas de Maremoto, Foro Cuir y Casa Nawala, quien auspici\u00f3 el trabajo art\u00edstico.<\/p>\n<p>Donde hab\u00eda un dibujo de cuatro personas de la diversidad, fundidas en un abrazo queer, en medio de un jard\u00edn, floreciendo, ahora hay burdas manchas de pintura.<\/p>\n<p>\u201cCuando vi las fotos del mural da\u00f1ado me dio un ataque de p\u00e1nico\u201d, prosigue Sarah.<\/p>\n<p>El miedo volv\u00eda a Sarah, una mujer trans que no se identific\u00f3 como tal sino hasta despu\u00e9s de los 20 a\u00f1os, que no \u201csali\u00f3 del cl\u00f3set\u201d antes por miedo a lo que la sociedad pudiera decir, por miedo al rechazo de sus amigos, de su familia, y porque nunca encontr\u00f3 alg\u00fan lugar donde hubiera alguien m\u00e1s como ella, porque para para ellos, ellas y elles, las lesbianas, los trans, los gays, los bisexuales, es hasta peligroso manifestarse en p\u00fablico.<\/p>\n<p>Justo por eso Sarah se hab\u00eda empe\u00f1ado en recuperar aquel parque p\u00fablico, ubicado sobre la calle Alacranes, en plena zona fundacional de Canc\u00fan, a un costado del emblem\u00e1tico Parque de las Palapas, pues su intenci\u00f3n es convertirlo en un espacio donde la comunidad LGBT+ pueda reunirse, convivir, platicar\u2026 existir, sin temores.<\/p>\n<p>\u201cMe refuerza el miedo que tengo, me da miedo que esto evolucione a otra cosa, que nos quieran ahora hacer da\u00f1o f\u00edsicamente. Es un miedo constante que no es infundado, sino que se basa en que lo hemos visto en muchas otras ciudades, que empieza con una cosita y de pronto escala a un mont\u00f3n de actos violentos\u201d, dice Sarah.<\/p>\n<p>De acuerdo con datos de la Comisi\u00f3n Estatal de Derechos Humanos de Quintana Roo (Cdhqroo) cerca de 40 personas han sido asesinadas \u201cen los \u00faltimos a\u00f1os\u201d por su orientaci\u00f3n sexual, identidad o expresi\u00f3n de g\u00e9nero.<\/p>\n<p>Apenas en 2021 un joven gay fue torturado, quemado y despu\u00e9s asesinado tras haber mencionado que era VIH-seropositivo.<\/p>\n<h3>El mural<\/h3>\n<p>Casa Dise\u00f1o Nawala es uno de los pocos espacios culturales que hay en Canc\u00fan, gestionado por Pixie Delgado, quien organiz\u00f3 la tercera edici\u00f3n del Women in Art &amp; Design Week, la cual inici\u00f3 este 3 de marzo.<\/p>\n<p>Entre las artistas invitadas estaba Mariana Lorenzo, a quien sus amigos le dicen Mar, pero que es mejor conocida como Maremoto, una de las ilustradoras con mayor presencia en la escena. Estar\u00eda en Canc\u00fan para participar en el evento y dar talleres de dibujo.<\/p>\n<p>Desde que Sarah se enter\u00f3 de que Maremoto ven\u00eda a Canc\u00fan hizo gestiones para que aceptara pintar un mural. Ella acept\u00f3 y acordaron hacer uno en el espacio que Foro Cuir ha renombrado como \u201cParque del Orgullo LGBT+\u201d.<\/p>\n<p>\u201cAlgo que me gusta mucho son los jardines y esta idea de florecer. Entonces, para este mural quer\u00eda hacer un jard\u00edn en el que se representara a varias personas en un abrazo queer. Va un poquito de eso, de llegar a ese lugar donde eres bienvenida, encontrar a tu familia elegida, de encontrar a personas que te celebran, te respetan y te abrazan, te contienen. Entonces, justo quer\u00eda que se sintiera como un abracito\u201d, dice Maremoto en entrevista.<\/p>\n<p>El dibujo ten\u00eda cuatro figuras humanas. La de la izquierda, de color rosa, argollas en la oreja, de piel color durazno y con una mastectom\u00eda. La segunda es morada y est\u00e1 toda tatuada, la tercera es de piel morena y lleva los ojos maquillados, que abraza a una cuarta, rosita, de pelo lila y largo , con unos refinados bigotes y que reposa en su hombro.<\/p>\n<p>\u201cCuando hago las ilustraciones quiero que queden tambi\u00e9n a la libre interpretaci\u00f3n, tampoco quiero que digan que \u2018es una persona tal porque se ve as\u00ed\u2019, porque no puedes saber realmente la identidad de nadie por c\u00f3mo se ve, pero s\u00ed me interesaba incluir esto como tatuajes, diversidad de cuerpo, distintas formas de piel y as\u00ed\u201d, contin\u00faa la artista, quien ha trabajado con clientes como Nike, Spotify, Bimba y Lola,\u00a0 Elle Magazine, Ben and Frank y Premio Maguey.<\/p>\n<p>Sarah eligi\u00f3 una de las paredes del parque, que estaba derruida y que ten\u00eda rastros de que alguna vez tuvo un graffiti. Sarah entonces decidi\u00f3 preguntar por todos lados para saber qui\u00e9n hab\u00eda pintado antes ah\u00ed, para consultarlo y pedirle permiso de pintar sobre \u00e9l un nuevo mural.<\/p>\n<p>\u201cSarah se tom\u00f3 el tiempo de investigar qui\u00e9n hab\u00eda pintado antes ah\u00ed. Fue dif\u00edcil porque ya estaba deteriorado, no se ve\u00eda la firma, pero lo encontr\u00f3, pidi\u00f3 permiso y le dieron luz verde\u201d, comenta la ilustradora.<\/p>\n<p>Maremoto, que no le gusta la idea de llegar a un lugar que no conoce para colonizarlo con murales y luego abandonarlo, propuso lanzar una convocatoria para que cualquiera pudiera ir y brindar ayuda.<\/p>\n<p>Ella aterriz\u00f3 en Canc\u00fan el 1 de marzo y ese mismo d\u00eda por la noche fue al lugar para hacer los trazos necesarios, sobre la pared que los de Foro Cuir antes ya hab\u00edan repellado para que pudiera hacerse el mural.<\/p>\n<p>Al d\u00eda siguiente llegaron una veintena de personas para ayudar a cargar botes de pintura, colorear y, lo m\u00e1s importante, a platicar y compartir sentires, seg\u00fan recuerda Maremoto.<\/p>\n<p>\u201cSe dej\u00f3 caer la banda muy chido, hasta el punto de que ya no cab\u00edamos. Fue muy chido conectar a trav\u00e9s de una meta en com\u00fan. A veces es dif\u00edcil conectar con otras personas, a veces no sabemos c\u00f3mo hacer amigos, y pues pudimos convivir\u201d, dijo.<\/p>\n<p>La idea es que iban a presentar el resultado el 4 de marzo en el Women in Art &amp; Design Week, pero ante el acto de Lgbt-fobia, decidieron improvisar una charla donde dieron a conocer los pormenores.<\/p>\n<p>\u201cSepan que si da\u00f1an el mural mil veces, lo pintaremos mil y una vez\u201d, dijo Sarah entre aplausos.<\/p>\n<h3>El parque<\/h3>\n<p>El Parque del Orgullo Lgbt+ forma parte de la zona fundacional de Canc\u00fan. Durante a\u00f1os ha estado sin intervenci\u00f3n gubernamental.<\/p>\n<p>Un buen d\u00eda de 2021, Sarah y los dem\u00e1s miembros de Foro Cuir decidieron reunirse ah\u00ed y disfrutar de la tarde. Lo que empez\u00f3 como reuniones casuales se convirti\u00f3 en una actividad militante con miras a crear un espacio de convivencia, recreaci\u00f3n y hasta politizaci\u00f3n de la comunidad de la diversidad sexual.<\/p>\n<p>Ah\u00ed han organizado talleres de danza vogue, charlas sobre derechos sexuales y reproductivos, colectas de v\u00edveres para migrantes y dem\u00e1s actividades.<\/p>\n<p>Sarah, que nunca tuvo en su infancia o adolescencia un lugar as\u00ed en el cual expresarse libremente, comenta que es importante que la comunidad Lgbt+ salga y tome los espacios p\u00fablicos, porque \u201clo que no se ve no existe\u201d.<\/p>\n<p>En Canc\u00fan, dice, es verdad que hay centros nocturnos para la comunidad Lgbt+, que han tenido un peso importante en la propia historia de la ciudad, pero no hay otro tipo de espacios.<\/p>\n<p>\u201cLa vida nocturna es importante y ha sido muy importante para el movimiento Lgbtq+, pero sabemos que no solamente es eso; sabemos que a lo mejor hay personas de la comunidad que no beben, que trabajan de noche y no pueden ir, que quieren salir de d\u00eda y no de noche, porque esos espacios se vuelven muy speakeasy, donde vas a ser t\u00fa misma en la noche, en la oscuridad. No, aqu\u00ed se trata de hacernos visibles en espacios p\u00fablicos, que son did\u00e1cticos, familiares, donde mam\u00e1s y pap\u00e1s queer puedan salir con sus hijos a pasear tranquilamente\u201d, dice Sarah.<\/p>\n<p>Una de las primeras cosas que hicieron en la intervenci\u00f3n del parque fue pintar una bandera del orgullo trans, que en junio fue vandalizada; le vertieron pintura para taparla. Esa fue la primera vez que fueron agredidos. Sin embargo, en los d\u00edas siguientes, Foro Cuir volvi\u00f3 a pintarla. Y hab\u00eda permanecido as\u00ed hasta este 2 de marzo pasado, que tambi\u00e9n fue da\u00f1ada junto con el mural.<\/p>\n<p>Sarah asegura que volver\u00e1n a arreglarla y que el mural renacer\u00e1, pero convoca a la sociedad a acuerparlos para no sentir que est\u00e1n solos y vulnerables.<\/p>\n","protected":false},"excerpt":{"rendered":"<p>La agresi\u00f3n ha sido calificada por Sarah Dom\u00ednguez, de Foro Cuir, como un acto de&#8230;<\/p>\n","protected":false},"author":1,"featured_media":13206,"comment_status":"open","ping_status":"closed","sticky":false,"template":"","format":"standard","meta":{"footnotes":""},"categories":[2],"tags":[],"class_list":["post-13204","post","type-post","status-publish","format-standard","has-post-thumbnail","hentry","category-local"],"_links":{"self":[{"href":"https:\/\/xn--huracnpolmicocancnquintanaroo-knc6wmu.com\/index.php?rest_route=\/wp\/v2\/posts\/13204","targetHints":{"allow":["GET"]}}],"collection":[{"href":"https:\/\/xn--huracnpolmicocancnquintanaroo-knc6wmu.com\/index.php?rest_route=\/wp\/v2\/posts"}],"about":[{"href":"https:\/\/xn--huracnpolmicocancnquintanaroo-knc6wmu.com\/index.php?rest_route=\/wp\/v2\/types\/post"}],"author":[{"embeddable":true,"href":"https:\/\/xn--huracnpolmicocancnquintanaroo-knc6wmu.com\/index.php?rest_route=\/wp\/v2\/users\/1"}],"replies":[{"embeddable":true,"href":"https:\/\/xn--huracnpolmicocancnquintanaroo-knc6wmu.com\/index.php?rest_route=%2Fwp%2Fv2%2Fcomments&post=13204"}],"version-history":[{"count":1,"href":"https:\/\/xn--huracnpolmicocancnquintanaroo-knc6wmu.com\/index.php?rest_route=\/wp\/v2\/posts\/13204\/revisions"}],"predecessor-version":[{"id":13205,"href":"https:\/\/xn--huracnpolmicocancnquintanaroo-knc6wmu.com\/index.php?rest_route=\/wp\/v2\/posts\/13204\/revisions\/13205"}],"wp:featuredmedia":[{"embeddable":true,"href":"https:\/\/xn--huracnpolmicocancnquintanaroo-knc6wmu.com\/index.php?rest_route=\/wp\/v2\/media\/13206"}],"wp:attachment":[{"href":"https:\/\/xn--huracnpolmicocancnquintanaroo-knc6wmu.com\/index.php?rest_route=%2Fwp%2Fv2%2Fmedia&parent=13204"}],"wp:term":[{"taxonomy":"category","embeddable":true,"href":"https:\/\/xn--huracnpolmicocancnquintanaroo-knc6wmu.com\/index.php?rest_route=%2Fwp%2Fv2%2Fcategories&post=13204"},{"taxonomy":"post_tag","embeddable":true,"href":"https:\/\/xn--huracnpolmicocancnquintanaroo-knc6wmu.com\/index.php?rest_route=%2Fwp%2Fv2%2Ftags&post=13204"}],"curies":[{"name":"wp","href":"https:\/\/api.w.org\/{rel}","templated":true}]}}