{"id":13222,"date":"2023-03-10T15:44:35","date_gmt":"2023-03-10T20:44:35","guid":{"rendered":"https:\/\/xn--huracnpolmicocancnquintanaroo-knc6wmu.com\/?p=13222"},"modified":"2023-03-10T20:44:36","modified_gmt":"2023-03-10T20:44:36","slug":"con-saldo-blanco-marcha-del-8m-en-cancun","status":"publish","type":"post","link":"https:\/\/xn--huracnpolmicocancnquintanaroo-knc6wmu.com\/?p=13222","title":{"rendered":"Con saldo blanco, marcha del 8M en Canc\u00fan"},"content":{"rendered":"<ul>\n<li><strong><em>La presidenta municipal, Ana Patricia Peralta de la Pe\u00f1a, afirm\u00f3 que la mega marcha del 8M, tuvo un saldo blanco.<\/em><\/strong><\/li>\n<\/ul>\n<p>La presidenta municipal de Benito Ju\u00e1rez, Ana Patricia Peralta de la Pe\u00f1a, afirm\u00f3 que durante la mega marcha del 8M, que se realiz\u00f3 de Malec\u00f3n Tajamar hacia la explanada del Palacio Municipal, tuvo un saldo blanco, destacando que se trat\u00f3 de una movilizaci\u00f3n pac\u00edfica.<\/p>\n<p>En este sentido, explic\u00f3 que \u00fanicamente se presentaron un par de ca\u00eddas accidentales al inicio de la marcha, que resultaron en dos mujeres con lesiones leves, a quienes se les dio atenci\u00f3n inmediata y se brind\u00f3 primeros auxilios por parte del personal del municipio que estaba acompa\u00f1ando.<\/p>\n<p>Jorge Aguilar Osorio, secretario general del Ayuntamiento, indic\u00f3 que el mantenimiento del Palacio Municipal y otros puntos de la ciudad, como la Glorieta del Ceviche, se dar\u00e1 d\u00edas m\u00e1s tarde, pues la presidenta municipal es respetuosa de las causas de las mujeres y de la necesidad de que permanezcan por un tiempo estas expresiones como visibilizaci\u00f3n de la violencia que sufren.<\/p>\n<p>Adem\u00e1s, agradeci\u00f3 a las mujeres que participaron en la mega marcha por la comunicaci\u00f3n constante con las autoridades y por haber desarrollado una jornada de manifestaci\u00f3n pac\u00edfica, que fue apoyada desde el gobierno municipal con un protocolo de protecci\u00f3n a su derecho a la manifestaci\u00f3n.<\/p>\n<p>Sobre las cifras de violencia familiar contra las mujeres en Canc\u00fan, que las manifestantes revelaron el pasado 8 de marzo, son el 6 por ciento del total estatal tan s\u00f3lo en esta ciudad, dijo que efectivamente el n\u00famero de denuncias de estos casos ha ido en aumento, sobre lo cual su gobierno est\u00e1 trabajando para combatir este tipo de violencias contra la mujer.<\/p>\n<p>Agreg\u00f3 que, si bien es preocupante que se den estos aumentos, tambi\u00e9n es de suma importancia que se presenten las denuncias, porque permiten dar respuesta y seguimiento puntual a los casos, adem\u00e1s de que el incremento demuestra que m\u00e1s mujeres est\u00e1n confiando en ir a las instituciones, ya que saben que se les dar\u00e1 atenci\u00f3n y respuesta.<\/p>\n<p>\u201cPor mi parte, hicimos una mesa de trabajo con la Fiscal\u00eda Especializada en Delitos Contra la Mujer, el DIF, Sipinna, Secretar\u00eda de Seguridad P\u00fablica Municipal, con grupo Geavi, con Prevenci\u00f3n del Delito y el Instituto Municipal de la Mujer y el Instituto Municipal contra las Adicciones para abordar cada uno de los casos, darles seguimiento puntual y un cierre\u201d, revel\u00f3.<\/p>\n<p>Asimismo, declar\u00f3 que se est\u00e1 trabajando de forma coordinada con las Fiscal\u00edas para que brinden tambi\u00e9n apoyo a las instancias municipales, darle todo el seguimiento a los casos y, sobre todo, que no queden impunes.<\/p>\n","protected":false},"excerpt":{"rendered":"<p>La presidenta municipal, Ana Patricia Peralta de la Pe\u00f1a, afirm\u00f3 que la mega marcha del&#8230;<\/p>\n","protected":false},"author":1,"featured_media":13224,"comment_status":"open","ping_status":"closed","sticky":false,"template":"","format":"standard","meta":{"footnotes":""},"categories":[2],"tags":[],"class_list":["post-13222","post","type-post","status-publish","format-standard","has-post-thumbnail","hentry","category-local"],"_links":{"self":[{"href":"https:\/\/xn--huracnpolmicocancnquintanaroo-knc6wmu.com\/index.php?rest_route=\/wp\/v2\/posts\/13222","targetHints":{"allow":["GET"]}}],"collection":[{"href":"https:\/\/xn--huracnpolmicocancnquintanaroo-knc6wmu.com\/index.php?rest_route=\/wp\/v2\/posts"}],"about":[{"href":"https:\/\/xn--huracnpolmicocancnquintanaroo-knc6wmu.com\/index.php?rest_route=\/wp\/v2\/types\/post"}],"author":[{"embeddable":true,"href":"https:\/\/xn--huracnpolmicocancnquintanaroo-knc6wmu.com\/index.php?rest_route=\/wp\/v2\/users\/1"}],"replies":[{"embeddable":true,"href":"https:\/\/xn--huracnpolmicocancnquintanaroo-knc6wmu.com\/index.php?rest_route=%2Fwp%2Fv2%2Fcomments&post=13222"}],"version-history":[{"count":1,"href":"https:\/\/xn--huracnpolmicocancnquintanaroo-knc6wmu.com\/index.php?rest_route=\/wp\/v2\/posts\/13222\/revisions"}],"predecessor-version":[{"id":13223,"href":"https:\/\/xn--huracnpolmicocancnquintanaroo-knc6wmu.com\/index.php?rest_route=\/wp\/v2\/posts\/13222\/revisions\/13223"}],"wp:featuredmedia":[{"embeddable":true,"href":"https:\/\/xn--huracnpolmicocancnquintanaroo-knc6wmu.com\/index.php?rest_route=\/wp\/v2\/media\/13224"}],"wp:attachment":[{"href":"https:\/\/xn--huracnpolmicocancnquintanaroo-knc6wmu.com\/index.php?rest_route=%2Fwp%2Fv2%2Fmedia&parent=13222"}],"wp:term":[{"taxonomy":"category","embeddable":true,"href":"https:\/\/xn--huracnpolmicocancnquintanaroo-knc6wmu.com\/index.php?rest_route=%2Fwp%2Fv2%2Fcategories&post=13222"},{"taxonomy":"post_tag","embeddable":true,"href":"https:\/\/xn--huracnpolmicocancnquintanaroo-knc6wmu.com\/index.php?rest_route=%2Fwp%2Fv2%2Ftags&post=13222"}],"curies":[{"name":"wp","href":"https:\/\/api.w.org\/{rel}","templated":true}]}}