{"id":13357,"date":"2023-03-14T16:18:46","date_gmt":"2023-03-14T21:18:46","guid":{"rendered":"https:\/\/xn--huracnpolmicocancnquintanaroo-knc6wmu.com\/?p=13357"},"modified":"2023-03-14T21:18:47","modified_gmt":"2023-03-14T21:18:47","slug":"cancun-las-opciones-para-conectar-el-aeropuerto-con-el-tren-maya","status":"publish","type":"post","link":"https:\/\/xn--huracnpolmicocancnquintanaroo-knc6wmu.com\/?p=13357","title":{"rendered":"Canc\u00fan: las opciones para conectar el aeropuerto con el Tren Maya"},"content":{"rendered":"<p>La Secretar\u00eda de Infraestructura Comunicaciones, Transportes (Sict) y la Gobernaci\u00f3n de Quintana Roo estudian tres opciones para conectar el Aeropuerto Internacional de Canc\u00fan con la estaci\u00f3n del Tren Maya.<\/p>\n<p>Entre estas opciones se ha planteado un t\u00fanel de kil\u00f3metro y medio, por debajo de la terminal a\u00e9rea, un circuito rodeando el aeropuerto y un transporte de lanzadera.<\/p>\n<p>\u201cEn unos d\u00edas estaremos tomando la decisi\u00f3n ya que debe estar la conexi\u00f3n cuando se termine la estaci\u00f3n del tren y as\u00ed poder trasladar a los pasajeros que van a requerir del trayecto\u201d, dijo la gobernadora de Quintana Roo, Mara Lezama.<\/p>\n<p>Como lo inform\u00f3\u00a0<em>REPORTUR.mx<\/em>, en la \u00faltima visita de inspecci\u00f3n a las obras del Tren Maya del presidente Andr\u00e9s Manuel L\u00f3pez Obrador, este asegur\u00f3 que no hay retrasos en las obras, que va a buen ritmo y se terminar\u00e1 de acuerdo a lo proyectado.\u00a0(Canc\u00fan: AMLO niega retrasos en las obras del Tren Maya).<\/p>\n<p>As\u00ed mismo, AMLO pidi\u00f3 en su momento no hacer caso a los que se\u00f1alan que el Tren Maya no se finalizar\u00e1 en los tiempos establecidos, \u201ca\u00fan cuando sean mis colaboradores\u201d, refiri\u00e9ndose a lo dicho por el coordinador de delegaciones federales, Arturo Abreu Mar\u00edn, quien ha advertido que era posible que no se podr\u00eda finalizar para diciembre, por los amparos promovidos y el rescate arqueol\u00f3gico, pero adem\u00e1s se sumar\u00eda el tiempo de pruebas.<\/p>\n","protected":false},"excerpt":{"rendered":"<p>La Secretar\u00eda de Infraestructura Comunicaciones, Transportes (Sict) y la Gobernaci\u00f3n de Quintana Roo estudian tres&#8230;<\/p>\n","protected":false},"author":1,"featured_media":13359,"comment_status":"open","ping_status":"closed","sticky":false,"template":"","format":"standard","meta":{"footnotes":""},"categories":[2],"tags":[],"class_list":["post-13357","post","type-post","status-publish","format-standard","has-post-thumbnail","hentry","category-local"],"_links":{"self":[{"href":"https:\/\/xn--huracnpolmicocancnquintanaroo-knc6wmu.com\/index.php?rest_route=\/wp\/v2\/posts\/13357","targetHints":{"allow":["GET"]}}],"collection":[{"href":"https:\/\/xn--huracnpolmicocancnquintanaroo-knc6wmu.com\/index.php?rest_route=\/wp\/v2\/posts"}],"about":[{"href":"https:\/\/xn--huracnpolmicocancnquintanaroo-knc6wmu.com\/index.php?rest_route=\/wp\/v2\/types\/post"}],"author":[{"embeddable":true,"href":"https:\/\/xn--huracnpolmicocancnquintanaroo-knc6wmu.com\/index.php?rest_route=\/wp\/v2\/users\/1"}],"replies":[{"embeddable":true,"href":"https:\/\/xn--huracnpolmicocancnquintanaroo-knc6wmu.com\/index.php?rest_route=%2Fwp%2Fv2%2Fcomments&post=13357"}],"version-history":[{"count":1,"href":"https:\/\/xn--huracnpolmicocancnquintanaroo-knc6wmu.com\/index.php?rest_route=\/wp\/v2\/posts\/13357\/revisions"}],"predecessor-version":[{"id":13358,"href":"https:\/\/xn--huracnpolmicocancnquintanaroo-knc6wmu.com\/index.php?rest_route=\/wp\/v2\/posts\/13357\/revisions\/13358"}],"wp:featuredmedia":[{"embeddable":true,"href":"https:\/\/xn--huracnpolmicocancnquintanaroo-knc6wmu.com\/index.php?rest_route=\/wp\/v2\/media\/13359"}],"wp:attachment":[{"href":"https:\/\/xn--huracnpolmicocancnquintanaroo-knc6wmu.com\/index.php?rest_route=%2Fwp%2Fv2%2Fmedia&parent=13357"}],"wp:term":[{"taxonomy":"category","embeddable":true,"href":"https:\/\/xn--huracnpolmicocancnquintanaroo-knc6wmu.com\/index.php?rest_route=%2Fwp%2Fv2%2Fcategories&post=13357"},{"taxonomy":"post_tag","embeddable":true,"href":"https:\/\/xn--huracnpolmicocancnquintanaroo-knc6wmu.com\/index.php?rest_route=%2Fwp%2Fv2%2Ftags&post=13357"}],"curies":[{"name":"wp","href":"https:\/\/api.w.org\/{rel}","templated":true}]}}