{"id":13908,"date":"2023-03-29T16:40:25","date_gmt":"2023-03-29T21:40:25","guid":{"rendered":"https:\/\/xn--huracnpolmicocancnquintanaroo-knc6wmu.com\/?p=13908"},"modified":"2023-03-29T21:40:26","modified_gmt":"2023-03-29T21:40:26","slug":"natanael-cano-nego-cualquier-participacion-en-altercado-con-empresario-en-cancun","status":"publish","type":"post","link":"https:\/\/xn--huracnpolmicocancnquintanaroo-knc6wmu.com\/?p=13908","title":{"rendered":"Natanael Cano neg\u00f3 cualquier participaci\u00f3n en altercado con empresario en Canc\u00fan"},"content":{"rendered":"<h4 class=\"d23-article-subheadline left \" style=\"text-align: center;\">El cantante de corridos tumbados, Natanael Cano, fue supuestamente v\u00edctima de un ataque armado en Canc\u00fan<\/h4>\n<div class=\"d23-byline\">\n<p class=\"paragraph\" data-mrf-recirculation=\"Links inline\">El cantante de\u00a0<b>corridos tumbados<\/b>,<b>\u00a0Natanael Cano<\/b>, celebr\u00f3 su cumplea\u00f1os n\u00famero 22 en las playas de Canc\u00fan el pasado fin de semana, pero\u00a0su festejo se vio empa\u00f1ado por una pol\u00e9mica situaci\u00f3n. Algunos medios de comunicaci\u00f3n reportaron que\u00a0<b>su camioneta fue baleada\u00a0<\/b>tras una supuesta discusi\u00f3n con un empresario.<\/p>\n<p class=\"paragraph\" data-mrf-recirculation=\"Links inline\">Aunque el artista utiliz\u00f3 sus historias de Instagram para denunciar el incidente y lamentar el hecho de que le hubieran arruinado su cumplea\u00f1os, posteriormente elimin\u00f3 las publicaciones.<\/p>\n<div class=\"inline ad-wrapper\">\n<div class=\"dfpAd ad-inline\"><\/div>\n<\/div>\n<p class=\"paragraph\" data-mrf-recirculation=\"Links inline\">Adem\u00e1s, en las redes sociales comenzaron a circular de manera extraoficial informaciones sobre un ataque a su camioneta de lujo en una zona de trabajos sobre el puente Nichupt\u00e9.<\/p>\n<p class=\"paragraph\" data-mrf-recirculation=\"Links inline\">Seg\u00fan los informes, el cantante se vio obligado a abandonar la camioneta luego de recibir heridas de bala, raz\u00f3n por la cual fue descubierta en la avenida Kabah la ma\u00f1ana del domingo.<\/p>\n<p class=\"paragraph\" data-mrf-recirculation=\"Links inline\">Aunque la presencia de<b>\u00a0Natanael Cano\u00a0<\/b>en el lugar no ha sido verificada de forma independiente, las autoridades de Canc\u00fan se\u00f1alaron que la camioneta ten\u00eda llantas ponchadas y dos impactos de bala en el lado del conductor.<\/p>\n<p class=\"paragraph\" data-mrf-recirculation=\"Links inline\">La camioneta con heridas de bala fue encontrada en la avenida Kabah y Luis Donaldo Colosio, seg\u00fan inform\u00f3 el fiscal general del estado,\u00a0<b>\u00d3scar Montes de Oca<\/b>, quien tambi\u00e9n asegur\u00f3 que el incidente involucr\u00f3 a un restaurante en la zona hotelera de Canc\u00fan. Aunque no hubo pruebas de que una persona famosa estuviera asociada con ese incidente.<\/p>\n<div class=\"d23-recommended-card__info\">\n<p class=\"paragraph\" data-mrf-recirculation=\"Links inline\">El fiscal tambi\u00e9n dijo que la camioneta en la que fue baleada la v\u00edctima era alquilada y que sus ocupantes se pelearon en el\u00a0<b>bulevar Kukulc\u00e1n<\/b>\u00a0con otras personas, pero no precis\u00f3 si la v\u00edctima era un empresario o un cantante porque a\u00fan contin\u00faan las averiguaciones pertinentes al este respecto.<\/p>\n<h2 class=\"header d23-headline-class-h2\">\u00bfQu\u00e9 hab\u00eda pasado con Natanael Cano?<\/h2>\n<p class=\"paragraph\" data-mrf-recirculation=\"Links inline\"><b>Natanael Cano<\/b>, el controvertido cantante de\u00a0corridos tumbados, habr\u00eda sido v\u00edctima de un supuesto ataque con armas de fuego en Canc\u00fan, seg\u00fan reportes en redes sociales.<\/p>\n<p class=\"paragraph\" data-mrf-recirculation=\"Links inline\">Se coment\u00f3 que la camioneta del artista habr\u00eda recibido impactos de bala en las afueras de un antro de la ciudad y posteriormente fue abandonada en las calles, lo que llev\u00f3 a la Fiscal\u00eda General del Estado de Quintana Roo a iniciar las investigaciones correspondientes.<\/p>\n<p class=\"paragraph\" data-mrf-recirculation=\"Links inline\">Los hechos se habr\u00edan registrado durante la madrugada del s\u00e1bado 25 de marzo, cuando el cantante acudi\u00f3 a un antro de Canc\u00fan para celebrar su cumplea\u00f1os n\u00famero 22. Seg\u00fan se inform\u00f3, habr\u00eda protagonizado una pelea que termin\u00f3 en una persecuci\u00f3n en las avenidas principales de la ciudad y en disparos de arma de fuego.<\/p>\n<p class=\"paragraph\" data-mrf-recirculation=\"Links inline\">Afortunadamente, tambi\u00e9n se confirm\u00f3 que\u00a0<b>Natanael Cano<\/b>\u00a0no habr\u00eda sufrido ning\u00fan da\u00f1o f\u00edsico en el incidente. A trav\u00e9s de su cuenta oficial de Instagram, el cantautor regional mexicano confirm\u00f3 que se encontraba bien y lament\u00f3 la situaci\u00f3n que se desat\u00f3 durante su cumplea\u00f1os.<\/p>\n<p class=\"paragraph\" data-mrf-recirculation=\"Links inline\">Aunque no dio detalles de lo ocurrido en el antro, el artista insisti\u00f3 en que se debi\u00f3 a algo que \u00e9l no hizo: \u201cMe arruinaron mi cumplea\u00f1os por algo que no hice, ni modo\u201d.<\/p>\n<p class=\"paragraph\" data-mrf-recirculation=\"Links inline\">En una segunda historia publicada en Instagram, Natanael Cano se disculp\u00f3 con los habitantes de Quintana Roo por el desorden y caos que se habr\u00eda generado en la ciudad tras los hechos.<\/p>\n<h2 class=\"header d23-headline-class-h2\">\u00bfQu\u00e9 dijo Natanael Cano sobre el tiroteo a su auto?<\/h2>\n<p class=\"paragraph\" data-mrf-recirculation=\"Links inline\">Algunos medios de comunicaci\u00f3n reportaron que<b>\u00a0su camioneta de lujo hab\u00eda sido baleada\u00a0<\/b>tras una supuesta discusi\u00f3n con un empresario. Sin embargo, la oficina de prensa del artista emiti\u00f3 un comunicado en el que neg\u00f3 rotundamente cualquier participaci\u00f3n en un altercado o intercambio de disparos.<\/p>\n<p class=\"paragraph\" data-mrf-recirculation=\"Links inline\">Ante estas acusaciones, la oficina de prensa del cantante emiti\u00f3 un comunicado en el que neg\u00f3 rotundamente cualquier tipo de participaci\u00f3n en el altercado:<\/p>\n<p class=\"paragraph\" data-mrf-recirculation=\"Links inline\">\u201cEl viernes 24 de marzo de 2023, durante vacaciones en Canc\u00fan, M\u00e9xico, Natanael Cano celebr\u00f3 su cumplea\u00f1os en el club nocturno H Roof. Al salir, ni el artista, ni su equipo, ni ninguno de sus veh\u00edculos de transporte privados tuvo interacci\u00f3n o participaci\u00f3n en alg\u00fan altercado o intercambio de disparos. Cualquier alegaci\u00f3n de participaci\u00f3n en esto es falsa\u201d.<\/p>\n<p class=\"paragraph\" data-mrf-recirculation=\"Links inline\">En medio de la controversia,\u00a0<b>Natanael Cano pidi\u00f3 disculpas a la gente de Canc\u00fan<\/b>\u00a0a trav\u00e9s de sus redes sociales. A pesar de ello, la pol\u00e9mica en torno a su cumplea\u00f1os sigue en el aire y se espera que en los pr\u00f3ximos d\u00edas se conozcan m\u00e1s detalles sobre lo sucedido.<\/p>\n<\/div>\n<\/div>\n","protected":false},"excerpt":{"rendered":"<p>El cantante de corridos tumbados, Natanael Cano, fue supuestamente v\u00edctima de un ataque armado en&#8230;<\/p>\n","protected":false},"author":1,"featured_media":13910,"comment_status":"open","ping_status":"closed","sticky":false,"template":"","format":"standard","meta":{"footnotes":""},"categories":[2],"tags":[],"class_list":["post-13908","post","type-post","status-publish","format-standard","has-post-thumbnail","hentry","category-local"],"_links":{"self":[{"href":"https:\/\/xn--huracnpolmicocancnquintanaroo-knc6wmu.com\/index.php?rest_route=\/wp\/v2\/posts\/13908","targetHints":{"allow":["GET"]}}],"collection":[{"href":"https:\/\/xn--huracnpolmicocancnquintanaroo-knc6wmu.com\/index.php?rest_route=\/wp\/v2\/posts"}],"about":[{"href":"https:\/\/xn--huracnpolmicocancnquintanaroo-knc6wmu.com\/index.php?rest_route=\/wp\/v2\/types\/post"}],"author":[{"embeddable":true,"href":"https:\/\/xn--huracnpolmicocancnquintanaroo-knc6wmu.com\/index.php?rest_route=\/wp\/v2\/users\/1"}],"replies":[{"embeddable":true,"href":"https:\/\/xn--huracnpolmicocancnquintanaroo-knc6wmu.com\/index.php?rest_route=%2Fwp%2Fv2%2Fcomments&post=13908"}],"version-history":[{"count":1,"href":"https:\/\/xn--huracnpolmicocancnquintanaroo-knc6wmu.com\/index.php?rest_route=\/wp\/v2\/posts\/13908\/revisions"}],"predecessor-version":[{"id":13909,"href":"https:\/\/xn--huracnpolmicocancnquintanaroo-knc6wmu.com\/index.php?rest_route=\/wp\/v2\/posts\/13908\/revisions\/13909"}],"wp:featuredmedia":[{"embeddable":true,"href":"https:\/\/xn--huracnpolmicocancnquintanaroo-knc6wmu.com\/index.php?rest_route=\/wp\/v2\/media\/13910"}],"wp:attachment":[{"href":"https:\/\/xn--huracnpolmicocancnquintanaroo-knc6wmu.com\/index.php?rest_route=%2Fwp%2Fv2%2Fmedia&parent=13908"}],"wp:term":[{"taxonomy":"category","embeddable":true,"href":"https:\/\/xn--huracnpolmicocancnquintanaroo-knc6wmu.com\/index.php?rest_route=%2Fwp%2Fv2%2Fcategories&post=13908"},{"taxonomy":"post_tag","embeddable":true,"href":"https:\/\/xn--huracnpolmicocancnquintanaroo-knc6wmu.com\/index.php?rest_route=%2Fwp%2Fv2%2Ftags&post=13908"}],"curies":[{"name":"wp","href":"https:\/\/api.w.org\/{rel}","templated":true}]}}