{"id":13953,"date":"2023-03-30T16:22:54","date_gmt":"2023-03-30T21:22:54","guid":{"rendered":"https:\/\/xn--huracnpolmicocancnquintanaroo-knc6wmu.com\/?p=13953"},"modified":"2023-03-30T21:22:56","modified_gmt":"2023-03-30T21:22:56","slug":"anuncian-en-cancun-festejos-por-el-53-aniversario","status":"publish","type":"post","link":"https:\/\/xn--huracnpolmicocancnquintanaroo-knc6wmu.com\/?p=13953","title":{"rendered":"Anuncian en Canc\u00fan festejos por el 53 aniversario"},"content":{"rendered":"<p>La presidenta municipal de Benito Ju\u00e1rez, Ana Patricia Peralta de la Pe\u00f1a, present\u00f3 el programa de actividades y celebraciones con motivo del 53 aniversario de la fundaci\u00f3n de Canc\u00fan, que van del 3 al 23 de abril, y las m\u00e1s significativas tendr\u00e1n lugar a partir del jueves 20.<\/p>\n<p>Junto con el director de Distrito Canc\u00fan, Carlos Armando del Castillo, Peralta de la Pe\u00f1a invit\u00f3 a la poblaci\u00f3n cancunense a ser part\u00edcipe de estas actividades, que van desde talleres y cursos, a los desfiles, conciertos y actividades deportivas como un medio marat\u00f3n, adem\u00e1s de la ceremonia c\u00edvica y ma\u00f1anitas, las cuales se llevar\u00e1n a cabo en diversas partes de la ciudad.<\/p>\n<p>Ser\u00e1 a partir del viernes 14 cuando comenzar\u00e1n las actividades del aniversario, con la Inauguraci\u00f3n el Parque Canc\u00fan a las 04:00 de la tarde, donde se tendr\u00e1 un recorrido de las instalaciones y que esperan forme parte importante de las grandes obras que se est\u00e1n llevando a cabo en la ciudad.<\/p>\n<p>El s\u00e1bado 15 podr\u00e1n asistir a una conferencia sobre los 53 a\u00f1os de Canc\u00fan, en el sal\u00f3n Presidentes del Ayuntamiento, presentada por el Instituto Municipal de Planeaci\u00f3n, Distrito Canc\u00fan y Universidad del Caribe a las 10:00 de la ma\u00f1ana; el Festival Pioneritos, en el Estadio Canc\u00fan 86 a las 04:00 de la tarde; y la actividad J\u00f3venes en el Cecilio, tambi\u00e9n a las 04:00 de la tarde, en el domo Cecilio Chi.<\/p>\n<p>Para el domingo 16, la presidenta municipal cit\u00f3 a los cancunenses para participar en el Medio Marat\u00f3n Canc\u00fan, que por primera vez saldr\u00e1 desde Plaza de la Reforma a las 06:30 de la ma\u00f1ana; y a las 08:00 de la ma\u00f1ana se llevar\u00e1 a cabo la iniciativa 53 \u00e1rboles por Canc\u00fan, con la cual se plantar\u00e1n 53 \u00e1rboles en la Avenida Tulum, a la altura del ADO.<\/p>\n<p>La historia tomar\u00e1 un lugar privilegiado a partir del lunes 17, con la apertura del T\u00fanel de la Historia en el Palacio Municipal, el cual estar\u00e1 instalado hasta el 24 de abril; y el conversatorio Historia de la Aviaci\u00f3n, en el Teatro 8 de octubre a las 06:30 de la tarde, donde se hablar\u00e1 de esta forma del transporte, esencial para el desarrollo de la ciudad.<\/p>\n<p>El martes 18 estar\u00e1 dedicado a las mujeres cancunenses, con dos actividades en el Parque de El Crucero; el taller \u201cBordando por Canc\u00fan\u201d a las 03:00 de la tarde y la exposici\u00f3n \u201cMujeres Forjadoras de Canc\u00fan en el tiempo\u201d a las 05:30 de la tarde, actividades que tienen el \u00e1nimo de que las j\u00f3venes conozcan y sean inspiradas por las historias de las mujeres forjadoras de la historia de Canc\u00fan.<\/p>\n<p>La biblioteca Enrique Barocio tendr\u00e1 su celebraci\u00f3n el mi\u00e9rcoles 19 de 01:00 de la tarde a 08:30 de la noche, con talleres interactivos de arte, la presentaci\u00f3n del libro de arte para colorear \u201cCanc\u00fan de mis colores\u201d y un cineclub; mientras que en la Biblioteca de la Cr\u00f3nica se llevar\u00e1 a cabo un seminario de Cultura Mexicana a las 07:00 de la noche.<\/p>\n<h5><strong>FESTEJANDO A CANC\u00daN<\/strong><\/h5>\n<p>Para el jueves 20, d\u00eda del aniversario de la fundaci\u00f3n de la ciudad, el Ayuntamiento de Benito Ju\u00e1rez realizar\u00e1 su ceremonia c\u00edvica celebrando los 53 a\u00f1os en Plaza de la Reforma a las 09:00 de la ma\u00f1ana.<\/p>\n<p>Adem\u00e1s, ese mismo d\u00eda se tendr\u00e1 una sesi\u00f3n especial de Cabildo a las 07:00 de la noche en Plaza de la Reforma y una vez concluida la sesi\u00f3n, la explanada se preparar\u00e1 para recibir a la ciudadan\u00eda y cantar las Ma\u00f1anitas a Canc\u00fan a las 09:00 de la noche, con una verbena cultural para disfrute de los asistentes.<\/p>\n<p>El viernes 21 y s\u00e1bado 22, en la Avenida Yaxchil\u00e1n, se llevar\u00e1 a cabo el evento \u201cCanc\u00fan es M\u00e9xico\u201d, donde la ciudadan\u00eda podr\u00e1 ver la recuperaci\u00f3n que ha hecho el Ayuntamiento de este espacio, as\u00ed como disfrutar de lucha libre, kerm\u00e9s y un concierto que den muestra de Canc\u00fan como entrada a la cultura mexicana para muchos turistas.<\/p>\n<p>Desde el domo Jacinto Canek con direcci\u00f3n al Parque de las Palapas, el s\u00e1bado se tendr\u00e1 el desfile de los cancunenses, a partir de las 05:00 de la tarde y que cerrar\u00e1 con un concierto de talentos cancunenses y la exposici\u00f3n de autos cl\u00e1sicos gracias a la participaci\u00f3n del Rally Maya 2023 dentro de las celebraciones.<\/p>\n<p>En el desfile se espera la participaci\u00f3n de 4 mil personas, con el primer bloque formado por los pioneros y fundadores de Canc\u00fan, el Club de Autos Antiguos y el Rally Maya; seguidos por el bloque cultural donde participar\u00e1n carros aleg\u00f3ricos, las escuelas de baile, los reyes y las reinas del Carnaval, payasos, la comunidad maya, los charros y mariachis.<\/p>\n<p>Luego, entra el bloque de la diversidad, con la participaci\u00f3n de diferentes asociaciones y representantes de todos los sectores, as\u00ed como los cuerpos consulares; le sigue el sector hotelero, donde entrar\u00e1n todos los trabajadores de la industria tur\u00edstica, sindicatos y asociaciones de la industria.<\/p>\n<p>Finalmente, estar\u00e1n el bloque de j\u00f3venes, donde universitarios, scouts, escuelas y j\u00f3venes participar\u00e1n; el bloque deportista y el bloque \u201cCanc\u00fan nos une\u201d que incluye a los servidores p\u00fablicos del Ayuntamiento y el Heroico Cuerpo de Bomberos, cerrando el desfile con el club de motos.<\/p>\n<p>El domingo 23 se cerrar\u00e1n los festejos con el Triatl\u00f3n Astri Canc\u00fan, que saldr\u00e1 de Puerto Canc\u00fan a las 06:20 de la ma\u00f1ana; el tradicional Picnic Canc\u00fan en el Parque Fonatur de 08:00 de la ma\u00f1ana a 03:00 de la tarde; y para finalizar, un concierto con diversos talentos cancunenses en Playa Gaviotas a lo largo de la tarde.<\/p>\n<h5><strong>PREPARAN OTRAS ACTIVIDADES PREVIAS<\/strong><\/h5>\n<p>Las actividades previas a la semana del aniversario consisten en las campa\u00f1as \u201cCu\u00e9ntanos tu historia\u201d, que ser\u00e1n en una cabina itinerante para recolectar historias de los pioneros y habitantes de la ciudad, del 3 al 21 de abril.<\/p>\n<p>Otra de las actividades previas es \u201cFelicitaciones a Canc\u00fan\u201d, hechas por celebridades, artistas, l\u00edderes de opini\u00f3n y autoridades de Quintana Roo y otros estados emiten sus felicitaciones, que se har\u00e1 del 3 al 23 de abril.<\/p>\n<p>Por \u00faltimo, la campa\u00f1a \u201cPrimerxs cancunenses\u201d, hecha por el Registro Civil de Benito Ju\u00e1rez, en la cual se dar\u00e1 difusi\u00f3n de las personas que han hecho llegar sus registros en la b\u00fasqueda los primero registrados, del 3 al 16 de abril.<\/p>\n","protected":false},"excerpt":{"rendered":"<p>La presidenta municipal de Benito Ju\u00e1rez, Ana Patricia Peralta de la Pe\u00f1a, present\u00f3 el programa&#8230;<\/p>\n","protected":false},"author":1,"featured_media":13955,"comment_status":"open","ping_status":"closed","sticky":false,"template":"","format":"standard","meta":{"footnotes":""},"categories":[2],"tags":[],"class_list":["post-13953","post","type-post","status-publish","format-standard","has-post-thumbnail","hentry","category-local"],"_links":{"self":[{"href":"https:\/\/xn--huracnpolmicocancnquintanaroo-knc6wmu.com\/index.php?rest_route=\/wp\/v2\/posts\/13953","targetHints":{"allow":["GET"]}}],"collection":[{"href":"https:\/\/xn--huracnpolmicocancnquintanaroo-knc6wmu.com\/index.php?rest_route=\/wp\/v2\/posts"}],"about":[{"href":"https:\/\/xn--huracnpolmicocancnquintanaroo-knc6wmu.com\/index.php?rest_route=\/wp\/v2\/types\/post"}],"author":[{"embeddable":true,"href":"https:\/\/xn--huracnpolmicocancnquintanaroo-knc6wmu.com\/index.php?rest_route=\/wp\/v2\/users\/1"}],"replies":[{"embeddable":true,"href":"https:\/\/xn--huracnpolmicocancnquintanaroo-knc6wmu.com\/index.php?rest_route=%2Fwp%2Fv2%2Fcomments&post=13953"}],"version-history":[{"count":1,"href":"https:\/\/xn--huracnpolmicocancnquintanaroo-knc6wmu.com\/index.php?rest_route=\/wp\/v2\/posts\/13953\/revisions"}],"predecessor-version":[{"id":13954,"href":"https:\/\/xn--huracnpolmicocancnquintanaroo-knc6wmu.com\/index.php?rest_route=\/wp\/v2\/posts\/13953\/revisions\/13954"}],"wp:featuredmedia":[{"embeddable":true,"href":"https:\/\/xn--huracnpolmicocancnquintanaroo-knc6wmu.com\/index.php?rest_route=\/wp\/v2\/media\/13955"}],"wp:attachment":[{"href":"https:\/\/xn--huracnpolmicocancnquintanaroo-knc6wmu.com\/index.php?rest_route=%2Fwp%2Fv2%2Fmedia&parent=13953"}],"wp:term":[{"taxonomy":"category","embeddable":true,"href":"https:\/\/xn--huracnpolmicocancnquintanaroo-knc6wmu.com\/index.php?rest_route=%2Fwp%2Fv2%2Fcategories&post=13953"},{"taxonomy":"post_tag","embeddable":true,"href":"https:\/\/xn--huracnpolmicocancnquintanaroo-knc6wmu.com\/index.php?rest_route=%2Fwp%2Fv2%2Ftags&post=13953"}],"curies":[{"name":"wp","href":"https:\/\/api.w.org\/{rel}","templated":true}]}}