{"id":14022,"date":"2023-04-02T11:49:29","date_gmt":"2023-04-02T16:49:29","guid":{"rendered":"https:\/\/xn--huracnpolmicocancnquintanaroo-knc6wmu.com\/?p=14022"},"modified":"2023-04-02T16:49:31","modified_gmt":"2023-04-02T16:49:31","slug":"sargazo-da-respiro-a-cancun-cae-75-la-recoleccion","status":"publish","type":"post","link":"https:\/\/xn--huracnpolmicocancnquintanaroo-knc6wmu.com\/?p=14022","title":{"rendered":"Sargazo da respiro a Canc\u00fan: cae 75% la recolecci\u00f3n"},"content":{"rendered":"<div>\n<div class=\"row m-b-15\">\n<div class=\"col-xs-12 col-sm-12 col-md-12 col-lg-12\">\n<h4 class=\"introduction\" style=\"text-align: center;\">Durante el \u00faltimo mes, la cantidad retirada de las playas pas\u00f3 de 60 a 15 metros c\u00fabicos semanales.<\/h4>\n<\/div>\n<\/div>\n<\/div>\n<div class=\"row m-b-25\">\n<div class=\"col-xs-12 col-sm-12 col-md-12 col-lg-12 info-extra-new\">\n<p>El recale de sargazo en las playas de Canc\u00fan cay\u00f3 alrededor de 75 por ciento durante el \u00faltimo mes,\u00a0<strong>al pasar de 60 a solo 15 metros c\u00fabicos semanales<\/strong>, entre febrero y marzo.<\/p>\n<p>Antonio Chambe de la Torre, director de Servicios P\u00fablicos municipales, coment\u00f3 que las playas m\u00e1s afectadas, son las que se encuentran al sur de la demarcaci\u00f3n.<\/p>\n<blockquote><p>\u201cIncrement\u00f3 el recale en febrero, cuando no se ten\u00eda las posibilidades de que hubiera sargazo; en unos d\u00edas recogimos lo que hacemos en un mes, es decir, 60 metros c\u00fabicos en \u201cDelfines\u201d. Sin embargo, hemos tenido un recale de sargazo menor, por ejemplo, la semana pasada, 15 metros c\u00fabicos, que es muy bajo\u201d, indic\u00f3.<\/p><\/blockquote>\n<div id=\"div-gpt-ad-inread-64291ceca16dfc0013d45d54\" data-name=\"inread\" data-size=\"[[336,250], [300,250]]\" data-google-query-id=\"CLLayInTi_4CFQ0HigMdjDIC2w\">\n<div id=\"google_ads_iframe_\/4334274\/inread_0__container__\"><\/div>\n<\/div>\n<p>Detall\u00f3 que en\u00a0<strong>playa \u201cBallenas\u201d y \u201cChac Mool\u201d\u00a0<\/strong>es donde se ha registrado un mayor n\u00famero de sargazo, debido a las condiciones geogr\u00e1ficas que retienen esta macroalga.<\/p>\n<p>Explic\u00f3 que en t\u00e9rminos generales, en las\u00a0playas p\u00fablicas\u00a0no han tenido la cantidad de sargazo en comparaci\u00f3n de lo registrado en las playas de los municipios donde se encuentra la\u00a0<strong>Riviera Maya<\/strong>, que son\u00a0<strong>Tulum<\/strong>,\u00a0<strong>Puerto Morelos<\/strong>\u00a0y\u00a0<strong>Solidaridad<\/strong>.<\/p>\n<blockquote><p>\u201cEso nos ha permitido tener las playas listas y que puedan recibir en estas vacaciones a los visitantes nacionales y extranjeros\u201d.<\/p><\/blockquote>\n<h2>A\u00fan no hay que cantar victoria<\/h2>\n<p>Sin embargo, el funcionario reconoci\u00f3 que, pese a ello hay altas posibilidades de un recale mayor, por la ubicaci\u00f3n geogr\u00e1fica de Canc\u00fan, adem\u00e1s de las condiciones climatol\u00f3gicas como fuertes rachas de viento y el alza en la temperatura del agua del mar.<\/p>\n<p>Mientras tanto, Chambe de la Torre descart\u00f3 que se vaya a incrementar el n\u00famero de trabajadores que realizan la recoja de sargazo en las playas p\u00fablicas del municipio, que suman 250 personas, provenientes de la Direcci\u00f3n de Servicios P\u00fablicos y de la Zona Federal Mar\u00edtimo Terrestre (Zofemat).<\/p>\n<blockquote><p>\u201cEn caso de que aumente la contingencia, aumentaremos a 80 personas y, en caso de que sea mayor y en m\u00e1s de tres playas, el plan de trabajo es que salgan funcionarios del municipio para que nos apoyen\u201d, finaliz\u00f3 el funcionario.<\/p><\/blockquote>\n<div id=\"div-gpt-ad-inread-3-64291ceca16dfc0013d45d54\" data-name=\"inread\" data-size=\"[[336,250], [300,250]]\" data-google-query-id=\"COXcyInTi_4CFcQWigMdkWUOxA\">\n<div id=\"google_ads_iframe_\/4334274\/inread_2__container__\"><\/div>\n<\/div>\n<\/div>\n<\/div>\n","protected":false},"excerpt":{"rendered":"<p>Durante el \u00faltimo mes, la cantidad retirada de las playas pas\u00f3 de 60 a 15&#8230;<\/p>\n","protected":false},"author":1,"featured_media":14024,"comment_status":"open","ping_status":"closed","sticky":false,"template":"","format":"standard","meta":{"footnotes":""},"categories":[2],"tags":[],"class_list":["post-14022","post","type-post","status-publish","format-standard","has-post-thumbnail","hentry","category-local"],"_links":{"self":[{"href":"https:\/\/xn--huracnpolmicocancnquintanaroo-knc6wmu.com\/index.php?rest_route=\/wp\/v2\/posts\/14022","targetHints":{"allow":["GET"]}}],"collection":[{"href":"https:\/\/xn--huracnpolmicocancnquintanaroo-knc6wmu.com\/index.php?rest_route=\/wp\/v2\/posts"}],"about":[{"href":"https:\/\/xn--huracnpolmicocancnquintanaroo-knc6wmu.com\/index.php?rest_route=\/wp\/v2\/types\/post"}],"author":[{"embeddable":true,"href":"https:\/\/xn--huracnpolmicocancnquintanaroo-knc6wmu.com\/index.php?rest_route=\/wp\/v2\/users\/1"}],"replies":[{"embeddable":true,"href":"https:\/\/xn--huracnpolmicocancnquintanaroo-knc6wmu.com\/index.php?rest_route=%2Fwp%2Fv2%2Fcomments&post=14022"}],"version-history":[{"count":1,"href":"https:\/\/xn--huracnpolmicocancnquintanaroo-knc6wmu.com\/index.php?rest_route=\/wp\/v2\/posts\/14022\/revisions"}],"predecessor-version":[{"id":14023,"href":"https:\/\/xn--huracnpolmicocancnquintanaroo-knc6wmu.com\/index.php?rest_route=\/wp\/v2\/posts\/14022\/revisions\/14023"}],"wp:featuredmedia":[{"embeddable":true,"href":"https:\/\/xn--huracnpolmicocancnquintanaroo-knc6wmu.com\/index.php?rest_route=\/wp\/v2\/media\/14024"}],"wp:attachment":[{"href":"https:\/\/xn--huracnpolmicocancnquintanaroo-knc6wmu.com\/index.php?rest_route=%2Fwp%2Fv2%2Fmedia&parent=14022"}],"wp:term":[{"taxonomy":"category","embeddable":true,"href":"https:\/\/xn--huracnpolmicocancnquintanaroo-knc6wmu.com\/index.php?rest_route=%2Fwp%2Fv2%2Fcategories&post=14022"},{"taxonomy":"post_tag","embeddable":true,"href":"https:\/\/xn--huracnpolmicocancnquintanaroo-knc6wmu.com\/index.php?rest_route=%2Fwp%2Fv2%2Ftags&post=14022"}],"curies":[{"name":"wp","href":"https:\/\/api.w.org\/{rel}","templated":true}]}}