{"id":14357,"date":"2023-04-11T11:09:17","date_gmt":"2023-04-11T16:09:17","guid":{"rendered":"https:\/\/xn--huracnpolmicocancnquintanaroo-knc6wmu.com\/?p=14357"},"modified":"2023-04-11T16:09:18","modified_gmt":"2023-04-11T16:09:18","slug":"buscas-empleo-en-cancun-hoteles-abren-mas-de-mil-vacantes","status":"publish","type":"post","link":"https:\/\/xn--huracnpolmicocancnquintanaroo-knc6wmu.com\/?p=14357","title":{"rendered":"\u00bfBuscas empleo en Canc\u00fan? Hoteles abren m\u00e1s de mil vacantes"},"content":{"rendered":"<div>\n<div class=\"row m-b-15\">\n<div class=\"col-xs-12 col-sm-12 col-md-12 col-lg-12\">\n<h4 class=\"introduction\" style=\"text-align: center;\">El evento est\u00e1 dirigido principalmente para los j\u00f3venes, aunque las empresas tienen diversas ofertas laborales.<\/h4>\n<\/div>\n<\/div>\n<\/div>\n<div class=\"row m-b-25\">\n<div class=\"col-xs-12 col-sm-12 col-md-12 col-lg-12 info-extra-new\">\n<p>Dos ferias de empleo se llevaron en Canc\u00fan donde se ofertaron casi\u00a0<strong>dos mil 600 vacantes<\/strong>\u00a0en diferentes empresas, con ello encontrar los talentos locales que a\u00fan hacen falta en los centros laborales.<\/p>\n<p>Ricardo Paredes Villalobos, de la bolsa de empleo de la\u00a0<em>Federaci\u00f3n de Estudiantes de Benito Ju\u00e1rez<\/em>, mencion\u00f3 que llevan tres ediciones de esta feria, que est\u00e1 dirigida principalmente a los j\u00f3venes aunque las empresas que est\u00e1n participando siguen buscando a los trabajadores para llenar sus plantillas.<\/p>\n<div class=\"google-auto-placed ap_container\">\n<blockquote><p>\u201cLas empresas ofertan vacantes para los estudiantes de medio tiempo as\u00ed no dejen la escuela e incluso tambi\u00e9n es una feria incluyente ya que se brindan espacios laborales para personas con discapacidad y van desde el sector restaurantero, hotelero, aeron\u00e1utica, universidades y parques de diversiones\u201d, mencion\u00f3.<\/p><\/blockquote>\n<div id=\"div-gpt-ad-inread-6434a0bad46c1a00143a45d1\" data-name=\"inread\" data-size=\"[[336,250], [300,250]]\" data-google-query-id=\"CNLn5e2aov4CFQLLhwodW5gFGQ\">\n<div id=\"google_ads_iframe_\/4334274\/inread_0__container__\"><\/div>\n<\/div>\n<p>Adem\u00e1s, han identificado que muchos j\u00f3venes est\u00e1n en b\u00fasqueda de un primer empleo en el sector productivo as\u00ed como las pr\u00e1cticas profesionales, y ante ello se est\u00e1 realizando la vinculaci\u00f3n que en la tercera edici\u00f3n ya arroj\u00f3 dos mil vacantes ofertadas.<\/p>\n<p>La\u00a0feria se llev\u00f3 a cabo en el<strong>\u00a0Domo de la Rehoyada<\/strong>\u00a0en el que atienden a m\u00e1s de mil personas para ser contratadas en las m\u00e1s de 30 empresas que participaron.<\/p>\n<h2>19 hoteles se encuentran en b\u00fasqueda de personal<\/h2>\n<p>Al mismo tiempo,\u00a0se llev\u00f3 a cabo una feria de empleo del sector tur\u00edstico en la\u00a0<em>Asociaci\u00f3n de Hoteles de Canc\u00fan, Puerto Morelos e Isla Mujeres<\/em>\u00a0para as\u00ed captar el talento en los centros de hospedaje, la cual ser\u00eda la s\u00e9ptima edici\u00f3n.<\/p>\n<p>En esta ocasi\u00f3n fueron<strong>\u00a0600 vacantes las que ofertaron<\/strong>, principalmente de \u00e1reas operativas de al menos 19 hoteles que requieren personal.<\/p>\n<blockquote><p>\u201cDe acuerdo con el sondeo que hemos realizado a las \u00e1reas de Recursos Humanos, ya es casi 9% lo que se requiere de la plantilla laboral,\u00a0 una disminuci\u00f3n del d\u00e9ficit luego de la situaci\u00f3n de la pandemia en la que se perdi\u00f3 un importante n\u00famero de personas\u201d, agreg\u00f3 el vicepresidente de la AHCPIM, Eduardo Mart\u00ednez Ibarra.<\/p><\/blockquote>\n<p>Por ahora, se busca un talento local aunque siguen trabajando de la mano con el Servicio Nacional de Empleo.<\/p>\n<\/div>\n<\/div>\n<\/div>\n","protected":false},"excerpt":{"rendered":"<p>El evento est\u00e1 dirigido principalmente para los j\u00f3venes, aunque las empresas tienen diversas ofertas laborales&#8230;.<\/p>\n","protected":false},"author":1,"featured_media":14359,"comment_status":"open","ping_status":"closed","sticky":false,"template":"","format":"standard","meta":{"footnotes":""},"categories":[2],"tags":[],"class_list":["post-14357","post","type-post","status-publish","format-standard","has-post-thumbnail","hentry","category-local"],"_links":{"self":[{"href":"https:\/\/xn--huracnpolmicocancnquintanaroo-knc6wmu.com\/index.php?rest_route=\/wp\/v2\/posts\/14357","targetHints":{"allow":["GET"]}}],"collection":[{"href":"https:\/\/xn--huracnpolmicocancnquintanaroo-knc6wmu.com\/index.php?rest_route=\/wp\/v2\/posts"}],"about":[{"href":"https:\/\/xn--huracnpolmicocancnquintanaroo-knc6wmu.com\/index.php?rest_route=\/wp\/v2\/types\/post"}],"author":[{"embeddable":true,"href":"https:\/\/xn--huracnpolmicocancnquintanaroo-knc6wmu.com\/index.php?rest_route=\/wp\/v2\/users\/1"}],"replies":[{"embeddable":true,"href":"https:\/\/xn--huracnpolmicocancnquintanaroo-knc6wmu.com\/index.php?rest_route=%2Fwp%2Fv2%2Fcomments&post=14357"}],"version-history":[{"count":1,"href":"https:\/\/xn--huracnpolmicocancnquintanaroo-knc6wmu.com\/index.php?rest_route=\/wp\/v2\/posts\/14357\/revisions"}],"predecessor-version":[{"id":14358,"href":"https:\/\/xn--huracnpolmicocancnquintanaroo-knc6wmu.com\/index.php?rest_route=\/wp\/v2\/posts\/14357\/revisions\/14358"}],"wp:featuredmedia":[{"embeddable":true,"href":"https:\/\/xn--huracnpolmicocancnquintanaroo-knc6wmu.com\/index.php?rest_route=\/wp\/v2\/media\/14359"}],"wp:attachment":[{"href":"https:\/\/xn--huracnpolmicocancnquintanaroo-knc6wmu.com\/index.php?rest_route=%2Fwp%2Fv2%2Fmedia&parent=14357"}],"wp:term":[{"taxonomy":"category","embeddable":true,"href":"https:\/\/xn--huracnpolmicocancnquintanaroo-knc6wmu.com\/index.php?rest_route=%2Fwp%2Fv2%2Fcategories&post=14357"},{"taxonomy":"post_tag","embeddable":true,"href":"https:\/\/xn--huracnpolmicocancnquintanaroo-knc6wmu.com\/index.php?rest_route=%2Fwp%2Fv2%2Ftags&post=14357"}],"curies":[{"name":"wp","href":"https:\/\/api.w.org\/{rel}","templated":true}]}}