{"id":14411,"date":"2023-04-12T15:47:03","date_gmt":"2023-04-12T20:47:03","guid":{"rendered":"https:\/\/xn--huracnpolmicocancnquintanaroo-knc6wmu.com\/?p=14411"},"modified":"2023-04-12T20:47:05","modified_gmt":"2023-04-12T20:47:05","slug":"por-que-el-municipio-se-llama-benito-juarez-y-no-cancun-aqui-te-decimos","status":"publish","type":"post","link":"https:\/\/xn--huracnpolmicocancnquintanaroo-knc6wmu.com\/?p=14411","title":{"rendered":"\u00bfPor qu\u00e9 el municipio se llama Benito Ju\u00e1rez y no Canc\u00fan? Aqu\u00ed te decimos"},"content":{"rendered":"<div>\n<div class=\"row m-b-15\">\n<div class=\"col-xs-12 col-sm-12 col-md-12 col-lg-12\">\n<h4 class=\"introduction\" style=\"text-align: center;\">En la creaci\u00f3n de los primeros 7 municipios de Quintana Roo, el Congreso Constituyente no us\u00f3 el nombre &#8216;Canc\u00fan&#8217; para la demarcaci\u00f3n.<\/h4>\n<\/div>\n<\/div>\n<\/div>\n<div class=\"row m-b-25\">\n<div class=\"col-xs-12 col-sm-12 col-md-12 col-lg-12 info-extra-new\">\n<p><strong>Canc\u00fan<\/strong>\u00a0est\u00e1 pr\u00f3ximo a cumplir 53 a\u00f1os de existencia, pues la ciudad fue fundada en 1970 en el entonces\u00a0<strong>Territorio de Quintana Roo<\/strong>, antes de que \u00e9ste\u00a0 fuese elevado al rango de Estado Libre y Soberano.<\/p>\n<p>Lo que pocos conocen es por qu\u00e9 el\u00a0Congreso Constituyente del Estado\u00a0decidi\u00f3 bautizar el naciente municipio como\u00a0<strong>Benito Ju\u00e1rez<\/strong>\u00a0y no respetar el nombre de la ciudad, que comenzaba a consolidarse como destino tur\u00edstico de talla internacional.<\/p>\n<p>Como se recordar\u00e1, la Entidad alcanz\u00f3 esta elevaci\u00f3n de categor\u00eda el 8 de octubre de 1974, y fueron siete las primeras demarcaciones territoriales que se crearon en ese entonces, como parte de la divisi\u00f3n pol\u00edtica local.<\/p>\n<div class=\"media-caption\">\n<h2>Fracasos en el cambio de nombre de Benito Ju\u00e1rez a Canc\u00fan<\/h2>\n<div id=\"div-gpt-ad-inread-6435a462d46c1a00143a462d\" data-name=\"inread\" data-size=\"[[336,250], [300,250]]\" data-google-query-id=\"CMH8h46Zpf4CFVBqwQodB90Lyg\">\n<p>Han sido dos los alcaldes que han propuesto el cambio de nombre del municipio a\u00a0<strong>Canc\u00fan<\/strong>, pero no tuvieron \u00e9xito en sus proyectos, debido a las constantes cr\u00edticas por dicha idea, que algunos rechazan.<\/p>\n<p>El primero de ellos fue\u00a0<strong>Gregorio S\u00e1nchez Mart\u00ednez<\/strong>, quien gobern\u00f3 la ciudad del 2008 al 2011, quien indic\u00f3 que el nombre de la demarcaci\u00f3n deb\u00eda ser cambiada, ya que nadie usaba Benito Ju\u00e1rez para identificar la ciudad, pero fracas\u00f3 en su intento.<\/p>\n<p>La segunda, fue la ahora\u00a0<strong>gobernadora de Quintana Roo<\/strong>,\u00a0<strong>Mara Lezama Espinosa<\/strong>, quien dijo, el cambio ser\u00eda para aprovechar al m\u00e1ximo la marca &#8216;Canc\u00fan&#8217;, pero la idea no prosper\u00f3.<\/p>\n<div class=\"media-caption\">\n<h2>Canc\u00fan en textos antiguos<\/h2>\n<p>De acuerdo a\u00a0<strong>Fernando Mart\u00ed<\/strong>, cronista oficial de la ciudad, y los datos recabados por el fallecido periodista\u00a0<strong>Francisco Verdayes Ortiz<\/strong>, las dunas donde se edific\u00f3 la zona hotelera, fueron &#8216;bautizadas&#8217; como\u00a0<strong>Isla Canc\u00fan<\/strong>, nombre que mantiene hasta la actualidad, pero ca\u00eddo en desuso.<\/p>\n<p>Asimismo, dentro de su libro &#8216;Fantas\u00eda de Banqueros&#8217;, Mart\u00ed muestra un\u00a0<strong>mapa de Jean D&#8217;Anville<\/strong>, hecho en 1749, donde se lee el nombre de la \u00ednsula, que fue ensanchada y unida con dos puentes (Calinda y Nizuc) a la masa continental.<\/p>\n<div class=\"media-caption\">\n<p>Adem\u00e1s, el\u00a0<strong>Bar\u00f3n Alexander Humboldt<\/strong>, escribi\u00f3 dentro del tomo 4 de su libro &#8216;<strong>Ensayo Pol\u00edtico de la Nueva Espa\u00f1a<\/strong>&#8216;, el nombre de\u00a0<strong>Isla Canc\u00fan<\/strong>, donde narr\u00f3 que hab\u00edan naufragado algunas personas, as\u00ed como importaci\u00f3n y exportaci\u00f3n de materia prima.<\/p>\n<p>Pese a los debates de si es Canc\u00fam, Can Cun, O Canc\u00fan, la ciudad conserv\u00f3 el \u00faltimo, que es por el que se le conoce de manera mundial, y que, algunos, pensar\u00edan que ser\u00eda el nombre del municipio.<\/p>\n<h2>Benito Ju\u00e1rez &#8216;vs.&#8217; Canc\u00fan<\/h2>\n<p>En su libro, Fernando Mart\u00ed asegur\u00f3 que fue el\u00a0<strong>Congreso Constituyente de Quintana Roo<\/strong>, que a recomendaci\u00f3n del entonces gobernador interino de la Entidad,\u00a0<strong>David Gustavo Guti\u00e9rrez Ruiz<\/strong>\u00a0-quien adem\u00e1s fue el \u00faltimo gobernate del territorio- no usar el nombre Canc\u00fan.<\/p>\n<p>El motivo -que en entrevistas posteriores tambi\u00e9n asegurara Francisco Verdayes- fue porque el mandatario estatal consideraba el nombre muy estadounidense o &#8216;Yanqui&#8217;, por lo que pidi\u00f3 que se usara el nombre de un personaje hist\u00f3rico, siendo electo Benito Ju\u00e1rez.<\/p>\n<p>Hasta ahora, no se ha retomado la idea de proponer una iniciativa para el cambio de nombre del municipio por\u00a0<strong>Canc\u00fan<\/strong>, que permanece m\u00e1s en la mente que el nombre escogido por los diputados constituyentes, entre ellos,\u00a0<strong>Pedro Joaqu\u00edn Coldwell<\/strong>, hermano del exmandatario Carlos Joaqu\u00edn, y quien tambi\u00e9n gobern\u00f3 Quintana Roo.<\/p>\n<div class=\"media-caption\"><\/div>\n<\/div>\n<\/div>\n<\/div>\n<\/div>\n<\/div>\n<\/div>\n","protected":false},"excerpt":{"rendered":"<p>En la creaci\u00f3n de los primeros 7 municipios de Quintana Roo, el Congreso Constituyente no&#8230;<\/p>\n","protected":false},"author":1,"featured_media":14413,"comment_status":"open","ping_status":"closed","sticky":false,"template":"","format":"standard","meta":{"footnotes":""},"categories":[2],"tags":[],"class_list":["post-14411","post","type-post","status-publish","format-standard","has-post-thumbnail","hentry","category-local"],"_links":{"self":[{"href":"https:\/\/xn--huracnpolmicocancnquintanaroo-knc6wmu.com\/index.php?rest_route=\/wp\/v2\/posts\/14411","targetHints":{"allow":["GET"]}}],"collection":[{"href":"https:\/\/xn--huracnpolmicocancnquintanaroo-knc6wmu.com\/index.php?rest_route=\/wp\/v2\/posts"}],"about":[{"href":"https:\/\/xn--huracnpolmicocancnquintanaroo-knc6wmu.com\/index.php?rest_route=\/wp\/v2\/types\/post"}],"author":[{"embeddable":true,"href":"https:\/\/xn--huracnpolmicocancnquintanaroo-knc6wmu.com\/index.php?rest_route=\/wp\/v2\/users\/1"}],"replies":[{"embeddable":true,"href":"https:\/\/xn--huracnpolmicocancnquintanaroo-knc6wmu.com\/index.php?rest_route=%2Fwp%2Fv2%2Fcomments&post=14411"}],"version-history":[{"count":1,"href":"https:\/\/xn--huracnpolmicocancnquintanaroo-knc6wmu.com\/index.php?rest_route=\/wp\/v2\/posts\/14411\/revisions"}],"predecessor-version":[{"id":14412,"href":"https:\/\/xn--huracnpolmicocancnquintanaroo-knc6wmu.com\/index.php?rest_route=\/wp\/v2\/posts\/14411\/revisions\/14412"}],"wp:featuredmedia":[{"embeddable":true,"href":"https:\/\/xn--huracnpolmicocancnquintanaroo-knc6wmu.com\/index.php?rest_route=\/wp\/v2\/media\/14413"}],"wp:attachment":[{"href":"https:\/\/xn--huracnpolmicocancnquintanaroo-knc6wmu.com\/index.php?rest_route=%2Fwp%2Fv2%2Fmedia&parent=14411"}],"wp:term":[{"taxonomy":"category","embeddable":true,"href":"https:\/\/xn--huracnpolmicocancnquintanaroo-knc6wmu.com\/index.php?rest_route=%2Fwp%2Fv2%2Fcategories&post=14411"},{"taxonomy":"post_tag","embeddable":true,"href":"https:\/\/xn--huracnpolmicocancnquintanaroo-knc6wmu.com\/index.php?rest_route=%2Fwp%2Fv2%2Ftags&post=14411"}],"curies":[{"name":"wp","href":"https:\/\/api.w.org\/{rel}","templated":true}]}}