{"id":14456,"date":"2023-04-13T16:47:02","date_gmt":"2023-04-13T21:47:02","guid":{"rendered":"https:\/\/xn--huracnpolmicocancnquintanaroo-knc6wmu.com\/?p=14456"},"modified":"2023-04-13T21:47:03","modified_gmt":"2023-04-13T21:47:03","slug":"que-se-sabe-del-gran-premio-de-cancun-de-f1","status":"publish","type":"post","link":"https:\/\/xn--huracnpolmicocancnquintanaroo-knc6wmu.com\/?p=14456","title":{"rendered":"Qu\u00e9 se sabe del Gran Premio de Canc\u00fan de F1"},"content":{"rendered":"<h4 class=\"d23-article-subheadline left \" style=\"text-align: center;\">Antonio P\u00e9rez, pap\u00e1 de Checo P\u00e9rez, est\u00e1 detr\u00e1s del proyecto para tener una segunda sede del automovilismo mundial en M\u00e9xico<\/h4>\n<div class=\"d23-byline\">\n<p class=\"paragraph\" data-mrf-recirculation=\"Links inline\"><b>M\u00e9xico<\/b>\u00a0se ha convertido en una de las sedes oficiales del calendario de la\u00a0<b>F\u00f3rmula 1<\/b>; sin embargo, la estancia del m\u00e1ximo circuito de velocidad podr\u00eda alargarse m\u00e1s tiempo en tierras mexicanas en los pr\u00f3ximos a\u00f1os, ya que tendr\u00eda una segunda sede, seg\u00fan relat\u00f3\u00a0<b>Antonio P\u00e9rez Garibay<\/b>, pap\u00e1 de\u00a0<i><b>Checo<\/b><\/i><b>\u00a0P\u00e9rez.<\/b><\/p>\n<p class=\"paragraph\" data-mrf-recirculation=\"Links inline\">El diputado federal confirm\u00f3 que est\u00e1 en pie el proyecto del\u00a0<b>Gran Premio de Canc\u00fan<\/b>\u00a0para realizarse a cabo en los pr\u00f3ximos a\u00f1os y as\u00ed llevar a\u00a0<i>Checo<\/i>\u00a0P\u00e9rez como emblema de esta nueva pista y convertirlo en embajador de la presentaci\u00f3n de la nueva competencia de la F1, seg\u00fan detall\u00f3 en una entrevista con el periodista Jos\u00e9 Manuel Escobedo para su canal de YouTube.<\/p>\n<div class=\"inline ad-wrapper\">\n<div class=\"dfpAd ad-inline\"><\/div>\n<\/div>\n<p class=\"paragraph\" data-mrf-recirculation=\"Links inline\">De acuerdo con el pap\u00e1 de Sergio P\u00e9rez, el presidente\u00a0<b>Andr\u00e9s Manuel L\u00f3pez Obrador<\/b>\u00a0ya est\u00e1 informado de la situaci\u00f3n por lo que ser\u00e1 cuesti\u00f3n de dialogar con las autoridades de la F\u00f3rmula 1, as\u00ed como de la Federaci\u00f3n Internacional del Autom\u00f3vil (FIA), para cumplir todos los requerimientos que solicitan para convertir a M\u00e9xico en una sede para la F1.<\/p>\n<p class=\"paragraph\" data-mrf-recirculation=\"Links inline\">Aunque hasta el momento a\u00fan no se conoce en qu\u00e9 fecha podr\u00eda realizarse el\u00a0<b>Gran Premio de Canc\u00fan<\/b>, se espera que est\u00e9 listo para 2025, es decir que en dos a\u00f1os, seg\u00fan precis\u00f3 Antonio P\u00e9rez. Pero, uno de los puntos importantes a destacar es que aclar\u00f3 que todo el proyecto ser\u00e1 financiado por el sector privado.<\/p>\n<div class=\"d23-recommended-card__info\">\n<p class=\"paragraph\" data-mrf-recirculation=\"Links inline\">Es decir que la administraci\u00f3n de los recursos para construir el aut\u00f3dromo donde se correr\u00e1 la carrera, as\u00ed como el resto de los gastos que implica una Gran Premio, se llevar\u00e1n a cabo por los empresarios que est\u00e1n incluidos en el<b>\u00a0proyecto<\/b>, un fondo de inversi\u00f3n nacional y extranjero.<\/p>\n<p class=\"paragraph\" data-mrf-recirculation=\"Links inline\">\u201cLe inform\u00e9 al\u00a0<b>presidente<\/b>\u00a0de la Rep\u00fablica el proyecto, la intenci\u00f3n es que no habr\u00e1 dinero del gobierno federal, no habr\u00e1 del gobierno estatal o municipal en los temas econ\u00f3micos, todo es un fondo de inversi\u00f3n mexicano y extranjero\u201d, agreg\u00f3.<\/p>\n<p class=\"paragraph\" data-mrf-recirculation=\"Links inline\">En cuanto a los terrenos en donde se realizar\u00e1 la construcci\u00f3n, el pap\u00e1 de\u00a0<i>Checo<\/i>\u00a0apunt\u00f3 que se realizar\u00e1n en zonas destinadas por el sector privado, por lo que enfatiz\u00f3 que el gobierno no aportar\u00e1 alg\u00fan recurso. Adem\u00e1s puntualiz\u00f3 que ser\u00e1 para agosto de 2023 cuando tengan una respuesta de la<b>\u00a0FIA<\/b>\u00a0sobre el proyecto.<\/p>\n<p class=\"paragraph\" data-mrf-recirculation=\"Links inline\">\u201cLa tierras donde ser\u00e1n las pistas ser\u00e1n de empresarios, no tiene nada que ver ning\u00fan gobierno, estamos trabajando en el proyecto, ya lo platiqu\u00e9 con el<b>\u00a0presidente de la FIA<\/b>\u00a0y con el\u00a0<b>presidente de la F\u00f3rmula 1<\/b>, vamos en los proceso, yo espero tener las cartas del intenci\u00f3n a m\u00e1s tardar antes de agosto\u201d, explic\u00f3.<\/p>\n<p class=\"paragraph\" data-mrf-recirculation=\"Links inline\">Debido al tiempo que requiere la planeaci\u00f3n de un Gran Premio,\u00a0<b>Antonio P\u00e9rez\u00a0<\/b>explic\u00f3 que si todo marcha bien, para\u00a0<b>2025<\/b>\u00a0se dar\u00eda la primera edici\u00f3n del<b>\u00a0GP de Canc\u00fan<\/b>\u00a0y que durar\u00eda por lo menos cinco primeros a\u00f1os, fecha que condiciona la F1 para tener una sede en su calendario de carreras.<\/p>\n<p class=\"paragraph\" data-mrf-recirculation=\"Links inline\">\u201cDel 2025 al 2030, recuerda que lo tiene que firmar el presidente de M\u00e9xico actual\u201d, agreg\u00f3.<\/p>\n<p class=\"paragraph\" data-mrf-recirculation=\"Links inline\">En relaci\u00f3n al Gran Premio de M\u00e9xico, que se realiza a finales de octubre, el pap\u00e1 de\u00a0<i>Checo<\/i>\u00a0aclar\u00f3 que la competencia en Canc\u00fan no le quitar\u00e1 m\u00e9rito a lo que se realiza en la Ciudad de M\u00e9xico, sino que al contrario, retroalimentar\u00e1 al automovilismo mexicano.<\/p>\n<p class=\"paragraph\" data-mrf-recirculation=\"Links inline\">\u201cAhorita lo m\u00e1s importante es arrancar del 2025 al 2030 el Gran Premio de Canc\u00fan, nunca descuidando el Gran Premio de la Ciudad de M\u00e9xico que quede muy claro, lo m\u00e1s importante para nosotros en todos los sentidos \u2014y para m\u00ed tambi\u00e9n\u2014 es el Gran Premio de M\u00e9xico\u201d, expres\u00f3.<\/p>\n<p class=\"paragraph\" data-mrf-recirculation=\"Links inline\">Por \u00faltimo, Antonio P\u00e9rez expres\u00f3: \u201csi el Gran Premio de M\u00e9xico lo tenemos s\u00f3lido, bien cuadrado, bien estructurado, es como ser\u00e1 el Gran Premio de Canc\u00fan\u201d.<\/p>\n<\/div>\n<\/div>\n","protected":false},"excerpt":{"rendered":"<p>Antonio P\u00e9rez, pap\u00e1 de Checo P\u00e9rez, est\u00e1 detr\u00e1s del proyecto para tener una segunda sede&#8230;<\/p>\n","protected":false},"author":1,"featured_media":14458,"comment_status":"open","ping_status":"closed","sticky":false,"template":"","format":"standard","meta":{"footnotes":""},"categories":[2],"tags":[],"class_list":["post-14456","post","type-post","status-publish","format-standard","has-post-thumbnail","hentry","category-local"],"_links":{"self":[{"href":"https:\/\/xn--huracnpolmicocancnquintanaroo-knc6wmu.com\/index.php?rest_route=\/wp\/v2\/posts\/14456","targetHints":{"allow":["GET"]}}],"collection":[{"href":"https:\/\/xn--huracnpolmicocancnquintanaroo-knc6wmu.com\/index.php?rest_route=\/wp\/v2\/posts"}],"about":[{"href":"https:\/\/xn--huracnpolmicocancnquintanaroo-knc6wmu.com\/index.php?rest_route=\/wp\/v2\/types\/post"}],"author":[{"embeddable":true,"href":"https:\/\/xn--huracnpolmicocancnquintanaroo-knc6wmu.com\/index.php?rest_route=\/wp\/v2\/users\/1"}],"replies":[{"embeddable":true,"href":"https:\/\/xn--huracnpolmicocancnquintanaroo-knc6wmu.com\/index.php?rest_route=%2Fwp%2Fv2%2Fcomments&post=14456"}],"version-history":[{"count":1,"href":"https:\/\/xn--huracnpolmicocancnquintanaroo-knc6wmu.com\/index.php?rest_route=\/wp\/v2\/posts\/14456\/revisions"}],"predecessor-version":[{"id":14457,"href":"https:\/\/xn--huracnpolmicocancnquintanaroo-knc6wmu.com\/index.php?rest_route=\/wp\/v2\/posts\/14456\/revisions\/14457"}],"wp:featuredmedia":[{"embeddable":true,"href":"https:\/\/xn--huracnpolmicocancnquintanaroo-knc6wmu.com\/index.php?rest_route=\/wp\/v2\/media\/14458"}],"wp:attachment":[{"href":"https:\/\/xn--huracnpolmicocancnquintanaroo-knc6wmu.com\/index.php?rest_route=%2Fwp%2Fv2%2Fmedia&parent=14456"}],"wp:term":[{"taxonomy":"category","embeddable":true,"href":"https:\/\/xn--huracnpolmicocancnquintanaroo-knc6wmu.com\/index.php?rest_route=%2Fwp%2Fv2%2Fcategories&post=14456"},{"taxonomy":"post_tag","embeddable":true,"href":"https:\/\/xn--huracnpolmicocancnquintanaroo-knc6wmu.com\/index.php?rest_route=%2Fwp%2Fv2%2Ftags&post=14456"}],"curies":[{"name":"wp","href":"https:\/\/api.w.org\/{rel}","templated":true}]}}