{"id":14459,"date":"2023-04-13T16:48:54","date_gmt":"2023-04-13T21:48:54","guid":{"rendered":"https:\/\/xn--huracnpolmicocancnquintanaroo-knc6wmu.com\/?p=14459"},"modified":"2023-04-13T21:48:55","modified_gmt":"2023-04-13T21:48:55","slug":"cancun-un-minibus-y-no-un-tunel-de-tesla-unira-el-aeropuerto-con-el-tren-maya","status":"publish","type":"post","link":"https:\/\/xn--huracnpolmicocancnquintanaroo-knc6wmu.com\/?p=14459","title":{"rendered":"Canc\u00fan: un minib\u00fas y no un t\u00fanel de Tesla unir\u00e1 el aeropuerto con el Tren Maya"},"content":{"rendered":"<p>El titular de la secretar\u00eda de Infraestructura, Comunicaciones y Transporte, Jorge Nu\u00f1o Lara, confirm\u00f3 que un minib\u00fas el\u00e9ctrico conectar\u00e1 el Aeropuerto Internacional de Canc\u00fan con la termina del Tren Maya en lugar de un t\u00fanel como hab\u00eda adelantado el presidente de M\u00e9xico, Andr\u00e9s Manuel L\u00f3pez Obrador.<\/p>\n<p>El funcionario explic\u00f3 que este veh\u00edculo har\u00e1 paradas en cada una de las cuatro terminales del AIC, y tendr\u00e1 una capacidad para movilizar hasta 14 mil 400 pasajeros al d\u00eda, aunque no se revel\u00f3 a\u00fan la inversi\u00f3n necesaria para este nuevo sistema de transporte.<\/p>\n<p>El minib\u00fas, una r\u00e9plica del que funciona en Ciudad de M\u00e9xico, reducir\u00e1 las emisiones de gases de efecto invernadero, tendr\u00e1 una capacidad m\u00e1xima de 24 pasajeros y correr\u00e1 a una velocidad promedio de 30 kil\u00f3metros por hora.<\/p>\n<p>Como revel\u00f3\u00a0<em>REPORTUR.mx,<\/em>\u00a0el propio L\u00f3pez Obrador dijo que se analizaba la construcci\u00f3n de un t\u00fanel con tecnolog\u00eda de la trasnacional Tesla, propiedad del millonario Elon Musk (Canc\u00fan: Elon Musk podr\u00eda conectar el aeropuerto y el Tren Maya con un t\u00fanel).<\/p>\n<p>\u2018\u2019Utilizar\u00e1 las vialidades internas del Aeropuerto sin salir de \u00e9l, aprovechando la parte de abajo que es donde est\u00e1 el Tren Maya, por lo que estar\u00e1n conectados en un circuito de no m\u00e1s de 20 minutos en veh\u00edculos el\u00e9ctricos\u2019\u2019, detall\u00f3 el funcionario.<\/p>\n","protected":false},"excerpt":{"rendered":"<p>El titular de la secretar\u00eda de Infraestructura, Comunicaciones y Transporte, Jorge Nu\u00f1o Lara, confirm\u00f3 que&#8230;<\/p>\n","protected":false},"author":1,"featured_media":14461,"comment_status":"open","ping_status":"closed","sticky":false,"template":"","format":"standard","meta":{"footnotes":""},"categories":[2],"tags":[],"class_list":["post-14459","post","type-post","status-publish","format-standard","has-post-thumbnail","hentry","category-local"],"_links":{"self":[{"href":"https:\/\/xn--huracnpolmicocancnquintanaroo-knc6wmu.com\/index.php?rest_route=\/wp\/v2\/posts\/14459","targetHints":{"allow":["GET"]}}],"collection":[{"href":"https:\/\/xn--huracnpolmicocancnquintanaroo-knc6wmu.com\/index.php?rest_route=\/wp\/v2\/posts"}],"about":[{"href":"https:\/\/xn--huracnpolmicocancnquintanaroo-knc6wmu.com\/index.php?rest_route=\/wp\/v2\/types\/post"}],"author":[{"embeddable":true,"href":"https:\/\/xn--huracnpolmicocancnquintanaroo-knc6wmu.com\/index.php?rest_route=\/wp\/v2\/users\/1"}],"replies":[{"embeddable":true,"href":"https:\/\/xn--huracnpolmicocancnquintanaroo-knc6wmu.com\/index.php?rest_route=%2Fwp%2Fv2%2Fcomments&post=14459"}],"version-history":[{"count":1,"href":"https:\/\/xn--huracnpolmicocancnquintanaroo-knc6wmu.com\/index.php?rest_route=\/wp\/v2\/posts\/14459\/revisions"}],"predecessor-version":[{"id":14460,"href":"https:\/\/xn--huracnpolmicocancnquintanaroo-knc6wmu.com\/index.php?rest_route=\/wp\/v2\/posts\/14459\/revisions\/14460"}],"wp:featuredmedia":[{"embeddable":true,"href":"https:\/\/xn--huracnpolmicocancnquintanaroo-knc6wmu.com\/index.php?rest_route=\/wp\/v2\/media\/14461"}],"wp:attachment":[{"href":"https:\/\/xn--huracnpolmicocancnquintanaroo-knc6wmu.com\/index.php?rest_route=%2Fwp%2Fv2%2Fmedia&parent=14459"}],"wp:term":[{"taxonomy":"category","embeddable":true,"href":"https:\/\/xn--huracnpolmicocancnquintanaroo-knc6wmu.com\/index.php?rest_route=%2Fwp%2Fv2%2Fcategories&post=14459"},{"taxonomy":"post_tag","embeddable":true,"href":"https:\/\/xn--huracnpolmicocancnquintanaroo-knc6wmu.com\/index.php?rest_route=%2Fwp%2Fv2%2Ftags&post=14459"}],"curies":[{"name":"wp","href":"https:\/\/api.w.org\/{rel}","templated":true}]}}