{"id":14525,"date":"2023-04-15T11:37:41","date_gmt":"2023-04-15T16:37:41","guid":{"rendered":"https:\/\/xn--huracnpolmicocancnquintanaroo-knc6wmu.com\/?p=14525"},"modified":"2023-04-15T16:37:42","modified_gmt":"2023-04-15T16:37:42","slug":"marca-inauguracion-de-parque-cancun-inicio-de-festejos-568348","status":"publish","type":"post","link":"https:\/\/xn--huracnpolmicocancnquintanaroo-knc6wmu.com\/?p=14525","title":{"rendered":"Marca inauguraci\u00f3n de Parque Canc\u00fan inicio de festejos 568348"},"content":{"rendered":"<ul>\n<li><strong><em>El Parque Canc\u00fan cont\u00f3 con una inversi\u00f3n aproximada de 150 millones de pesos, 60 por ciento de inversi\u00f3n privada y 40% de inversi\u00f3n p\u00fablica.<\/em><\/strong><\/li>\n<\/ul>\n<p>En el marco del 53 aniversario de Canc\u00fan, la gobernadora Mara Lezama y la presidenta municipal de Benito Ju\u00e1rez, Ana Patricia Peralta de la Pe\u00f1a, inauguraron el Parque Canc\u00fan, el cual expresaron esperan que sea un espacio para promover la convivencia familiar, el deporte y ayude a construir un Canc\u00fan de Paz.<\/p>\n<p>El nuevo parque p\u00fablico tiene una dimensi\u00f3n de 242 hect\u00e1reas, 106 de ellas fueron donadas por el Fondo Nacional de Fomento al Turismo y otras 136 fueron otorgadas mediante convenio por la Comisi\u00f3n Nacional de \u00c1reas Naturales Protegidas, las cuales formaban parte del primer basurero municipal.<\/p>\n<p>La gobernadora Mara Lezama destac\u00f3 en este punto el gran trabajo de todos los involucrados, especialmente de los integrantes del Patronato Parque Canc\u00fan, con quienes se trabajo para lograr que el Parque Canc\u00fan fuera una realidad, limpiando y revegetando la zona, que hoy es el primer parque p\u00fablico de esta dimensi\u00f3n con una pol\u00edtica de \u2018Basura Cero\u2019.<\/p>\n<p>\u201cEl parque Canc\u00fan era un basurero y no puede volver a serlo, tiene que ser una muestra del \u2018S\u00ed se puede\u2019, tiene que ser una muestra de lo que hacemos los seres humanos buenos, que los buenos somos mucho m\u00e1s cuando nos tomamos de la mano y por eso bajo hoy a rendirle homenaje a ustedes, no me resta m\u00e1s que agradecerles desde el fondo de mi coraz\u00f3n, porque lo que han hecho aqu\u00ed durante tantos a\u00f1os desde que inici\u00f3 el Patronato es un legado para poder recuperar el tejido social\u201d, expres\u00f3 la gobernadora.<\/p>\n<p>En este sentido de la pol\u00edtica de \u2018basura cero\u2019, Peralta de la Pe\u00f1a explic\u00f3 que se trata de una pol\u00edtica donde el parque no cuenta con ning\u00fan bote de basura, sino que se le pide a la ciudadan\u00eda evitar traer empaques o pl\u00e1sticos de un solo uso, as\u00ed como llevarse consigo la basura que generen, para cuidar de los espacios p\u00fablicos.<\/p>\n<p>\u201cParque Canc\u00fan es el mejor ejemplo de que cuando trabajamos juntos y sembramos esperanza cosechamos bienestar, pero este parque no solo es un espacio para el disfrute y la relajaci\u00f3n, es un espacio que nos recuerda la importancia de cuidar nuestro medio ambiente y nuestras \u00e1reas naturales protegidas, con su sello \u2018Basura Cero\u2019 que nos convierte en ejemplo nacional, el Parque Canc\u00fan nos invita a ser responsables y comprometidos con nuestro planeta\u201d, declar\u00f3 la presidenta municipal.<\/p>\n<p>Cabe mencionar que, al mes de diciembre de 2022, el Parque Canc\u00fan cont\u00f3 con una inversi\u00f3n aproximada de 150 millones de pesos, 60 por ciento de inversi\u00f3n privada y 40 por ciento de inversi\u00f3n p\u00fablica federal, estatal y municipal, as\u00ed como m\u00faltiples donativos en especie, desde materiales de construcci\u00f3n, mano de obra y jardiner\u00eda.<\/p>\n<p>El Parque Canc\u00fan cuenta con 4 grandes circuitos: El circuito deportivo, circuito de cultura, circuito de educaci\u00f3n y el circuito infantil. Estos circuitos se componen a su vez de 15 jardines, incluyendo el de la Meditaci\u00f3n, de la Evoluci\u00f3n, Planetario, la Palapa de Educaci\u00f3n Ambiental, el Jard\u00edn sobre Ruedas, la ciclov\u00eda, el andador, el mirador, el Jard\u00edn de los Aluxes y el Jard\u00edn Ajedrez.<\/p>\n<p>El parque opera de martes a s\u00e1bado de 7 a 10 de la ma\u00f1ana y de 4 de la tarde a 7 de la noche, mientras que los domingos abre de 9 de la ma\u00f1ana a 2 de la tarde. Dicho horario es temporal, mientras est\u00e1n los trabajos del bulevar Luis Donaldo Colosio y el Puente Vehicular Nichupt\u00e9.<\/p>\n<p>Finalmente, la ciudadan\u00eda interesada en asistir al Parque Canc\u00fan puede realizar su registro, ya sea en el mismo parque o con antelaci\u00f3n a trav\u00e9s de la p\u00e1gina\u00a0<a href=\"https:\/\/parquecancun.com\/registro\">https:\/\/parquecancun.com\/registro<\/a>.<\/p>\n","protected":false},"excerpt":{"rendered":"<p>El Parque Canc\u00fan cont\u00f3 con una inversi\u00f3n aproximada de 150 millones de pesos, 60 por&#8230;<\/p>\n","protected":false},"author":1,"featured_media":14527,"comment_status":"open","ping_status":"closed","sticky":false,"template":"","format":"standard","meta":{"footnotes":""},"categories":[2],"tags":[],"class_list":["post-14525","post","type-post","status-publish","format-standard","has-post-thumbnail","hentry","category-local"],"_links":{"self":[{"href":"https:\/\/xn--huracnpolmicocancnquintanaroo-knc6wmu.com\/index.php?rest_route=\/wp\/v2\/posts\/14525","targetHints":{"allow":["GET"]}}],"collection":[{"href":"https:\/\/xn--huracnpolmicocancnquintanaroo-knc6wmu.com\/index.php?rest_route=\/wp\/v2\/posts"}],"about":[{"href":"https:\/\/xn--huracnpolmicocancnquintanaroo-knc6wmu.com\/index.php?rest_route=\/wp\/v2\/types\/post"}],"author":[{"embeddable":true,"href":"https:\/\/xn--huracnpolmicocancnquintanaroo-knc6wmu.com\/index.php?rest_route=\/wp\/v2\/users\/1"}],"replies":[{"embeddable":true,"href":"https:\/\/xn--huracnpolmicocancnquintanaroo-knc6wmu.com\/index.php?rest_route=%2Fwp%2Fv2%2Fcomments&post=14525"}],"version-history":[{"count":1,"href":"https:\/\/xn--huracnpolmicocancnquintanaroo-knc6wmu.com\/index.php?rest_route=\/wp\/v2\/posts\/14525\/revisions"}],"predecessor-version":[{"id":14526,"href":"https:\/\/xn--huracnpolmicocancnquintanaroo-knc6wmu.com\/index.php?rest_route=\/wp\/v2\/posts\/14525\/revisions\/14526"}],"wp:featuredmedia":[{"embeddable":true,"href":"https:\/\/xn--huracnpolmicocancnquintanaroo-knc6wmu.com\/index.php?rest_route=\/wp\/v2\/media\/14527"}],"wp:attachment":[{"href":"https:\/\/xn--huracnpolmicocancnquintanaroo-knc6wmu.com\/index.php?rest_route=%2Fwp%2Fv2%2Fmedia&parent=14525"}],"wp:term":[{"taxonomy":"category","embeddable":true,"href":"https:\/\/xn--huracnpolmicocancnquintanaroo-knc6wmu.com\/index.php?rest_route=%2Fwp%2Fv2%2Fcategories&post=14525"},{"taxonomy":"post_tag","embeddable":true,"href":"https:\/\/xn--huracnpolmicocancnquintanaroo-knc6wmu.com\/index.php?rest_route=%2Fwp%2Fv2%2Ftags&post=14525"}],"curies":[{"name":"wp","href":"https:\/\/api.w.org\/{rel}","templated":true}]}}