{"id":14561,"date":"2023-04-16T14:33:14","date_gmt":"2023-04-16T19:33:14","guid":{"rendered":"https:\/\/xn--huracnpolmicocancnquintanaroo-knc6wmu.com\/?p=14561"},"modified":"2023-04-16T19:33:15","modified_gmt":"2023-04-16T19:33:15","slug":"cancun-nominado-en-los-world-travel-awards-2023-anuncia-ana-patricia-peralta","status":"publish","type":"post","link":"https:\/\/xn--huracnpolmicocancnquintanaroo-knc6wmu.com\/?p=14561","title":{"rendered":"Canc\u00fan, nominado en los World Travel Awards 2023, anuncia Ana Patricia Peralta"},"content":{"rendered":"<h4 style=\"text-align: center;\"><span class=\"-cxx-05\">El gobierno municipal invita a la ciudadan\u00eda, votar a favor del destino, en sus cinco nominaciones de los \u201cpremios Oscar del turismo mundial\u201d<\/span><\/h4>\n<p>La presidenta municipal de Benito Ju\u00e1rez (Canc\u00fan), Quintana Roo, Ana Paty Peralta inform\u00f3 que Canc\u00fan se encuentra nominado en cinco categor\u00edas de los World Travel Awards en su edici\u00f3n 2023, posicion\u00e1ndolo como uno de los principales destinos tur\u00edsticos para vacacionar, quien destaca el orgullo cancunense en el marco del 53 aniversario de su fundaci\u00f3n.<\/p>\n<div class=\"__lxG__double __lxG__not_empty_block\">\n<div id=\"lx_625111\" class=\"__lxG__multi __lxG__multi_lx_625111 __lxG__geo_us __lxG__size_fixed __lxG__not_empty_block\" data-cnt=\"1\" data-width=\"336\" data-height=\"280\">\n<div id=\"div-gpt-ad-21747106326-1\" data-google-query-id=\"CPG0_JGSr_4CFQnstQod__MAxA\">\n<p>La funcionaria subray\u00f3 que gracias al humanismo, unidad y calidad en el servicio de sus habitantes, Canc\u00fan recibi\u00f3 estas cinco nominaciones que reflejan la calidad en el servicio para los turistas nacionales, extranjeros e internacionales.<\/p>\n<p>En esta edici\u00f3n 2023, las categor\u00edas a competir son: Destino de playa l\u00edder en M\u00e9xico y Centroam\u00e9rica 2023; Destino de viajes de negocios l\u00edder en M\u00e9xico y Am\u00e9rica Central 2023; Destino de escapada urbana l\u00edder en M\u00e9xico y Am\u00e9rica Central 2023; Destino Ciudad L\u00edder de M\u00e9xico y Centroam\u00e9rica 2023; y Destino l\u00edder de reuniones y conferencias en M\u00e9xico y Centroam\u00e9rica 2023.<\/p>\n<p>Adem\u00e1s de las cinco nominaciones, tambi\u00e9n fue nominado el Aeropuerto Internacional de Canc\u00fan en la categor\u00eda Aeropuerto L\u00edder en el Mundo 2023; el Centro de Convenciones en categor\u00eda Centro de conferencias y reuniones l\u00edder en el mundo 2023; as\u00ed como diversos complejos hoteleros, agencias de viajes y tours.<\/p>\n<p>Asimismo, la presidenta municipal hizo una extensa invitaci\u00f3n a las y los ciudadanos, empresarios, y prestadores de servicios a que se registren en el link\u00a0<a href=\"https:\/\/www.worldtravelawards.com\/vote\">https:\/\/www.worldtravelawards.com\/vote<\/a>\u00a0y voten por Canc\u00fan en las diversas nominaciones de los \u201cpremios Oscar del turismo mundial\u201d, reiterando que la recepci\u00f3n de votos cierran el pr\u00f3ximo 09 de julio de 2023.<\/p>\n<\/div>\n<\/div>\n<\/div>\n","protected":false},"excerpt":{"rendered":"<p>El gobierno municipal invita a la ciudadan\u00eda, votar a favor del destino, en sus cinco&#8230;<\/p>\n","protected":false},"author":1,"featured_media":14563,"comment_status":"open","ping_status":"closed","sticky":false,"template":"","format":"standard","meta":{"footnotes":""},"categories":[2],"tags":[],"class_list":["post-14561","post","type-post","status-publish","format-standard","has-post-thumbnail","hentry","category-local"],"_links":{"self":[{"href":"https:\/\/xn--huracnpolmicocancnquintanaroo-knc6wmu.com\/index.php?rest_route=\/wp\/v2\/posts\/14561","targetHints":{"allow":["GET"]}}],"collection":[{"href":"https:\/\/xn--huracnpolmicocancnquintanaroo-knc6wmu.com\/index.php?rest_route=\/wp\/v2\/posts"}],"about":[{"href":"https:\/\/xn--huracnpolmicocancnquintanaroo-knc6wmu.com\/index.php?rest_route=\/wp\/v2\/types\/post"}],"author":[{"embeddable":true,"href":"https:\/\/xn--huracnpolmicocancnquintanaroo-knc6wmu.com\/index.php?rest_route=\/wp\/v2\/users\/1"}],"replies":[{"embeddable":true,"href":"https:\/\/xn--huracnpolmicocancnquintanaroo-knc6wmu.com\/index.php?rest_route=%2Fwp%2Fv2%2Fcomments&post=14561"}],"version-history":[{"count":1,"href":"https:\/\/xn--huracnpolmicocancnquintanaroo-knc6wmu.com\/index.php?rest_route=\/wp\/v2\/posts\/14561\/revisions"}],"predecessor-version":[{"id":14562,"href":"https:\/\/xn--huracnpolmicocancnquintanaroo-knc6wmu.com\/index.php?rest_route=\/wp\/v2\/posts\/14561\/revisions\/14562"}],"wp:featuredmedia":[{"embeddable":true,"href":"https:\/\/xn--huracnpolmicocancnquintanaroo-knc6wmu.com\/index.php?rest_route=\/wp\/v2\/media\/14563"}],"wp:attachment":[{"href":"https:\/\/xn--huracnpolmicocancnquintanaroo-knc6wmu.com\/index.php?rest_route=%2Fwp%2Fv2%2Fmedia&parent=14561"}],"wp:term":[{"taxonomy":"category","embeddable":true,"href":"https:\/\/xn--huracnpolmicocancnquintanaroo-knc6wmu.com\/index.php?rest_route=%2Fwp%2Fv2%2Fcategories&post=14561"},{"taxonomy":"post_tag","embeddable":true,"href":"https:\/\/xn--huracnpolmicocancnquintanaroo-knc6wmu.com\/index.php?rest_route=%2Fwp%2Fv2%2Ftags&post=14561"}],"curies":[{"name":"wp","href":"https:\/\/api.w.org\/{rel}","templated":true}]}}