{"id":14670,"date":"2023-04-19T16:43:53","date_gmt":"2023-04-19T21:43:53","guid":{"rendered":"https:\/\/xn--huracnpolmicocancnquintanaroo-knc6wmu.com\/?p=14670"},"modified":"2023-04-19T21:43:54","modified_gmt":"2023-04-19T21:43:54","slug":"en-cancun-se-llevara-a-cabo-la-primera-feria-internacional-de-libro","status":"publish","type":"post","link":"https:\/\/xn--huracnpolmicocancnquintanaroo-knc6wmu.com\/?p=14670","title":{"rendered":"En Canc\u00fan se llevar\u00e1 a cabo la primera Feria Internacional de Libro"},"content":{"rendered":"<div class=\"ql-align-justify\">El d\u00eda s\u00e1bado 22 y domingo 23 se estar\u00e1 llevando a cabo en Canc\u00fan, la Primera Feria Internacional del Libro Canc\u00fan 2023, en donde se buscar\u00e1 resaltar la cultura maya por medio de las obras de gente de la ciudad, del estado y de toda la regi\u00f3n.<\/div>\n<div class=\"ql-align-justify\"><\/div>\n<div class=\"ql-align-justify\">A esta primera feria le est\u00e1n poniendo mucho empe\u00f1o, pues se sabe que en Canc\u00fan es una ciudad con un promedio de menos de medio libro le\u00eddo al a\u00f1o por persona.<\/div>\n<div class=\"ql-align-justify\"><\/div>\n<div class=\"ql-align-justify\">Cabe resaltar que Canc\u00fan es una ciudad con 53 a\u00f1os de haberse creado y en comparaci\u00f3n con otras ciudades en donde se hacen ferias del libro, como Guadalajara y Monterrey con casi 500 a\u00f1os de historia, la nueva urbe tiene con qu\u00e9 competir pues la Cultura Maya es el gran respaldo y por supuesto el turismo y la conectividad que ha facilitado traer el pa\u00eds y el estado anfitri\u00f3n en esta primera edici\u00f3n.<\/div>\n<div class=\"ql-align-justify\"><\/div>\n<div class=\"ql-align-justify\">En la feria hay programadas 42 actividades a realizarse durante los dos d\u00edas en donde habr\u00e1 hasta demostraci\u00f3n de juego de pelota, herencia del patrimonio maya, adem\u00e1s se espera la participaci\u00f3n de reconocidos escritores que engalanar\u00e1n con su presencia.<\/div>\n","protected":false},"excerpt":{"rendered":"<p>El d\u00eda s\u00e1bado 22 y domingo 23 se estar\u00e1 llevando a cabo en Canc\u00fan, la&#8230;<\/p>\n","protected":false},"author":1,"featured_media":14672,"comment_status":"open","ping_status":"closed","sticky":false,"template":"","format":"standard","meta":{"footnotes":""},"categories":[2],"tags":[],"class_list":["post-14670","post","type-post","status-publish","format-standard","has-post-thumbnail","hentry","category-local"],"_links":{"self":[{"href":"https:\/\/xn--huracnpolmicocancnquintanaroo-knc6wmu.com\/index.php?rest_route=\/wp\/v2\/posts\/14670","targetHints":{"allow":["GET"]}}],"collection":[{"href":"https:\/\/xn--huracnpolmicocancnquintanaroo-knc6wmu.com\/index.php?rest_route=\/wp\/v2\/posts"}],"about":[{"href":"https:\/\/xn--huracnpolmicocancnquintanaroo-knc6wmu.com\/index.php?rest_route=\/wp\/v2\/types\/post"}],"author":[{"embeddable":true,"href":"https:\/\/xn--huracnpolmicocancnquintanaroo-knc6wmu.com\/index.php?rest_route=\/wp\/v2\/users\/1"}],"replies":[{"embeddable":true,"href":"https:\/\/xn--huracnpolmicocancnquintanaroo-knc6wmu.com\/index.php?rest_route=%2Fwp%2Fv2%2Fcomments&post=14670"}],"version-history":[{"count":1,"href":"https:\/\/xn--huracnpolmicocancnquintanaroo-knc6wmu.com\/index.php?rest_route=\/wp\/v2\/posts\/14670\/revisions"}],"predecessor-version":[{"id":14671,"href":"https:\/\/xn--huracnpolmicocancnquintanaroo-knc6wmu.com\/index.php?rest_route=\/wp\/v2\/posts\/14670\/revisions\/14671"}],"wp:featuredmedia":[{"embeddable":true,"href":"https:\/\/xn--huracnpolmicocancnquintanaroo-knc6wmu.com\/index.php?rest_route=\/wp\/v2\/media\/14672"}],"wp:attachment":[{"href":"https:\/\/xn--huracnpolmicocancnquintanaroo-knc6wmu.com\/index.php?rest_route=%2Fwp%2Fv2%2Fmedia&parent=14670"}],"wp:term":[{"taxonomy":"category","embeddable":true,"href":"https:\/\/xn--huracnpolmicocancnquintanaroo-knc6wmu.com\/index.php?rest_route=%2Fwp%2Fv2%2Fcategories&post=14670"},{"taxonomy":"post_tag","embeddable":true,"href":"https:\/\/xn--huracnpolmicocancnquintanaroo-knc6wmu.com\/index.php?rest_route=%2Fwp%2Fv2%2Ftags&post=14670"}],"curies":[{"name":"wp","href":"https:\/\/api.w.org\/{rel}","templated":true}]}}