{"id":14717,"date":"2023-04-20T19:58:33","date_gmt":"2023-04-21T00:58:33","guid":{"rendered":"https:\/\/xn--huracnpolmicocancnquintanaroo-knc6wmu.com\/?p=14717"},"modified":"2023-04-21T00:58:34","modified_gmt":"2023-04-21T00:58:34","slug":"cancun-cumple-53-anos-con-cifras-record-en-turismo","status":"publish","type":"post","link":"https:\/\/xn--huracnpolmicocancnquintanaroo-knc6wmu.com\/?p=14717","title":{"rendered":"Canc\u00fan cumple 53 a\u00f1os con cifras r\u00e9cord en turismo"},"content":{"rendered":"<div class=\"jsx-3315747106 \">\n<p>Canc\u00fan celebra su 53 aniversario con un crecimiento tur\u00edstico por encima de su r\u00e9cord hist\u00f3rico, alcanzado el a\u00f1o pasado, y con el Aeropuerto Internacional movilizando 8.4 millones de pasajeros en el primer trimestre de este a\u00f1o.<\/p>\n<\/div>\n<div class=\"jsx-1921398030 newsbody\">\n<div class=\"jsx-670345696 share fixed\">\n<div class=\"jsx-670345696 \">Canc\u00fan, QRoo.- Canc\u00fan cumple su 53 aniversario con cifras de crecimiento tur\u00edstico por arriba de su r\u00e9cord hist\u00f3rico alcanzado apenas el a\u00f1o pasado.<\/div>\n<\/div>\n<div class=\"jsx-1921398030\">\n<div class=\"jsx-1020194127\">\n<p class=\"jsx-3954459878\">El\u00a0<strong>Aeropuerto Internacional de Canc\u00fan<\/strong>\u00a0moviliz\u00f3 al cierre del primer trimestre del presente a\u00f1o un total de\u00a08.4 millones de pasajeros, contra los 7 millones que moviliz\u00f3 en el mismo periodo de 2022, a\u00f1o en el que se impuso el r\u00e9cord de 30.3 millones de pasajeros.<\/p>\n<p class=\"jsx-3954459878\">Es decir, que Canc\u00fan a\u00fan sigue creciendo por arriba de ese r\u00e9cord m\u00e1ximo.<\/p>\n<p class=\"jsx-3954459878\">Seg\u00fan cifras de la Secretar\u00eda de Turismo federal, los principales pa\u00edses en llegadas de turistas internacionales v\u00eda a\u00e9rea a M\u00e9xico de enero a febrero de 2023, fueron Estados Unidos, Canad\u00e1 y Colombia, con 2 millones 836,000 turistas; esto es 24.3% m\u00e1s respecto al mismo lapso de 2022, y superando tambi\u00e9n un 15.1% los 2,463,000 mil turistas de 2019.<\/p>\n<p class=\"jsx-3954459878\">Del mercado estadounidense, Canc\u00fan capt\u00f3 771,742 viajeros, es decir, 37.5% respecto de los 2 millones 056,143 norteamericanos que llegaron a nuestro pa\u00eds en el periodo enero-febrero de este a\u00f1o. El segundo sitio es para Los Cabos que capt\u00f3 348,438 ciudadanos de ese pa\u00eds, es decir, 16.9%, menos de la mitad de lo captado por el Caribe mexicano.<\/p>\n<p class=\"jsx-3954459878\">El total de canadienses fue de 663,740, de los cuales Canc\u00fan capt\u00f3 335,256 viajero, es decir,50.2%; seguido de Puerto Vallarta con 156,973, es decir, 23.6%.<\/p>\n<p class=\"jsx-3954459878\">Por \u00faltimo, el n\u00famero de colombianos en el primer bimestre del a\u00f1o fue de 116,387; de ese total arribaron a Canc\u00fan 51,826, es decir, 44.5%<\/p>\n<p class=\"jsx-3954459878\">\nAgencias como Despegar ubican a\u00a0Canc\u00fan como l\u00edder tur\u00edstico en Latinoam\u00e9rica, con crecimiento de doble d\u00edgito en reservaciones durante 2022 y primer lugar entre los destinos m\u00e1s buscados.<\/p>\n<p class=\"jsx-3954459878\">PAra el cierre de 2023, a\u00f1o del 53 aniversario de Canc\u00fan se espera que crezca a una tasa de 4% respecto de 2022 en cuanto a volumen de turistas de pernocta.<\/p>\n<\/div>\n<\/div>\n<\/div>\n","protected":false},"excerpt":{"rendered":"<p>Canc\u00fan celebra su 53 aniversario con un crecimiento tur\u00edstico por encima de su r\u00e9cord hist\u00f3rico,&#8230;<\/p>\n","protected":false},"author":1,"featured_media":14719,"comment_status":"open","ping_status":"closed","sticky":false,"template":"","format":"standard","meta":{"footnotes":""},"categories":[2],"tags":[],"class_list":["post-14717","post","type-post","status-publish","format-standard","has-post-thumbnail","hentry","category-local"],"_links":{"self":[{"href":"https:\/\/xn--huracnpolmicocancnquintanaroo-knc6wmu.com\/index.php?rest_route=\/wp\/v2\/posts\/14717","targetHints":{"allow":["GET"]}}],"collection":[{"href":"https:\/\/xn--huracnpolmicocancnquintanaroo-knc6wmu.com\/index.php?rest_route=\/wp\/v2\/posts"}],"about":[{"href":"https:\/\/xn--huracnpolmicocancnquintanaroo-knc6wmu.com\/index.php?rest_route=\/wp\/v2\/types\/post"}],"author":[{"embeddable":true,"href":"https:\/\/xn--huracnpolmicocancnquintanaroo-knc6wmu.com\/index.php?rest_route=\/wp\/v2\/users\/1"}],"replies":[{"embeddable":true,"href":"https:\/\/xn--huracnpolmicocancnquintanaroo-knc6wmu.com\/index.php?rest_route=%2Fwp%2Fv2%2Fcomments&post=14717"}],"version-history":[{"count":1,"href":"https:\/\/xn--huracnpolmicocancnquintanaroo-knc6wmu.com\/index.php?rest_route=\/wp\/v2\/posts\/14717\/revisions"}],"predecessor-version":[{"id":14718,"href":"https:\/\/xn--huracnpolmicocancnquintanaroo-knc6wmu.com\/index.php?rest_route=\/wp\/v2\/posts\/14717\/revisions\/14718"}],"wp:featuredmedia":[{"embeddable":true,"href":"https:\/\/xn--huracnpolmicocancnquintanaroo-knc6wmu.com\/index.php?rest_route=\/wp\/v2\/media\/14719"}],"wp:attachment":[{"href":"https:\/\/xn--huracnpolmicocancnquintanaroo-knc6wmu.com\/index.php?rest_route=%2Fwp%2Fv2%2Fmedia&parent=14717"}],"wp:term":[{"taxonomy":"category","embeddable":true,"href":"https:\/\/xn--huracnpolmicocancnquintanaroo-knc6wmu.com\/index.php?rest_route=%2Fwp%2Fv2%2Fcategories&post=14717"},{"taxonomy":"post_tag","embeddable":true,"href":"https:\/\/xn--huracnpolmicocancnquintanaroo-knc6wmu.com\/index.php?rest_route=%2Fwp%2Fv2%2Ftags&post=14717"}],"curies":[{"name":"wp","href":"https:\/\/api.w.org\/{rel}","templated":true}]}}