{"id":14778,"date":"2023-04-22T15:45:57","date_gmt":"2023-04-22T20:45:57","guid":{"rendered":"https:\/\/xn--huracnpolmicocancnquintanaroo-knc6wmu.com\/?p=14778"},"modified":"2023-04-22T20:45:58","modified_gmt":"2023-04-22T20:45:58","slug":"conoce-el-programa-de-la-primera-feria-internacional-del-libro-cancun-2023","status":"publish","type":"post","link":"https:\/\/xn--huracnpolmicocancnquintanaroo-knc6wmu.com\/?p=14778","title":{"rendered":"Conoce el programa de la Primera Feria Internacional del Libro Canc\u00fan 2023"},"content":{"rendered":"<div class=\"newsfull__excerpt\">\n<h4 style=\"text-align: center;\">Hoy inicia la Primera Feria Internacional del Libro Canc\u00fan 2023 con un programa cultural muy completo para todas las edades<\/h4>\n<\/div>\n<div class=\"newsfull__line\">\n<div class=\"newsfull__author--media\">\n<p>El\u00a0<strong>programa<\/strong>\u00a0de la\u00a0<strong>Primera Feria Internacional del Libro Canc\u00fan 2023<\/strong>, llega con una incre\u00edble variedad de obras de escritores locales y nacionales, as\u00ed como de actividades, talleres y conferencias, en las que se resaltar\u00e1 a la cultura maya.<\/p>\n<div class=\"banner hide--mobile\">\n<p>Si bien este destino del\u00a0Caribe Mexicano\u00a0no es conocido por ser una ciudad literaria, este evento brinda una oportunidad \u00fanica para la ciudad de ofrecer una experiencia cultural diferente a sus visitantes.<\/p>\n<p>Conoce las actividades, cu\u00e1ndo y d\u00f3nde se van a realizar.<\/p>\n<p>El\u00a0<strong>programa<\/strong>\u00a0de la\u00a0<strong>Primera Feria Internacional del Libro Canc\u00fan 2023<\/strong>, tiene como objetivo principal destacar la\u00a0cultura maya, por medio de las obras de los escritores locales.<\/p>\n<p>Est\u00e1 organizada por Pablo Mart\u00ednez de la Asociaci\u00f3n Centro de Apoyo a Ind\u00edgenas Migrantes, quien resalta la importancia de tener un evento que promueva el turismo cultural en Canc\u00fan.<\/p>\n<p>Entre los autores que se presentar\u00e1n, se encuentran el doctor Fidencio Grise\u00f1o, director del Instituto Nacional de Lenguas Ind\u00edgenas, el maestro Hilario Chi Canul, catedr\u00e1tico de la Universidad de\u00a0Quintana Roo, Patricia Chan, entre otros.<\/p>\n<p>Adem\u00e1s, se presentar\u00e1n obras de autores como Carlos A. Cosgaya, Joaqu\u00edn Ventura, Ra\u00fal Ortega Alfonso, Oscar Reyes y Tiziana Roma.<\/p>\n<p>La feria ofrecer\u00e1 cerca de 20 t\u00edtulos diferentes de escritores mayas, que podr\u00e1n ser adquiridos en papel o en formato digital.<\/p>\n<p>Los invitados especiales ser\u00e1n Michoac\u00e1n como estado, y Chile como pa\u00eds.<\/p>\n<p>Adem\u00e1s, habr\u00e1 demostraciones de juegos de pelota, herencia del patrimonio maya, y otras actividades culturales como se indica a continuaci\u00f3n:<\/p>\n<h2>\u00bfCu\u00e1ndo y d\u00f3nde se llevar\u00e1 a cabo la Primera Feria Internacional del Libro Canc\u00fan 2023?<\/h2>\n<p>La\u00a0<strong>Primera Feria Internacional del Libro Canc\u00fan 2023<\/strong>\u00a0se llevar\u00e1 a cabo el 22 y el 23 de abril, en las instalaciones del Planetario Ka \u0301Yok \u0301.<\/p>\n<p>Se ubica atr\u00e1s del complejo comercial donde est\u00e1n Walmart y Sam&#8217;s del centro de la ciudad.<\/p>\n<\/div>\n<\/div>\n<\/div>\n","protected":false},"excerpt":{"rendered":"<p>Hoy inicia la Primera Feria Internacional del Libro Canc\u00fan 2023 con un programa cultural muy&#8230;<\/p>\n","protected":false},"author":1,"featured_media":14780,"comment_status":"open","ping_status":"closed","sticky":false,"template":"","format":"standard","meta":{"footnotes":""},"categories":[2],"tags":[],"class_list":["post-14778","post","type-post","status-publish","format-standard","has-post-thumbnail","hentry","category-local"],"_links":{"self":[{"href":"https:\/\/xn--huracnpolmicocancnquintanaroo-knc6wmu.com\/index.php?rest_route=\/wp\/v2\/posts\/14778","targetHints":{"allow":["GET"]}}],"collection":[{"href":"https:\/\/xn--huracnpolmicocancnquintanaroo-knc6wmu.com\/index.php?rest_route=\/wp\/v2\/posts"}],"about":[{"href":"https:\/\/xn--huracnpolmicocancnquintanaroo-knc6wmu.com\/index.php?rest_route=\/wp\/v2\/types\/post"}],"author":[{"embeddable":true,"href":"https:\/\/xn--huracnpolmicocancnquintanaroo-knc6wmu.com\/index.php?rest_route=\/wp\/v2\/users\/1"}],"replies":[{"embeddable":true,"href":"https:\/\/xn--huracnpolmicocancnquintanaroo-knc6wmu.com\/index.php?rest_route=%2Fwp%2Fv2%2Fcomments&post=14778"}],"version-history":[{"count":1,"href":"https:\/\/xn--huracnpolmicocancnquintanaroo-knc6wmu.com\/index.php?rest_route=\/wp\/v2\/posts\/14778\/revisions"}],"predecessor-version":[{"id":14779,"href":"https:\/\/xn--huracnpolmicocancnquintanaroo-knc6wmu.com\/index.php?rest_route=\/wp\/v2\/posts\/14778\/revisions\/14779"}],"wp:featuredmedia":[{"embeddable":true,"href":"https:\/\/xn--huracnpolmicocancnquintanaroo-knc6wmu.com\/index.php?rest_route=\/wp\/v2\/media\/14780"}],"wp:attachment":[{"href":"https:\/\/xn--huracnpolmicocancnquintanaroo-knc6wmu.com\/index.php?rest_route=%2Fwp%2Fv2%2Fmedia&parent=14778"}],"wp:term":[{"taxonomy":"category","embeddable":true,"href":"https:\/\/xn--huracnpolmicocancnquintanaroo-knc6wmu.com\/index.php?rest_route=%2Fwp%2Fv2%2Fcategories&post=14778"},{"taxonomy":"post_tag","embeddable":true,"href":"https:\/\/xn--huracnpolmicocancnquintanaroo-knc6wmu.com\/index.php?rest_route=%2Fwp%2Fv2%2Ftags&post=14778"}],"curies":[{"name":"wp","href":"https:\/\/api.w.org\/{rel}","templated":true}]}}