{"id":14796,"date":"2023-04-23T13:40:36","date_gmt":"2023-04-23T18:40:36","guid":{"rendered":"https:\/\/xn--huracnpolmicocancnquintanaroo-knc6wmu.com\/?p=14796"},"modified":"2023-04-23T18:40:37","modified_gmt":"2023-04-23T18:40:37","slug":"cancun-tiene-una-ruta-clara-hacia-el-futuro-ana-paty-peralta","status":"publish","type":"post","link":"https:\/\/xn--huracnpolmicocancnquintanaroo-knc6wmu.com\/?p=14796","title":{"rendered":"Canc\u00fan tiene una ruta clara hacia el futuro: Ana Paty Peralta"},"content":{"rendered":"<div class=\"ql-align-justify\">\u201cEn Canc\u00fan tenemos una ruta clara hacia el futuro, sabemos d\u00f3nde estamos y hacia d\u00f3nde queremos ir, hoy estamos de pie ante nuestro destino y est\u00e1 en nosotros construir el Canc\u00fan que queremos, en cada una de nuestras acciones, en cada uno de nuestros hogares, en cada uno de nuestros sue\u00f1os\u201d, enfatiz\u00f3 la Presidenta Municipal, Ana Paty Peralta, al encabezar la S\u00e9ptima Sesi\u00f3n Solemne por el 53 Aniversario de la fundaci\u00f3n de Canc\u00fan.<\/div>\n<div class=\"ql-align-justify\"><\/div>\n<div class=\"ql-align-justify\">En presencia de la Gobernadora Mara Lezama y representantes del Poder Judicial y Legislativo, fuerzas armadas, c\u00e1maras empresariales, asociaciones civiles, as\u00ed como ex presidentes municipales de Benito Ju\u00e1rez, diputados estatales y senadores, entre otros, la Presidenta Municipal afirm\u00f3 que Canc\u00fan tiene origen, tiene historia y tiene un presente de transformaci\u00f3n; por lo que este a\u00f1o, se tendr\u00e1 una inversi\u00f3n hist\u00f3rica en obra p\u00fablica, en seguridad, atendiendo las colonias olvidadas, modernizando nuestra movilidad y d\u00e1ndole un nuevo brillo a la Zona Fundacional.<\/div>\n<div class=\"ql-align-justify\"><\/div>\n<div class=\"ql-align-justify\">Adem\u00e1s, la Primera Autoridad Municipal hizo un llamado de unidad a todos los sectores sociales y dedicar este 53 Aniversario de Canc\u00fan a las ni\u00f1as y ni\u00f1os, porque son la cara del futuro y para quienes se debe trabajar en reconstruir la paz en Benito Ju\u00e1rez.<\/div>\n<div class=\"ql-align-justify\"><\/div>\n<div class=\"ql-align-justify\">Al dirigirse a los cancunenses, Ana Paty Peralta destac\u00f3 que hace 53 a\u00f1os no solamente se empez\u00f3 a construir un proyecto econ\u00f3mico, un destino tur\u00edstico l\u00edder en el mundo o un Centro Integralmente Planeado, sino la construcci\u00f3n de una gran comunidad, con identidad y un car\u00e1cter que identifica y une a la poblaci\u00f3n.<\/div>\n<div class=\"ql-align-justify\"><\/div>\n<div class=\"ql-align-justify\">De igual forma, reconoci\u00f3 tanto a pioneros, fundadores y forjadores de la ciudad, por ser historia viva al haberse aventurado para levantar los primeros campamentos, bodegas, oficinas, comercios y hoteles, que adem\u00e1s heredaron ese patrimonio que se debe enaltecer, cuidar y acrecentar, como a los trabajadores de la industria tur\u00edstica por construir este sue\u00f1o.<\/div>\n<div class=\"ql-align-justify\"><\/div>\n<div class=\"ql-align-justify\">En otro rubro, reiter\u00f3 el compromiso de mantener el trabajo con el Gobierno del Estado y continuar con la transformaci\u00f3n impulsada por el presidente Andr\u00e9s Manuel L\u00f3pez Obrador, cuya gesti\u00f3n federal desarrolla una inversi\u00f3n hist\u00f3rica para obras emblem\u00e1ticas como el Boulevard Colosio, el distribuidor del aeropuerto, el Puente Nichupt\u00e9 y, sobre todo, la obra m\u00e1s importante en el pa\u00eds: el Tren Maya.<\/div>\n<div class=\"ql-align-justify\"><\/div>\n<div class=\"ql-align-justify\">En su discurso, la Gobernadora coment\u00f3 que Canc\u00fan es un ejemplo nacional de lo que la planeaci\u00f3n y la buena voluntad puede generar una ciudad con una historia repleta de \u00e9xitos, con un gran registro de r\u00e9cords en materia de crecimiento poblacional y tur\u00edstico; en donde el \u00e9xito y crecimiento se debe reflejar en bienestar social para todas y todos los cancunenses.<\/div>\n","protected":false},"excerpt":{"rendered":"<p>\u201cEn Canc\u00fan tenemos una ruta clara hacia el futuro, sabemos d\u00f3nde estamos y hacia d\u00f3nde&#8230;<\/p>\n","protected":false},"author":1,"featured_media":14798,"comment_status":"open","ping_status":"closed","sticky":false,"template":"","format":"standard","meta":{"footnotes":""},"categories":[2],"tags":[],"class_list":["post-14796","post","type-post","status-publish","format-standard","has-post-thumbnail","hentry","category-local"],"_links":{"self":[{"href":"https:\/\/xn--huracnpolmicocancnquintanaroo-knc6wmu.com\/index.php?rest_route=\/wp\/v2\/posts\/14796","targetHints":{"allow":["GET"]}}],"collection":[{"href":"https:\/\/xn--huracnpolmicocancnquintanaroo-knc6wmu.com\/index.php?rest_route=\/wp\/v2\/posts"}],"about":[{"href":"https:\/\/xn--huracnpolmicocancnquintanaroo-knc6wmu.com\/index.php?rest_route=\/wp\/v2\/types\/post"}],"author":[{"embeddable":true,"href":"https:\/\/xn--huracnpolmicocancnquintanaroo-knc6wmu.com\/index.php?rest_route=\/wp\/v2\/users\/1"}],"replies":[{"embeddable":true,"href":"https:\/\/xn--huracnpolmicocancnquintanaroo-knc6wmu.com\/index.php?rest_route=%2Fwp%2Fv2%2Fcomments&post=14796"}],"version-history":[{"count":1,"href":"https:\/\/xn--huracnpolmicocancnquintanaroo-knc6wmu.com\/index.php?rest_route=\/wp\/v2\/posts\/14796\/revisions"}],"predecessor-version":[{"id":14797,"href":"https:\/\/xn--huracnpolmicocancnquintanaroo-knc6wmu.com\/index.php?rest_route=\/wp\/v2\/posts\/14796\/revisions\/14797"}],"wp:featuredmedia":[{"embeddable":true,"href":"https:\/\/xn--huracnpolmicocancnquintanaroo-knc6wmu.com\/index.php?rest_route=\/wp\/v2\/media\/14798"}],"wp:attachment":[{"href":"https:\/\/xn--huracnpolmicocancnquintanaroo-knc6wmu.com\/index.php?rest_route=%2Fwp%2Fv2%2Fmedia&parent=14796"}],"wp:term":[{"taxonomy":"category","embeddable":true,"href":"https:\/\/xn--huracnpolmicocancnquintanaroo-knc6wmu.com\/index.php?rest_route=%2Fwp%2Fv2%2Fcategories&post=14796"},{"taxonomy":"post_tag","embeddable":true,"href":"https:\/\/xn--huracnpolmicocancnquintanaroo-knc6wmu.com\/index.php?rest_route=%2Fwp%2Fv2%2Ftags&post=14796"}],"curies":[{"name":"wp","href":"https:\/\/api.w.org\/{rel}","templated":true}]}}