{"id":14840,"date":"2023-04-24T15:53:08","date_gmt":"2023-04-24T20:53:08","guid":{"rendered":"https:\/\/xn--huracnpolmicocancnquintanaroo-knc6wmu.com\/?p=14840"},"modified":"2023-04-24T20:53:09","modified_gmt":"2023-04-24T20:53:09","slug":"cancun-ciudadanos-desafian-a-fonatur-dependencia-prohibio-picnic-por-el-aniversario","status":"publish","type":"post","link":"https:\/\/xn--huracnpolmicocancnquintanaroo-knc6wmu.com\/?p=14840","title":{"rendered":"Canc\u00fan: Ciudadanos &#8216;desaf\u00edan&#8217; a Fonatur; dependencia prohibi\u00f3 picnic por el aniversario"},"content":{"rendered":"<div class=\"row m-b-15\">\n<div class=\"col-xs-12 col-sm-12 col-md-12 col-lg-12\">\n<div>\n<div class=\"row m-b-15\">\n<div class=\"col-xs-12 col-sm-12 col-md-12 col-lg-12\">\n<h4 class=\"introduction\" style=\"text-align: center;\">La dependencia federal se\u00f1al\u00f3 que se cancel\u00f3 porque no se le solicit\u00f3 el permiso.<\/h4>\n<\/div>\n<\/div>\n<\/div>\n<div class=\"row m-b-25\">\n<div class=\"col-xs-12 col-sm-12 col-md-12 col-lg-12 info-extra-new\">\n<p><strong>El picnic que marc\u00f3 el cierre de los festejos por los 53 a\u00f1os de Canc\u00fan fue cancelado<\/strong>\u00a0por la delegaci\u00f3n del Fondo Nacional de Fomento al Turismo (Fonatur), supuestamente porque no se les solicit\u00f3 el permiso.<\/p>\n<p>El evento estaba programado para las 10 de la ma\u00f1ana, cuando al menos cuatro artistas y grupos de boys scouts se presentaron al camell\u00f3n ubicado frente a las oficinas de Fonatur, entre la glorieta del Ceviche y la entrada de la zona hotelera, pero aunque hubo una asistencia de cerca de 100 personas, fue una afluencia menor a la de antes de la pandemia por Covid 19.<\/p>\n<p>Carlos Card\u00edn P\u00e9rez, presidente de la asociaci\u00f3n de Fundadores de Canc\u00fan, se\u00f1al\u00f3 que\u00a0<strong>el actuar del delegado de Fonatur, Juan Manuel Leyva, fue un exceso<\/strong> debido a que el camell\u00f3n es espacio p\u00fablico.<\/p>\n<p>Esta \u00faltima dependencia reclam\u00f3 a los organizadores que el espacio es zona federal, por lo que no se autorizaba el evento.<\/p>\n<p>Pero, de acuerdo con informaci\u00f3n de la Direcci\u00f3n de Zona Federal Mar\u00edtimo Terrestre (Zofemat), el espacio federal consiste en el espacio de 20 metros contigua a la orilla del mar hacia tierra adentro, situaci\u00f3n que no se cumple con el camell\u00f3n donde se realiz\u00f3 el picnic.<\/p>\n<p><em>\u201c<strong>El picnic est\u00e1 en el programa de eventos de aniversario<\/strong>\u00a0desde hace m\u00e1s de tres semanas. Al Ayuntamiento le falt\u00f3 autoridad. Primero nos ped\u00edan hacer el picnic en el estacionamiento de la ciclopista de la avenida Bonampak, que es una plancha de asfalto, que no tiene \u00e1rboles, pero no \u00edbamos a poner a la gente ah\u00ed\u201d, dijo el tambi\u00e9n expresidente municipal.<\/em><\/p>\n<p>Cabe se\u00f1alar que la concurrencia ciudadana fue de alrededor de 100 personas, cuando en a\u00f1os anteriores era de un promedio de tres mil.<\/p>\n<p>Debido a la actuaci\u00f3n de Fonatur, de 200 artistas de los municipios de Felipe Carrillo Puerto, Jos\u00e9 Mar\u00eda Morelos, Solidaridad, Puerto Morelos, y de Bacalar,\u00a0<strong>solo alrededor de cinco de pinturas de diversos estilos<\/strong>, como grabados o grafiti,\u00a0<strong>mostraron im\u00e1genes con elementos de Canc\u00fan<\/strong>.<\/p>\n<p>El picnic empez\u00f3 a realizarse desde hace 10 a\u00f1os, y aunque por la pandemia no se hizo del 2020 al 2022, siempre se ha utilizado el mismo espacio p\u00fablico, por lo que esta fue la primera vez que se suspende por una autoridad federal.<\/p>\n<p>A pesar de la negativa de Fonatur, de 10 de la ma\u00f1ana a 2 de la tarde,\u00a0<strong>un centenar de ciudadanos particip\u00f3 en la tradicional partida de pastel<\/strong>\u00a0por el cumplea\u00f1os de la ciudad.<\/p>\n<p>Cerca del final del evento, los asistentes colgaron en el edificio de Fonatur pancartas con mensajes como \u201cno te metas con mi picnic\u201d, \u201cel espacio p\u00fablico es de todos\u201d o \u201cclausurado Fonatur\u201d, como forma de protesta contra Fonatur, bajo acoso de elementos de seguridad privada.<\/p>\n<p>Card\u00edn P\u00e9rez agreg\u00f3 que\u00a0<strong>se enviar\u00e1 una queja al director general de Fonatur<\/strong>, Javier May, donde se reclamar\u00e1 tambi\u00e9n la ignorancia del delegado local de la dependencia, Juan Manuel Leyva Elston, por asumir que un espacio p\u00fablico es de jurisdicci\u00f3n federal.<\/p>\n<\/div>\n<\/div>\n<\/div>\n<\/div>\n","protected":false},"excerpt":{"rendered":"<p>La dependencia federal se\u00f1al\u00f3 que se cancel\u00f3 porque no se le solicit\u00f3 el permiso. El&#8230;<\/p>\n","protected":false},"author":1,"featured_media":14842,"comment_status":"open","ping_status":"closed","sticky":false,"template":"","format":"standard","meta":{"footnotes":""},"categories":[2],"tags":[],"class_list":["post-14840","post","type-post","status-publish","format-standard","has-post-thumbnail","hentry","category-local"],"_links":{"self":[{"href":"https:\/\/xn--huracnpolmicocancnquintanaroo-knc6wmu.com\/index.php?rest_route=\/wp\/v2\/posts\/14840","targetHints":{"allow":["GET"]}}],"collection":[{"href":"https:\/\/xn--huracnpolmicocancnquintanaroo-knc6wmu.com\/index.php?rest_route=\/wp\/v2\/posts"}],"about":[{"href":"https:\/\/xn--huracnpolmicocancnquintanaroo-knc6wmu.com\/index.php?rest_route=\/wp\/v2\/types\/post"}],"author":[{"embeddable":true,"href":"https:\/\/xn--huracnpolmicocancnquintanaroo-knc6wmu.com\/index.php?rest_route=\/wp\/v2\/users\/1"}],"replies":[{"embeddable":true,"href":"https:\/\/xn--huracnpolmicocancnquintanaroo-knc6wmu.com\/index.php?rest_route=%2Fwp%2Fv2%2Fcomments&post=14840"}],"version-history":[{"count":1,"href":"https:\/\/xn--huracnpolmicocancnquintanaroo-knc6wmu.com\/index.php?rest_route=\/wp\/v2\/posts\/14840\/revisions"}],"predecessor-version":[{"id":14841,"href":"https:\/\/xn--huracnpolmicocancnquintanaroo-knc6wmu.com\/index.php?rest_route=\/wp\/v2\/posts\/14840\/revisions\/14841"}],"wp:featuredmedia":[{"embeddable":true,"href":"https:\/\/xn--huracnpolmicocancnquintanaroo-knc6wmu.com\/index.php?rest_route=\/wp\/v2\/media\/14842"}],"wp:attachment":[{"href":"https:\/\/xn--huracnpolmicocancnquintanaroo-knc6wmu.com\/index.php?rest_route=%2Fwp%2Fv2%2Fmedia&parent=14840"}],"wp:term":[{"taxonomy":"category","embeddable":true,"href":"https:\/\/xn--huracnpolmicocancnquintanaroo-knc6wmu.com\/index.php?rest_route=%2Fwp%2Fv2%2Fcategories&post=14840"},{"taxonomy":"post_tag","embeddable":true,"href":"https:\/\/xn--huracnpolmicocancnquintanaroo-knc6wmu.com\/index.php?rest_route=%2Fwp%2Fv2%2Ftags&post=14840"}],"curies":[{"name":"wp","href":"https:\/\/api.w.org\/{rel}","templated":true}]}}