{"id":14947,"date":"2023-04-27T16:01:02","date_gmt":"2023-04-27T21:01:02","guid":{"rendered":"https:\/\/xn--huracnpolmicocancnquintanaroo-knc6wmu.com\/?p=14947"},"modified":"2023-04-27T21:01:04","modified_gmt":"2023-04-27T21:01:04","slug":"te-revelamos-en-donde-esta-planeado-el-autodromo-del-gp-de-cancun","status":"publish","type":"post","link":"https:\/\/xn--huracnpolmicocancnquintanaroo-knc6wmu.com\/?p=14947","title":{"rendered":"Te revelamos en d\u00f3nde est\u00e1 planeado el aut\u00f3dromo del GP de Canc\u00fan"},"content":{"rendered":"<h2>Antonio P\u00e9rez Garibay habl\u00f3 con ESPN sobre el proyecto en Canc\u00fan para tener un segundo Gran Premio en M\u00e9xico.<\/h2>\n<p>El aut\u00f3dromo que espera albergar un GP de\u00a0<b>F\u00f3rmula Uno<\/b>\u00a0en\u00a0<b>Canc\u00fan<\/b>, est\u00e1 planeado para construirse en el Municipio de Benito Ju\u00e1rez, en Quintana Roo. Los terrenos son propiedad de uno de los empresarios que est\u00e1n interesados en el proyecto y, en caso de concretarse, se espera que la carrera se pueda realizar entre mayo y junio del 2025.<\/p>\n<p>\u201cEn Quintana Roo, en\u00a0<b>Canc\u00fan<\/b>, estamos trabajando en la zona de\u00a0<b>Canc\u00fan<\/b>, en el Municipio de Benito Ju\u00e1rez, es una zona en la que ellos (los empresarios) tienen las tierras, ellos est\u00e1n apostando por el proyecto, otros inversionistas se est\u00e1n sumando con el capital. Este\u00a0<b>Gran Premio<\/b>\u00a0s\u00f3lo se va a hacer si lo hacemos en conjunto. Comet\u00ed un error al haber comentado el proyecto y a partir de ah\u00ed han salido varios promotores que han querido traer, est\u00e1 todo abierto, en esto se puede, si alguien m\u00e1s lo puede traer, adelante. Me ha costado mucho trabajo. Voy a seguir apostando por\u00a0<b>Canc\u00fan F1<\/b>, 2025 al 2030\u201d, coment\u00f3\u00a0<b>Antonio P\u00e9rez Garibay<\/b>, padre del piloto de\u00a0<b>F\u00f3rmula Uno,\u00a0Sergio \u2018Checo\u2019 P\u00e9rez.<\/b><\/p>\n<p>El tambi\u00e9n diputado federal reconoci\u00f3 que ya existen precontratos firmados con algunas empresas y se espera que para diciembre se instalen oficinas, en las que se llevar\u00e1 a cabo la planeaci\u00f3n del\u00a0<b>GP de Canc\u00fan<\/b>, entre el 2025 y 2030.<\/p>\n<p>\u201cEste aut\u00f3dromo de nosotros est\u00e1 en tierras de empresarios mexicanos. Nuestro aut\u00f3dromo lleva una marina, lleva una zona de departamentales, hoteles, traemos un escenario para hacer conciertos, que ser\u00edan los 15 d\u00edas de m\u00fasica, ya pactado con una empresa cervecera que nos ha firmado este proyecto\u201d, asegur\u00f3 el diputado federal de la banca de\u00a0<b>Morena<\/b>. \u201cHay precontratos. El primer proyecto tiene que ser la\u00a0<b>F1<\/b>, despu\u00e9s de la F1, les ir\u00e9 dando a conocer todo lo dem\u00e1s\u201d.<\/p>\n<p>Sobre las fechas, se busca que\u00a0<b>M\u00e9xico<\/b>\u00a0tenga dos\u00a0<b>GP de F\u00f3rmula Uno<\/b>\u00a0para el 2025, uno se celebrar\u00eda en verano, el de\u00a0<b>Canc\u00fan<\/b>, y el otro a finales de a\u00f1o, en\u00a0<b>CDMX.<\/b><\/p>\n<p>\u201c<b>M\u00e9xico<\/b>\u00a0ser\u00eda en noviembre y el\u00a0<b>GP de Canc\u00fan<\/b>\u00a0ser\u00eda entre mayo y junio. Las obras est\u00e1n por iniciar, nada m\u00e1s que sepamos qui\u00e9nes son los candidatos a la presidencia de\u00a0<b>M\u00e9xico<\/b>\u201d.<\/p>\n<h2>Un aut\u00f3dromo en Canc\u00fan sin dinero del erario p\u00fablico<\/h2>\n<p>En cuanto a los recursos,\u00a0<b>Antonio P\u00e9rez Garibay<\/b>, diputado de\u00a0<b>Morena<\/b>, asegura que no se invertir\u00e1n recursos p\u00fablicos, debido a que todo el capital correr\u00e1 por cuenta de empresarios mexicanos y extranjeros.<\/p>\n<p>\u201cAl presidente\u00a0<b>Andr\u00e9s Manuel L\u00f3pez Obrador<\/b>\u00a0se lo platiqu\u00e9 en Ciudad Ju\u00e1rez y me dijo que no hay dinero, le platiqu\u00e9 la forma y le dije que no necesitamos dinero del gobierno, ni tierras, no necesitamos dinero del gobierno estatal, municipal o federal, porque tenemos todo\u201d.<\/p>\n<h2>Canc\u00fan le gan\u00f3 a Jalisco y Nayarit inter\u00e9s de F1<\/h2>\n<p>El proyecto de traer un segundo\u00a0<b>GP de F1<\/b>\u00a0a\u00a0<b>M\u00e9xico<\/b>\u00a0tambi\u00e9n fue buscado por los municipios de Jalisco y Nayarit, pero los organizadores de la competencia prefirieron que fuera en\u00a0<b>Canc\u00fan, Quintana Roo.<\/b><\/p>\n<p>\u201cEs una recomendaci\u00f3n, si yo lo hubiera querido poner en otro estado como Jalisco, no les interesaba.\u00a0<b>Canc\u00fan<\/b>\u00a0se les hace atractivo, porque ser\u00e1 bueno para el turismo del mundo poder venir a Canc\u00fan y disfrutar la\u00a0<b>F1\u201d<\/b>, coment\u00f3\u00a0<b>Antonio P\u00e9rez Garibay<\/b>, diputado federal y pap\u00e1 del piloto de\u00a0<b>F\u00f3rmula Uno,\u00a0Checo P\u00e9rez.<\/b><\/p>\n<p>\u201cAl contrario, tuve todo el apoyo del gobierno de Jalisco y el de Nayarit, pero a la\u00a0<b>F1<\/b>\u00a0le interesa Canc\u00fan\u201d.<\/p>\n","protected":false},"excerpt":{"rendered":"<p>Antonio P\u00e9rez Garibay habl\u00f3 con ESPN sobre el proyecto en Canc\u00fan para tener un segundo&#8230;<\/p>\n","protected":false},"author":1,"featured_media":14949,"comment_status":"open","ping_status":"closed","sticky":false,"template":"","format":"standard","meta":{"footnotes":""},"categories":[2],"tags":[],"class_list":["post-14947","post","type-post","status-publish","format-standard","has-post-thumbnail","hentry","category-local"],"_links":{"self":[{"href":"https:\/\/xn--huracnpolmicocancnquintanaroo-knc6wmu.com\/index.php?rest_route=\/wp\/v2\/posts\/14947","targetHints":{"allow":["GET"]}}],"collection":[{"href":"https:\/\/xn--huracnpolmicocancnquintanaroo-knc6wmu.com\/index.php?rest_route=\/wp\/v2\/posts"}],"about":[{"href":"https:\/\/xn--huracnpolmicocancnquintanaroo-knc6wmu.com\/index.php?rest_route=\/wp\/v2\/types\/post"}],"author":[{"embeddable":true,"href":"https:\/\/xn--huracnpolmicocancnquintanaroo-knc6wmu.com\/index.php?rest_route=\/wp\/v2\/users\/1"}],"replies":[{"embeddable":true,"href":"https:\/\/xn--huracnpolmicocancnquintanaroo-knc6wmu.com\/index.php?rest_route=%2Fwp%2Fv2%2Fcomments&post=14947"}],"version-history":[{"count":1,"href":"https:\/\/xn--huracnpolmicocancnquintanaroo-knc6wmu.com\/index.php?rest_route=\/wp\/v2\/posts\/14947\/revisions"}],"predecessor-version":[{"id":14948,"href":"https:\/\/xn--huracnpolmicocancnquintanaroo-knc6wmu.com\/index.php?rest_route=\/wp\/v2\/posts\/14947\/revisions\/14948"}],"wp:featuredmedia":[{"embeddable":true,"href":"https:\/\/xn--huracnpolmicocancnquintanaroo-knc6wmu.com\/index.php?rest_route=\/wp\/v2\/media\/14949"}],"wp:attachment":[{"href":"https:\/\/xn--huracnpolmicocancnquintanaroo-knc6wmu.com\/index.php?rest_route=%2Fwp%2Fv2%2Fmedia&parent=14947"}],"wp:term":[{"taxonomy":"category","embeddable":true,"href":"https:\/\/xn--huracnpolmicocancnquintanaroo-knc6wmu.com\/index.php?rest_route=%2Fwp%2Fv2%2Fcategories&post=14947"},{"taxonomy":"post_tag","embeddable":true,"href":"https:\/\/xn--huracnpolmicocancnquintanaroo-knc6wmu.com\/index.php?rest_route=%2Fwp%2Fv2%2Ftags&post=14947"}],"curies":[{"name":"wp","href":"https:\/\/api.w.org\/{rel}","templated":true}]}}