{"id":15361,"date":"2023-05-12T15:40:25","date_gmt":"2023-05-12T20:40:25","guid":{"rendered":"https:\/\/xn--huracnpolmicocancnquintanaroo-knc6wmu.com\/?p=15361"},"modified":"2023-05-12T20:40:26","modified_gmt":"2023-05-12T20:40:26","slug":"avanzan-estudios-ambientales-para-transporte-entre-aeropuerto-de-cancun-tren-maya","status":"publish","type":"post","link":"https:\/\/xn--huracnpolmicocancnquintanaroo-knc6wmu.com\/?p=15361","title":{"rendered":"Avanzan estudios ambientales para transporte entre Aeropuerto de Canc\u00fan Tren Maya"},"content":{"rendered":"<div class=\"jsx-3315747106 \">\n<p>El proyecto de transporte el\u00e9ctrico que conectar\u00e1 el Aeropuerto Internacional de Canc\u00fan con la terminal del Tren Maya\u00a0sigue avanzando, con estudio de mitigaci\u00f3n ambiental y selecci\u00f3n de material. Este transporte ser\u00e1 un minub\u00fas con capacidad para transportar hasta 14,400 pasajeros al d\u00eda.<\/p>\n<\/div>\n<div class=\"jsx-1921398030 newsbody\">\n<div class=\"jsx-670345696 share fixed\"><\/div>\n<div class=\"jsx-1921398030\">\n<div class=\"jsx-1020194127\">\n<p class=\"jsx-3954459878\">El estudio para la mitigaci\u00f3n ambiental del proyecto de transporte el\u00e9ctrico que enlazar\u00e1 el Aeropuerto Internacional de Canc\u00fan con la terminal del Tren Maya\u00a0tiene un avance de 50%, as\u00ed como la selecci\u00f3n del material rodante.<\/p>\n<p class=\"jsx-3954459878\">As\u00ed lo da a conocer la Secretar\u00eda de Infraestructura, Comunicaciones y Transportes (SICT), seg\u00fan la cual por cada 20 hect\u00e1reas con impacto ambiental, \u00e9stas son compensadas con 353 hect\u00e1reas ubicadas en el sistema regional, mediante el manejo integral de la vegetaci\u00f3n, fauna y residuos, e instalaci\u00f3n de viveros.<\/p>\n<p class=\"jsx-3954459878\">Lo que se sabe hasta el momento de este proyecto es que ser\u00e1 un minub\u00fas el\u00e9ctrico el que conecte el Aeropuerto Internacional de Canc\u00fan (AIC) con la terminal del\u00a0<strong>Tren Maya<\/strong>.<\/p>\n<p class=\"jsx-3954459878\">Este veh\u00edculo har\u00e1 paradas en cada una de las cuatro terminales del AIC, y tendr\u00e1 una capacidad para movilizar hasta\u00a0<strong>14,400 pasajeros al d\u00eda<\/strong>, aunque no se ha revelado a\u00fan la inversi\u00f3n necesaria para este nuevo sistema de transporte.<\/p>\n<p class=\"jsx-3954459878\">Este minub\u00ed\u00fas utilizar\u00e1 las vialidades internas del aeropuerto, rodeando el per\u00edmetro de la terminal en un circuito de \u201cno m\u00e1s de 20 minutos\u201d para llegar a la terminal ferroviaria, actualmente en construcci\u00f3n.<\/p>\n<p class=\"jsx-3954459878\">Entre las caracter\u00edsticas del minub\u00fas se ha mencionado que reducir\u00e1 las emisiones de gases de efecto invernadero, tendr\u00e1 una capacidad m\u00e1xima de 24 pasajeros y correr\u00e1 a una velocidad promedio de 30 kil\u00f3metros por hora.<\/p>\n<p class=\"jsx-3954459878\">Semanas atr\u00e1s, el propio presidente Andr\u00e9s Manuel L\u00f3pez Obrador habl\u00f3 incluso de la\u00a0construcci\u00f3n de un t\u00fanel con tecnolog\u00eda de la trasnacional Tesla\u00a0para comunicar ambas terminales, pero al parecer este proyecto fue descartado ante la premura por concluir el proyecto en diciembre de este mismo a\u00f1o.<\/p>\n<p class=\"jsx-3954459878 fi-aic_250\">Cabe mencionar que para poder trasladar los 14,400 pasajeros diarios que la SICT refiere sobre este transporte, se tendr\u00edan que realizar 600 recorridos a raz\u00f3n de 24 pasajeros por vuelta para lograr ese n\u00famero.<\/p>\n<\/div>\n<\/div>\n<\/div>\n","protected":false},"excerpt":{"rendered":"<p>El proyecto de transporte el\u00e9ctrico que conectar\u00e1 el Aeropuerto Internacional de Canc\u00fan con la terminal&#8230;<\/p>\n","protected":false},"author":1,"featured_media":15363,"comment_status":"open","ping_status":"closed","sticky":false,"template":"","format":"standard","meta":{"footnotes":""},"categories":[37],"tags":[],"class_list":["post-15361","post","type-post","status-publish","format-standard","has-post-thumbnail","hentry","category-quintana-roo"],"_links":{"self":[{"href":"https:\/\/xn--huracnpolmicocancnquintanaroo-knc6wmu.com\/index.php?rest_route=\/wp\/v2\/posts\/15361","targetHints":{"allow":["GET"]}}],"collection":[{"href":"https:\/\/xn--huracnpolmicocancnquintanaroo-knc6wmu.com\/index.php?rest_route=\/wp\/v2\/posts"}],"about":[{"href":"https:\/\/xn--huracnpolmicocancnquintanaroo-knc6wmu.com\/index.php?rest_route=\/wp\/v2\/types\/post"}],"author":[{"embeddable":true,"href":"https:\/\/xn--huracnpolmicocancnquintanaroo-knc6wmu.com\/index.php?rest_route=\/wp\/v2\/users\/1"}],"replies":[{"embeddable":true,"href":"https:\/\/xn--huracnpolmicocancnquintanaroo-knc6wmu.com\/index.php?rest_route=%2Fwp%2Fv2%2Fcomments&post=15361"}],"version-history":[{"count":1,"href":"https:\/\/xn--huracnpolmicocancnquintanaroo-knc6wmu.com\/index.php?rest_route=\/wp\/v2\/posts\/15361\/revisions"}],"predecessor-version":[{"id":15362,"href":"https:\/\/xn--huracnpolmicocancnquintanaroo-knc6wmu.com\/index.php?rest_route=\/wp\/v2\/posts\/15361\/revisions\/15362"}],"wp:featuredmedia":[{"embeddable":true,"href":"https:\/\/xn--huracnpolmicocancnquintanaroo-knc6wmu.com\/index.php?rest_route=\/wp\/v2\/media\/15363"}],"wp:attachment":[{"href":"https:\/\/xn--huracnpolmicocancnquintanaroo-knc6wmu.com\/index.php?rest_route=%2Fwp%2Fv2%2Fmedia&parent=15361"}],"wp:term":[{"taxonomy":"category","embeddable":true,"href":"https:\/\/xn--huracnpolmicocancnquintanaroo-knc6wmu.com\/index.php?rest_route=%2Fwp%2Fv2%2Fcategories&post=15361"},{"taxonomy":"post_tag","embeddable":true,"href":"https:\/\/xn--huracnpolmicocancnquintanaroo-knc6wmu.com\/index.php?rest_route=%2Fwp%2Fv2%2Ftags&post=15361"}],"curies":[{"name":"wp","href":"https:\/\/api.w.org\/{rel}","templated":true}]}}