{"id":15391,"date":"2023-05-13T16:05:05","date_gmt":"2023-05-13T21:05:05","guid":{"rendered":"https:\/\/xn--huracnpolmicocancnquintanaroo-knc6wmu.com\/?p=15391"},"modified":"2023-05-13T21:05:06","modified_gmt":"2023-05-13T21:05:06","slug":"detienen-a-el-15%e2%80%b2-presunto-jefe-de-plaza-del-cartel-de-sinaloa-en-cancun","status":"publish","type":"post","link":"https:\/\/xn--huracnpolmicocancnquintanaroo-knc6wmu.com\/?p=15391","title":{"rendered":"Detienen a \u2018El 15\u2032, presunto jefe de plaza del C\u00e1rtel de Sinaloa en Canc\u00fan"},"content":{"rendered":"<div class=\"row\">\n<div class=\"col-sm-xl-12 layout-section wrap-bottom\">\n<h4 class=\"primary-font__PrimaryFontStyles-o56yd5-0 heuGTu h4-primary sub-headline\" style=\"text-align: center;\">La Fiscal\u00eda General del Estado ofreci\u00f3 una recompensa de un mill\u00f3n de pesos a quien aportara datos que llevaran a la localizaci\u00f3n y captura de H\u00e9ctor \u201cF\u201d.<\/h4>\n<div class=\"default__StyledDiv-cj38t1-0 gCPfDm share-bar\"><\/div>\n<\/div>\n<\/div>\n<div class=\"row\">\n<div class=\"col-sm-md-12 col-lg-xl-8 left-article-section ie-flex-100-percent-sm layout-section\">\n<p class=\"default__StyledText-xb1qmn-0 cgXrXK body-paragraph\">\u00a0Uno de los principales generadores de\u00a0<b>violencia\u00a0<\/b>en\u00a0Quintana Roo,\u00a0al cual se le atribuyen los hechos delictivos perpetrados en el Bar Deja V\u00fa, en el de \u201cLas de Kabah\u201d (antes \u201cMicheladas del T\u00edo To\u00f1o\u201d) y, la ejecuci\u00f3n de cuatro personas en un predio aleda\u00f1o a un hotel en el kil\u00f3metro 16.5 de la Zona Hotelera de Canc\u00fan,\u00a0<b>H\u00e9ctor El\u00edas, alias \u2018El 15\u2032,\u00a0<\/b>El Pantera o El Secre o Rey, fue detenido el viernes por la noche en Guamuchil, Sinaloa, cuando pretend\u00eda someterse a<b>\u00a0una operaci\u00f3n de cambio de rostro.<\/b><\/p>\n<p class=\"default__StyledText-xb1qmn-0 cgXrXK body-paragraph\">La Fiscal\u00eda General del Estado, que encabeza \u00d3scar Montes de Oca, dio a conocer que, derivado de trabajos de inteligencia y campo, en colaboraci\u00f3n con elementos de la Secretar\u00eda de la Marina, as\u00ed como la Coordinaci\u00f3n Nacional Antisecuestro (Conase), se logr\u00f3 la detenci\u00f3n de esta persona en una cl\u00ednica en donde, al parecer, pretend\u00eda hacerse una cirug\u00eda para evadir la justicia. \u2018El 15\u2032, es se\u00f1alado por ser el jefe de plaza del C\u00e1rtel del Pac\u00edfico en Canc\u00fan, c\u00e9lula ligada a\u00a0\u201cLos Chapitos\u201d, hijos de Joaqu\u00edn Guzm\u00e1n Loera.<\/p>\n<div id=\"arcad-feature-2156\" class=\"default__StyledAdUnit-ijbiyl-0 bWigPu arcad-feature margin-md-bottom \">\n<div id=\"\" class=\"arcad-container\">\n<div id=\"lazy_3\">\n<div id=\"inread_oop\" class=\"arcad ad-1x1\" data-google-query-id=\"CK2jof2Y8_4CFQIqwQodTgENuA\">\n<div id=\"google_ads_iframe_\/77835600\/ElFinanciero__internas\/inread_oop_0__container__\"><\/div>\n<\/div>\n<\/div>\n<\/div>\n<\/div>\n<p class=\"default__StyledText-xb1qmn-0 cgXrXK body-paragraph\">La Fiscal\u00eda General del Estado ofreci\u00f3<b>\u00a0una recompensa de un mill\u00f3n de pesos\u00a0<\/b>a quien aportara datos que llevaran a la localizaci\u00f3n y captura de H\u00e9ctor \u201cF\u201d, a la cual nadie se hizo acreedor, ya que la detenci\u00f3n se logr\u00f3 debido a las labores de inteligencia.<\/p>\n<p class=\"default__StyledText-xb1qmn-0 cgXrXK body-paragraph\">Tras su arribo al municipio de Benito Ju\u00e1rez, el imputado fue trasladado al Centro de Reinserci\u00f3n Social (Cereso), en donde qued\u00f3 recluido y puesto a disposici\u00f3n de la autoridad judicial que lo requiri\u00f3, quien en las pr\u00f3ximas horas definir\u00e1 su situaci\u00f3n jur\u00eddica.<\/p>\n<h2 class=\"heading__StyledHeading-sc-5jxglz-0 kSxoe\">La supuesta carta de \u2018Los Chapitos\u2019: \u2018No somos cabeza del C\u00e1rtel de Sinaloa\u2019<\/h2>\n<p class=\"default__StyledText-xb1qmn-0 cgXrXK body-paragraph\">A la nueva usanza de los narcos,\u00a0<i><b>Los Chapitos<\/b><\/i>, hijos de\u00a0<b>Joaqu\u00edn el\u00a0<\/b><i><b>Chapo<\/b><\/i><b>\u00a0Guzm\u00e1n<\/b>, hicieron llegar al noticiero de\u00a0<i><b>Azucena Uresti<\/b><\/i>\u00a0una carta en la que se desligan de cualquier actividad delictiva y del mando del\u00a0C\u00e1rtel de Sinaloa.<\/p>\n<p class=\"default__StyledText-xb1qmn-0 cgXrXK body-paragraph\">Este 3 de mayo, la conductora dio a conocer una misiva enviada por el\u00a0<b>abogado Jos\u00e9 Refugio<\/b>, con la finalidad de aclarar varios puntos. En el documento, los hijos de Guzm\u00e1n Loera explican que no tienen inter\u00e9s en ser cabecillas del C\u00e1rtel de Sinaloa. \u2018Del\u00a0<b>C\u00e1rtel de Sinaloa no somos la cabeza, ni estamos interesados en serlo<\/b>\u2019.<\/p>\n<p class=\"default__StyledText-xb1qmn-0 cgXrXK body-paragraph\">De acuerdo con los Chapitos la organizaci\u00f3n criminal sinaloense es un cumulo de c\u00e9lulas delictivas que operan en todo el pa\u00eds con diferentes mandos. \u2018La manera de operar de estos grupos independientes muchas veces se basa en usar el nombre de nuestro padre (Joaqu\u00edn Guzm\u00e1n Loera, alias El Chapo) o en casos m\u00e1s recientes el nombre de nosotros Los Chapitos, para poder trabajar con total impunidad, les hacen creer a sus proveedores y a sus clientes que son nuestros socios para tener una mejor negociaci\u00f3n\u2019, dice.<\/p>\n<\/div>\n<\/div>\n","protected":false},"excerpt":{"rendered":"<p>La Fiscal\u00eda General del Estado ofreci\u00f3 una recompensa de un mill\u00f3n de pesos a quien&#8230;<\/p>\n","protected":false},"author":1,"featured_media":15393,"comment_status":"open","ping_status":"closed","sticky":false,"template":"","format":"standard","meta":{"footnotes":""},"categories":[2],"tags":[],"class_list":["post-15391","post","type-post","status-publish","format-standard","has-post-thumbnail","hentry","category-local"],"_links":{"self":[{"href":"https:\/\/xn--huracnpolmicocancnquintanaroo-knc6wmu.com\/index.php?rest_route=\/wp\/v2\/posts\/15391","targetHints":{"allow":["GET"]}}],"collection":[{"href":"https:\/\/xn--huracnpolmicocancnquintanaroo-knc6wmu.com\/index.php?rest_route=\/wp\/v2\/posts"}],"about":[{"href":"https:\/\/xn--huracnpolmicocancnquintanaroo-knc6wmu.com\/index.php?rest_route=\/wp\/v2\/types\/post"}],"author":[{"embeddable":true,"href":"https:\/\/xn--huracnpolmicocancnquintanaroo-knc6wmu.com\/index.php?rest_route=\/wp\/v2\/users\/1"}],"replies":[{"embeddable":true,"href":"https:\/\/xn--huracnpolmicocancnquintanaroo-knc6wmu.com\/index.php?rest_route=%2Fwp%2Fv2%2Fcomments&post=15391"}],"version-history":[{"count":1,"href":"https:\/\/xn--huracnpolmicocancnquintanaroo-knc6wmu.com\/index.php?rest_route=\/wp\/v2\/posts\/15391\/revisions"}],"predecessor-version":[{"id":15392,"href":"https:\/\/xn--huracnpolmicocancnquintanaroo-knc6wmu.com\/index.php?rest_route=\/wp\/v2\/posts\/15391\/revisions\/15392"}],"wp:featuredmedia":[{"embeddable":true,"href":"https:\/\/xn--huracnpolmicocancnquintanaroo-knc6wmu.com\/index.php?rest_route=\/wp\/v2\/media\/15393"}],"wp:attachment":[{"href":"https:\/\/xn--huracnpolmicocancnquintanaroo-knc6wmu.com\/index.php?rest_route=%2Fwp%2Fv2%2Fmedia&parent=15391"}],"wp:term":[{"taxonomy":"category","embeddable":true,"href":"https:\/\/xn--huracnpolmicocancnquintanaroo-knc6wmu.com\/index.php?rest_route=%2Fwp%2Fv2%2Fcategories&post=15391"},{"taxonomy":"post_tag","embeddable":true,"href":"https:\/\/xn--huracnpolmicocancnquintanaroo-knc6wmu.com\/index.php?rest_route=%2Fwp%2Fv2%2Ftags&post=15391"}],"curies":[{"name":"wp","href":"https:\/\/api.w.org\/{rel}","templated":true}]}}