{"id":15486,"date":"2023-05-16T15:32:15","date_gmt":"2023-05-16T20:32:15","guid":{"rendered":"https:\/\/xn--huracnpolmicocancnquintanaroo-knc6wmu.com\/?p=15486"},"modified":"2023-05-16T20:32:16","modified_gmt":"2023-05-16T20:32:16","slug":"rescatando-la-historia-de-cancun-buscan-restaurar-monumentos-danados","status":"publish","type":"post","link":"https:\/\/xn--huracnpolmicocancnquintanaroo-knc6wmu.com\/?p=15486","title":{"rendered":"Rescatando la historia de Canc\u00fan: buscan restaurar monumentos da\u00f1ados"},"content":{"rendered":"<div>\n<div class=\"row m-b-15\">\n<div class=\"col-xs-12 col-sm-12 col-md-12 col-lg-12\">\n<h4 class=\"introduction\" style=\"text-align: center;\">El da\u00f1o presentado se debe en su mayor\u00eda por las cuestiones clim\u00e1ticas.<\/h4>\n<\/div>\n<\/div>\n<\/div>\n<div class=\"row m-b-25\">\n<div class=\"col-xs-12 col-sm-12 col-md-12 col-lg-12 info-extra-new\">\n<p>El desmoronamiento de las im\u00e1genes talladas en los\u00a0<strong>monumentos hist\u00f3ricos de Canc\u00fan\u00a0<\/strong>ha generado que las autoridades municipales busquen la manera de restaurar este da\u00f1o, que amenaza con desaparecer parte del patrimonio local.<\/p>\n<p>Pablo Garc\u00eda Robles, titular del \u00e1rea de artes visuales del\u00a0<strong>Instituto de la Cultura y las Artes (ICA)<\/strong>, dijo que de los monumentos que est\u00e1n frente a las oficinas de Fonatur, entre las avenidas Cob\u00e1 y Nader; y el que se ubica en la glorieta de la Uxmal y Tulum, el m\u00e1s da\u00f1ado es este \u00faltimo, puesto que el relieve de tres personajes hist\u00f3ricos se ha desprendido, principalmente por el clima.<\/p>\n<p><cite><em>\u201c<strong>Del monumento (a la Historia de M\u00e9xico)<\/strong>, que mide como dos metros de altura por seis de ancho, pr\u00e1cticamente<\/em><strong><em>\u00a0recuperamos como el 75% de las piezas<\/em><\/strong><em>, hablando nada m\u00e1s de los relieves. Es un muro que tiene diferentes rostros de los personajes m\u00e1s importantes del per\u00edodo hist\u00f3rico de la Reforma\u201d<\/em><\/cite>.<\/p>\n<p>Garc\u00eda Robles agreg\u00f3 que desde noviembre de 2022 comenz\u00f3 la recolecci\u00f3n de los fragmentos. En esas fechas se cayeron los fragmentos de un personaje, y apenas hace poco m\u00e1s de una semana se cayeron los pedazos de m\u00e1s personajes, da\u00f1o que el entrevistado adjudic\u00f3 al desprendimiento de la varilla al interior del monumento.<\/p>\n<p>\u00c9ste, tambi\u00e9n conocido como<em>\u00a0\u201c<strong>La Licuadora\u201d<\/strong><\/em>, fue construido en 1981. El personaje Melchor Ocampo, incluido en esta obra, es el que est\u00e1 en mejores condiciones.<\/p>\n<p><cite><em>\u201cHay dos personajes que hay fragmentos que ya se hicieron polvo, y que se tendr\u00e1n que intervenir cuando este el dictamen. Se pretende sacar un molde de esos elementos para volverlos a colocar en el monumento\u201d<\/em><\/cite>, dijo.<\/p>\n<p>El segundo monumento, el de\u00a0<strong>Jos\u00e9 Mart\u00ed, conocido como\u00a0<em>\u201cEl Pl\u00e1tano\u201d<\/em><\/strong>, y que fue construido en 1978; tiene algunas fracturas, pero los da\u00f1os no son tan graves como en el de la Historia de M\u00e9xico.<\/p>\n<p>Dijo que actualmente se juntan los fragmentos, tambi\u00e9n se hacen revisiones y estudios de la estructura, para que este a\u00f1o se desarrolle un dictamen para saber qu\u00e9 acciones tomar.<\/p>\n<\/div>\n<\/div>\n","protected":false},"excerpt":{"rendered":"<p>El da\u00f1o presentado se debe en su mayor\u00eda por las cuestiones clim\u00e1ticas. El desmoronamiento de&#8230;<\/p>\n","protected":false},"author":1,"featured_media":15488,"comment_status":"open","ping_status":"closed","sticky":false,"template":"","format":"standard","meta":{"footnotes":""},"categories":[2],"tags":[],"class_list":["post-15486","post","type-post","status-publish","format-standard","has-post-thumbnail","hentry","category-local"],"_links":{"self":[{"href":"https:\/\/xn--huracnpolmicocancnquintanaroo-knc6wmu.com\/index.php?rest_route=\/wp\/v2\/posts\/15486","targetHints":{"allow":["GET"]}}],"collection":[{"href":"https:\/\/xn--huracnpolmicocancnquintanaroo-knc6wmu.com\/index.php?rest_route=\/wp\/v2\/posts"}],"about":[{"href":"https:\/\/xn--huracnpolmicocancnquintanaroo-knc6wmu.com\/index.php?rest_route=\/wp\/v2\/types\/post"}],"author":[{"embeddable":true,"href":"https:\/\/xn--huracnpolmicocancnquintanaroo-knc6wmu.com\/index.php?rest_route=\/wp\/v2\/users\/1"}],"replies":[{"embeddable":true,"href":"https:\/\/xn--huracnpolmicocancnquintanaroo-knc6wmu.com\/index.php?rest_route=%2Fwp%2Fv2%2Fcomments&post=15486"}],"version-history":[{"count":1,"href":"https:\/\/xn--huracnpolmicocancnquintanaroo-knc6wmu.com\/index.php?rest_route=\/wp\/v2\/posts\/15486\/revisions"}],"predecessor-version":[{"id":15487,"href":"https:\/\/xn--huracnpolmicocancnquintanaroo-knc6wmu.com\/index.php?rest_route=\/wp\/v2\/posts\/15486\/revisions\/15487"}],"wp:featuredmedia":[{"embeddable":true,"href":"https:\/\/xn--huracnpolmicocancnquintanaroo-knc6wmu.com\/index.php?rest_route=\/wp\/v2\/media\/15488"}],"wp:attachment":[{"href":"https:\/\/xn--huracnpolmicocancnquintanaroo-knc6wmu.com\/index.php?rest_route=%2Fwp%2Fv2%2Fmedia&parent=15486"}],"wp:term":[{"taxonomy":"category","embeddable":true,"href":"https:\/\/xn--huracnpolmicocancnquintanaroo-knc6wmu.com\/index.php?rest_route=%2Fwp%2Fv2%2Fcategories&post=15486"},{"taxonomy":"post_tag","embeddable":true,"href":"https:\/\/xn--huracnpolmicocancnquintanaroo-knc6wmu.com\/index.php?rest_route=%2Fwp%2Fv2%2Ftags&post=15486"}],"curies":[{"name":"wp","href":"https:\/\/api.w.org\/{rel}","templated":true}]}}