{"id":15504,"date":"2023-05-18T15:43:45","date_gmt":"2023-05-18T20:43:45","guid":{"rendered":"https:\/\/xn--huracnpolmicocancnquintanaroo-knc6wmu.com\/?p=15504"},"modified":"2023-05-18T20:43:46","modified_gmt":"2023-05-18T20:43:46","slug":"van-por-recuperacion-de-espacios-para-expresion-artistica-en-cancun","status":"publish","type":"post","link":"https:\/\/xn--huracnpolmicocancnquintanaroo-knc6wmu.com\/?p=15504","title":{"rendered":"Van por recuperaci\u00f3n de espacios para expresi\u00f3n art\u00edstica en Canc\u00fan"},"content":{"rendered":"<div>\n<div class=\"row m-b-15\">\n<div class=\"col-xs-12 col-sm-12 col-md-12 col-lg-12\">\n<h4 class=\"introduction\" style=\"text-align: center;\">Actualmente los artistas pintan fachadas en lugares como la avenida Yaxchil\u00e1n o el teatro Blanquita.<\/h4>\n<\/div>\n<\/div>\n<\/div>\n<div class=\"row m-b-25\">\n<div class=\"col-xs-12 col-sm-12 col-md-12 col-lg-12 info-extra-new\">\n<p><strong>Los espacios p\u00fablicos de expresi\u00f3n art\u00edstica<\/strong>\u00a0en la zona fundacional de Canc\u00fan, como el foro cultural Na\u2019at, el sal\u00f3n Cecilio Chi y sus alrededores, el teatro Blanquita, entre otros, requieren recuperarse para impulsar expresiones de arte.<\/p>\n<p>Carlos del Castillo \u00c1lvarez, director de Distrito Canc\u00fan, coment\u00f3 que actualmente se pintan fachadas en lugares como la avenida Yaxchil\u00e1n o el teatro Blanquita, y se han pintado alrededor de 35 murales en diversos sitios de la zona fundacional que actualmente no se usan tanto, para que artistas como m\u00fasicos, cantantes, pintores, entre otros, den a conocer sus trabajos.<\/p>\n<div class=\"google-auto-placed ap_container\">\n<blockquote><p><em>\u201c<strong>Estamos haciendo festivales de arte<\/strong>, como \u2018Sue\u00f1a\u2019 hace unos meses, la pr\u00f3xima semana vamos a estar terminando de pintar el teatro Blanquita. (\u2026) En la Yaxchil\u00e1n ya tenemos 10 muros listos para 10 artistas que pintar\u00e1n en las pr\u00f3ximas semanas, en el Cecilio Chi estamos pintando tambi\u00e9n\u201d, detall\u00f3.<\/em><\/p><\/blockquote>\n<div id=\"div-gpt-ad-inread-646584b2d46c1a00143a5a2b\" data-name=\"inread\" data-size=\"[[336,250], [300,250]]\" data-google-query-id=\"CNG1lbjd__4CFV8SswAdKJAGpw\">\n<div id=\"google_ads_iframe_\/4334274\/inread_0__container__\"><\/div>\n<\/div>\n<p>Asimismo, el entrevistado mencion\u00f3 que para la primera mitad del 2023 se pretenden pintar 85 murales en total, pero a\u00fan no hay una meta para el segundo semestre.<\/p>\n<p>Por otra parte, en la biblioteca Enrique Barocio, y el Parque de Las Palapas\u00a0<strong>se invertir\u00e1 para recuperaci\u00f3n del espacio y andadores peatonales<\/strong>, lo mismo para la Yaxchil\u00e1n, el sal\u00f3n Cecilio Chi, y el foro Na\u2019at.<\/p>\n<p>En este \u00faltimo, sus andadores de acceso en la supermanzana 22 est\u00e1n tambi\u00e9n el proceso de recuperaci\u00f3n, y recibir obras para iluminarlos y ampliarlos, con alianzas con los negocios aleda\u00f1os.<\/p>\n<p>Para recuperar todos estos espacios, del Castillo \u00c1lvarez aclar\u00f3 que\u00a0<strong>artistas urbanos y graffiteros participen con el municipio<\/strong>\u00a0y aporten con su arte en la recuperaci\u00f3n, as\u00ed como darles fechas de eventos.<\/p>\n<h2>Dar\u00e1n espacio a tatuadores para exponer sus obras<\/h2>\n<p>Este 20 y 21 de mayo se llevar\u00e1 a cabo la\u00a0<strong>octava edici\u00f3n de la Expo Tatoo<\/strong>\u00a0en el Centro de Convenciones de Canc\u00fan, en la que participaran 350 tatuadores desde aproximadamente las nueve de la ma\u00f1ana, cada uno con su respectivo lienzo, de los cuales se estima que alrededor del 95% o 332 son internacionales, mientras que el resto son residentes de Canc\u00fan.<\/p>\n<p>Alan Medina Flores, organizador de este evento, declar\u00f3 que actualmente hay alrededor de 100 tatuadores a nivel local, principalmente porque son temporales, debido al turismo que distingue a Canc\u00fan.<\/p>\n<div class=\"google-auto-placed ap_container\">\n<section id=\"limit-stiky-646584b2d46c1a00143a5a2b\" class=\"row\">\n<div class=\"col-xs-112 col-sm-10 col-md-10 col-lg-10\">\n<div class=\"row content-news-data-646584b2d46c1a00143a5a2b\">\n<div class=\"col-xs-12 col-sm-12 col-md-12 col-lg-12 cuerpo-nota\">\n<blockquote><p><em>\u201c<strong>Tenemos dos sucursales<\/strong>, en la avenida Yaxchil\u00e1n que es Mentes Creativas, y otra ubicaci\u00f3n en el Mercado 28, que es Luxury Tatoo\u201d, dijo.<\/em><\/p><\/blockquote>\n<div id=\"div-gpt-ad-inread-3-646584b2d46c1a00143a5a2b\" data-name=\"inread\" data-size=\"[[336,250], [300,250]]\" data-google-query-id=\"CPe6l7jd__4CFZ7c4wcdTJ8F0g\">\n<div id=\"google_ads_iframe_\/4334274\/inread_2__container__\"><\/div>\n<\/div>\n<\/div>\n<\/div>\n<\/div>\n<\/section>\n<section class=\"row\">\n<div class=\"col-xs-4 col-sm-14 col-md-4 col-lg-4\">\n<div class=\"btn-seguinos-gnews\"><\/div>\n<\/div>\n<\/section>\n<\/div>\n<\/div>\n<\/div>\n<\/div>\n","protected":false},"excerpt":{"rendered":"<p>Actualmente los artistas pintan fachadas en lugares como la avenida Yaxchil\u00e1n o el teatro Blanquita&#8230;.<\/p>\n","protected":false},"author":1,"featured_media":15506,"comment_status":"open","ping_status":"closed","sticky":false,"template":"","format":"standard","meta":{"footnotes":""},"categories":[2],"tags":[],"class_list":["post-15504","post","type-post","status-publish","format-standard","has-post-thumbnail","hentry","category-local"],"_links":{"self":[{"href":"https:\/\/xn--huracnpolmicocancnquintanaroo-knc6wmu.com\/index.php?rest_route=\/wp\/v2\/posts\/15504","targetHints":{"allow":["GET"]}}],"collection":[{"href":"https:\/\/xn--huracnpolmicocancnquintanaroo-knc6wmu.com\/index.php?rest_route=\/wp\/v2\/posts"}],"about":[{"href":"https:\/\/xn--huracnpolmicocancnquintanaroo-knc6wmu.com\/index.php?rest_route=\/wp\/v2\/types\/post"}],"author":[{"embeddable":true,"href":"https:\/\/xn--huracnpolmicocancnquintanaroo-knc6wmu.com\/index.php?rest_route=\/wp\/v2\/users\/1"}],"replies":[{"embeddable":true,"href":"https:\/\/xn--huracnpolmicocancnquintanaroo-knc6wmu.com\/index.php?rest_route=%2Fwp%2Fv2%2Fcomments&post=15504"}],"version-history":[{"count":1,"href":"https:\/\/xn--huracnpolmicocancnquintanaroo-knc6wmu.com\/index.php?rest_route=\/wp\/v2\/posts\/15504\/revisions"}],"predecessor-version":[{"id":15505,"href":"https:\/\/xn--huracnpolmicocancnquintanaroo-knc6wmu.com\/index.php?rest_route=\/wp\/v2\/posts\/15504\/revisions\/15505"}],"wp:featuredmedia":[{"embeddable":true,"href":"https:\/\/xn--huracnpolmicocancnquintanaroo-knc6wmu.com\/index.php?rest_route=\/wp\/v2\/media\/15506"}],"wp:attachment":[{"href":"https:\/\/xn--huracnpolmicocancnquintanaroo-knc6wmu.com\/index.php?rest_route=%2Fwp%2Fv2%2Fmedia&parent=15504"}],"wp:term":[{"taxonomy":"category","embeddable":true,"href":"https:\/\/xn--huracnpolmicocancnquintanaroo-knc6wmu.com\/index.php?rest_route=%2Fwp%2Fv2%2Fcategories&post=15504"},{"taxonomy":"post_tag","embeddable":true,"href":"https:\/\/xn--huracnpolmicocancnquintanaroo-knc6wmu.com\/index.php?rest_route=%2Fwp%2Fv2%2Ftags&post=15504"}],"curies":[{"name":"wp","href":"https:\/\/api.w.org\/{rel}","templated":true}]}}