{"id":15564,"date":"2023-05-20T16:00:27","date_gmt":"2023-05-20T21:00:27","guid":{"rendered":"https:\/\/xn--huracnpolmicocancnquintanaroo-knc6wmu.com\/?p=15564"},"modified":"2023-05-20T17:29:54","modified_gmt":"2023-05-20T17:29:54","slug":"bebe-de-dos-anos-es-rescatado-estaba-abandonado-y-caminaba-descalzo","status":"publish","type":"post","link":"https:\/\/xn--huracnpolmicocancnquintanaroo-knc6wmu.com\/?p=15564","title":{"rendered":"Beb\u00e9 de dos a\u00f1os es rescatado, estaba abandonado y caminaba descalzo"},"content":{"rendered":"<h4 class=\"newspack-post-subtitle\" style=\"text-align: center;\">Un beb\u00e9 de dos a\u00f1os es rescatado tras estar caminando descalzo y abandonado en medio de gente que no conoc\u00eda.<\/h4>\n<div class=\"entry-subhead\">\n<div class=\"entry-meta\">\n<p class=\"has-text-align-justify\">En las m\u00e1s recientes horas un\u00a0<strong>beb\u00e9 de dos a\u00f1os es rescatado<\/strong>\u00a0luego de estar abandonado y caminando descalzo en medio de gente desconocida.<\/p>\n<p class=\"has-text-align-justify\">El peque\u00f1o\u00a0<strong>se encontraba llorando y preguntando por su mam\u00e1<\/strong>, hasta que oportunamente se tuvo la intervenci\u00f3n de la polic\u00eda municipal para salvaguardar al menor de edad.<\/p>\n<p class=\"has-text-align-justify\">Este hecho\u00a0<strong>ocurri\u00f3 en la ciudad de\u00a0Playa del Carmen<\/strong>\u00a0cerca de las 06:00 horas de Quintana Roo de este s\u00e1bado 20 de mayo el beb\u00e9 de dos a\u00f1os fue rescatado.<\/p>\n<aside class=\"scaip scaip-1    \">\n<div class=\"newspack_global_ad scaip-1 fixed-height\">\n<div id=\"div-gpt-ad-b56ebb2ed0-0\" data-google-query-id=\"CK2On861hP8CFZnKhwodZqkB_w\">\n<p class=\"has-text-align-justify\">El lugar exacto en el que el beb\u00e9 caminaba descalzo\u00a0<strong>se dio en el Fraccionamiento Villas del Sol<\/strong>.<\/p>\n<p class=\"has-text-align-justify\">Fue un ciudadano que esperaba transporte p\u00fablico que\u00a0<strong>se percat\u00f3 del menor<\/strong>\u00a0caminando solo.<\/p>\n<p class=\"has-text-align-justify\">La persona que se percat\u00f3 del\u00a0<strong>beb\u00e9 de dos a\u00f1os caminando solo\u00a0<\/strong>esper\u00f3 algunos minutos para ver si sus padres ven\u00edan por\u00a0 el menor, pero nadie se asom\u00f3 al sitio.<\/p>\n<h2 id=\"h-bebe-de-dos-anos-es-rescatado-en-playa-del-carmen\" class=\"wp-block-heading\">Beb\u00e9 de dos a\u00f1os es rescatado en Playa del Carmen<\/h2>\n<p class=\"has-text-align-justify\">Por tal motivo el sujeto hizo el llamado inmediato a las autoridades municipales,\u00a0<strong>quienes llegaron de manera r\u00e1pida<\/strong>\u00a0para hacerse cargo del caso.<\/p>\n<p class=\"has-text-align-justify\">El Grupo Especializado en Atenci\u00f3n a la Violencia Familiar y de G\u00e9nero (GEAVIG),\u00a0<strong>se hizo responsable del menor.<\/strong><\/p>\n<aside class=\"scaip scaip-3    \"><\/aside>\n<p class=\"has-text-align-justify\">Y realizaron los tr\u00e1mites correspondientes para ponerlo a disposici\u00f3n de la\u00a0<strong>Delegaci\u00f3n de la Procuradur\u00eda para la Protecci\u00f3n de\u00a0Ni\u00f1as, Ni\u00f1os, adolescentes y la Familia del\u00a0DIF\u00a0Solidaridad.<\/strong><\/p>\n<p class=\"has-text-align-justify\"><strong>Por ahora ning\u00fan familiar<\/strong>\u00a0se ha acercado a las autoridades en Playa del Carmen para reclamar al beb\u00e9.<\/p>\n<p class=\"has-text-align-justify\">Por lo que se especula que el beb\u00e9 de dos a\u00f1os rescatado\u00a0<strong>podr\u00eda haber sido abandonado<\/strong>\u00a0por sus padres en dicha zona.<\/p>\n<p class=\"has-text-align-justify\">Ser\u00e1n las investigaciones que\u00a0<strong>determinen la situaci\u00f3n del menor<\/strong>\u00a0y los motivos de este posible abandono.<\/p>\n<p class=\"has-text-align-justify\"><strong>La Polic\u00eda Municipal de\u00a0Solidaridad\u00a0agradeci\u00f3 la colaboraci\u00f3n<\/strong>\u00a0y la oportuna denuncia de la ciudadan\u00eda.<\/p>\n<p class=\"has-text-align-justify\">Todo debido a que el trabajo en equipo entre polic\u00eda y sociedad\u00a0<strong>brinda m\u00e1s resultados<\/strong>\u00a0a la ciudadan\u00eda.<\/p>\n<\/div>\n<\/div>\n<\/aside>\n<\/div>\n<\/div>\n","protected":false},"excerpt":{"rendered":"<p>Un beb\u00e9 de dos a\u00f1os es rescatado tras estar caminando descalzo y abandonado en medio&#8230;<\/p>\n","protected":false},"author":1,"featured_media":15566,"comment_status":"open","ping_status":"closed","sticky":false,"template":"","format":"standard","meta":{"footnotes":""},"categories":[2],"tags":[],"class_list":["post-15564","post","type-post","status-publish","format-standard","has-post-thumbnail","hentry","category-local"],"_links":{"self":[{"href":"https:\/\/xn--huracnpolmicocancnquintanaroo-knc6wmu.com\/index.php?rest_route=\/wp\/v2\/posts\/15564","targetHints":{"allow":["GET"]}}],"collection":[{"href":"https:\/\/xn--huracnpolmicocancnquintanaroo-knc6wmu.com\/index.php?rest_route=\/wp\/v2\/posts"}],"about":[{"href":"https:\/\/xn--huracnpolmicocancnquintanaroo-knc6wmu.com\/index.php?rest_route=\/wp\/v2\/types\/post"}],"author":[{"embeddable":true,"href":"https:\/\/xn--huracnpolmicocancnquintanaroo-knc6wmu.com\/index.php?rest_route=\/wp\/v2\/users\/1"}],"replies":[{"embeddable":true,"href":"https:\/\/xn--huracnpolmicocancnquintanaroo-knc6wmu.com\/index.php?rest_route=%2Fwp%2Fv2%2Fcomments&post=15564"}],"version-history":[{"count":1,"href":"https:\/\/xn--huracnpolmicocancnquintanaroo-knc6wmu.com\/index.php?rest_route=\/wp\/v2\/posts\/15564\/revisions"}],"predecessor-version":[{"id":15565,"href":"https:\/\/xn--huracnpolmicocancnquintanaroo-knc6wmu.com\/index.php?rest_route=\/wp\/v2\/posts\/15564\/revisions\/15565"}],"wp:featuredmedia":[{"embeddable":true,"href":"https:\/\/xn--huracnpolmicocancnquintanaroo-knc6wmu.com\/index.php?rest_route=\/wp\/v2\/media\/15566"}],"wp:attachment":[{"href":"https:\/\/xn--huracnpolmicocancnquintanaroo-knc6wmu.com\/index.php?rest_route=%2Fwp%2Fv2%2Fmedia&parent=15564"}],"wp:term":[{"taxonomy":"category","embeddable":true,"href":"https:\/\/xn--huracnpolmicocancnquintanaroo-knc6wmu.com\/index.php?rest_route=%2Fwp%2Fv2%2Fcategories&post=15564"},{"taxonomy":"post_tag","embeddable":true,"href":"https:\/\/xn--huracnpolmicocancnquintanaroo-knc6wmu.com\/index.php?rest_route=%2Fwp%2Fv2%2Ftags&post=15564"}],"curies":[{"name":"wp","href":"https:\/\/api.w.org\/{rel}","templated":true}]}}